{"id":6901,"date":"2021-04-14T06:58:10","date_gmt":"2021-04-14T11:58:10","guid":{"rendered":"http:\/\/losperiodistas.com.mx\/portal\/?p=6901"},"modified":"2021-04-14T06:58:11","modified_gmt":"2021-04-14T11:58:11","slug":"las-candidaturas-de-salgado-y-de-moron-se-caen-de-nuevo-en-el-ine-con-sus-consejeros-mas-divididos-sinembargo","status":"publish","type":"post","link":"https:\/\/losperiodistas.com.mx\/portal\/las-candidaturas-de-salgado-y-de-moron-se-caen-de-nuevo-en-el-ine-con-sus-consejeros-mas-divididos-sinembargo\/","title":{"rendered":"Las candidaturas de Salgado y de Mor\u00f3n se caen de nuevo en el INE, con sus consejeros m\u00e1s divididos | SinEmbargo"},"content":{"rendered":"\n<p style=\"font-size:18px\"><em>Antes de la votaci\u00f3n, F\u00e9lix Salgado Macedonio, pol\u00edtico mexicano acusado de abuso sexual y de violar la ley electoral, llam\u00f3 a una \u201cinsurgencia\u201d contra el Instituto Nacional Electoral (INE) si no le regresaba su candidatura a Gobernador de Guerrero.<\/em><\/p>\n\n\n\n<figure class=\"wp-block-image size-large\"><img fetchpriority=\"high\" decoding=\"async\" width=\"1024\" height=\"575\" src=\"https:\/\/losperiodistas.com.mx\/portal\/wp-content\/uploads\/2021\/04\/Captura-de-Pantalla-2021-04-14-a-las-6.52.48-1024x575.jpg\" alt=\"\" class=\"wp-image-6902\" srcset=\"https:\/\/losperiodistas.com.mx\/portal\/wp-content\/uploads\/2021\/04\/Captura-de-Pantalla-2021-04-14-a-las-6.52.48-1024x575.jpg 1024w, https:\/\/losperiodistas.com.mx\/portal\/wp-content\/uploads\/2021\/04\/Captura-de-Pantalla-2021-04-14-a-las-6.52.48-300x168.jpg 300w, https:\/\/losperiodistas.com.mx\/portal\/wp-content\/uploads\/2021\/04\/Captura-de-Pantalla-2021-04-14-a-las-6.52.48-768x431.jpg 768w, https:\/\/losperiodistas.com.mx\/portal\/wp-content\/uploads\/2021\/04\/Captura-de-Pantalla-2021-04-14-a-las-6.52.48-1536x862.jpg 1536w, https:\/\/losperiodistas.com.mx\/portal\/wp-content\/uploads\/2021\/04\/Captura-de-Pantalla-2021-04-14-a-las-6.52.48.jpg 1982w\" sizes=\"(max-width: 1024px) 100vw, 1024px\" \/><\/figure>\n\n\n\n<p class=\"has-vivid-cyan-blue-color has-text-color has-medium-font-size\">REDACCI\u00d3N SINEMBARGO<\/p>\n\n\n\n<p>Ciudad de M\u00e9xico, 13 de abril (EFE\/SinEmbargo).- Los consejeros del&nbsp;<strong>Instituto Nacional Electoral<\/strong>&nbsp;(INE) decidieron rechazar, una vez m\u00e1s, las aspiraciones de&nbsp;<strong>F\u00e9lix Salgado Macedonio<\/strong>&nbsp;a la Gubernatura de Guerrero.&nbsp;<strong>\u201cEl Toro\u201d<\/strong>&nbsp;no ser\u00e1 candidato, de acuerdo con el voto de la mayor\u00eda.<\/p>\n\n\n\n<p>Un Consejo General del Instituto Nacional Electoral (INE) m\u00e1s dividido decidi\u00f3 este martes con seis votos a favor y cinco en contra no reintegrar la candidatura a la gubernatura de Guerrero al morenista.<\/p>\n\n\n\n<p class=\"has-cyan-bluish-gray-background-color has-background\">Mario Delgado Carrillo, dirigente del Movimiento Regeneraci\u00f3n Nacional (Morena), y\u00a0F\u00e9lix Salgado Macedonio\u00a0anunciaron esta noche que acudir\u00e1n ante el\u00a0Tribunal Electoral del Poder Judicial de la Federaci\u00f3n\u00a0(TEPJF) para impugnar la decisi\u00f3n del\u00a0Instituto Nacional Electoral\u00a0(INE) de retirar la candidatura del guerrerense.<\/p>\n\n\n\n<p>Delgado Carrillo se\u00f1al\u00f3 que su partido seguir\u00e1 luchando para revertir esa decisi\u00f3n y que ir\u00e1n con sus abogados al Tribunal Electoral.\u00a0\u201cLa decisi\u00f3n de esta noche del INE es un atraco\u201d, dijo ante los seguidores de Salgado Macedonio y del propio aspirante guerrerense, quienes desde ayer se apostaron afuera de la sede del Instituto Nacional Electoral en la Ciudad de M\u00e9xico, y desde ese lugar dieron seguimiento a la sesi\u00f3n del Consejo General. <\/p>\n\n\n\n<figure class=\"wp-block-embed is-type-rich is-provider-twitter wp-block-embed-twitter\"><div class=\"wp-block-embed__wrapper\">\n<blockquote class=\"twitter-tweet\" data-width=\"500\" data-dnt=\"true\"><p lang=\"es\" dir=\"ltr\">Piensan que el pueblo de M\u00e9xico les puede creer su farsa, pero el pueblo de M\u00e9xico ya despert\u00f3 y no va a permitir ning\u00fan retroceso autoritario en la <a href=\"https:\/\/twitter.com\/hashtag\/CuartaTransformaci%C3%B3n?src=hash&amp;ref_src=twsrc%5Etfw\">#CuartaTransformaci\u00f3n<\/a>.<br><br>La lucha a penas comienza, son tiempos de unidad. <a href=\"https:\/\/t.co\/PCbpFehFUa\">pic.twitter.com\/PCbpFehFUa<\/a><\/p>&mdash; Mario Delgado (@mario_delgado) <a href=\"https:\/\/twitter.com\/mario_delgado\/status\/1382177946274652163?ref_src=twsrc%5Etfw\">April 14, 2021<\/a><\/blockquote><script async src=\"https:\/\/platform.twitter.com\/widgets.js\" charset=\"utf-8\"><\/script>\n<\/div><\/figure>\n\n\n\n<p>Salgado Macedonio tambi\u00e9n dijo que ser\u00e1 impugnada \u201cla arbitraria decisi\u00f3n\u201d de los consejeros. \u201cUn consejero dice que soy delincuente, deber\u00eda modular su boquita. Eso es violencia pol\u00edtica, yo no soy como ellos. Lorenzo C\u00f3rdova sabe d\u00f3nde vivo pero se enojan cuando quise saber d\u00f3nde vive \u00e9l\u201d, a\u00f1adi\u00f3.<\/p>\n\n\n\n<p>Los consejeros Dania Ravel, Lorenzo C\u00f3rdova, Ciro Murayama, Jaime Rivera, Carla Humphrey y Claudia Zavala votaron a favor del proyecto. Mientras que Adriana Favela, Norma Irene de la Cruz, Uuc-kib Espadas, Jos\u00e9 Roberto Ruiz y Martin Faz Mora lo hicieron en contra.<\/p>\n\n\n\n<p>El INE confirm\u00f3 tambi\u00e9n la p\u00e9rdida de la candidatura de Ra\u00fal Mor\u00f3n, representante de Morena en Michoac\u00e1n, por no haber presentado el informe de gastos de precampa\u00f1a.<\/p>\n\n\n\n<p class=\"has-cyan-bluish-gray-background-color has-background\">Mor\u00f3n se\u00f1al\u00f3 despu\u00e9s que el INE\u00a0\u201creincidi\u00f3 en su decisi\u00f3n excesiva, desproporcional e injusta, atentando contra mi derecho a ser votado y el derecho de las y los michoacanos a elegir libremente a sus gobernantes\u201d.<\/p>\n\n\n\n<p>\u201cLamento que el instituto se niegue a aceptar la raz\u00f3n que nos asiste; sin embargo, seguiremos luchando por el cambio que merecemos todas y todos\u201d, dijo. \u00c9l tambi\u00e9n ir\u00e1 ante el Tribunal Electoral para que cambie la decisi\u00f3n.<\/p>\n\n\n\n<p>Durante la sesi\u00f3n de esta noche del Consejo General del INE la discusi\u00f3n se concentr\u00f3 en el error del partido del Presidente Andr\u00e9s Manuel L\u00f3pez Obrador de no presentar los gastos de precampa\u00f1a del guerrerense, y lo que este fallo burocr\u00e1tico impacta en la transparencia que exigi\u00f3 el INE a los candidatos que aspiran a las 15 gubernaturas que est\u00e1n en juego rumbo a la jornada electoral del pr\u00f3ximo 6 de junio.<img decoding=\"async\" src=\"https:\/\/i0.wp.com\/sinembargo.mx\/wp-content\/uploads\/2021\/04\/captura-de-pantalla-2021-04-13-a-las-22-22-22.png\" alt=\"\" width=\"700\" height=\"1229\" srcset=\"https:\/\/i0.wp.com\/sinembargo.mx\/wp-content\/uploads\/2021\/04\/captura-de-pantalla-2021-04-13-a-las-22-22-22.png 700w, https:\/\/i0.wp.com\/sinembargo.mx\/wp-content\/uploads\/2021\/04\/captura-de-pantalla-2021-04-13-a-las-22-22-22-171x300.png 171w\"><\/p>\n\n\n\n<p>Salgado Macedonio. Foto: Cuartoscuro.<\/p>\n\n\n\n<p>Lorenzo C\u00f3rdova Vianello, consejero presidente del Instituto Nacional Electoral (INE), dijo este martes que, a pesar de los tonos \u201cencendidos\u201d con los que se ha discutido en los d\u00edas recientes, el tema del morenista F\u00e9lix Salgado Macedonio el Consejo General del INE es un tema \u201cjur\u00eddico y no pol\u00edtico\u201d.<img decoding=\"async\" src=\"https:\/\/i0.wp.com\/sinembargo.mx\/wp-content\/uploads\/2021\/04\/morena-1.jpg\" alt=\"\"><\/p>\n\n\n\n<h4 class=\"wp-block-heading\"><a href=\"https:\/\/www.sinembargo.mx\/11-04-2021\/3962289\">VER M\u00c1S<\/a><\/h4>\n\n\n\n<h5 class=\"wp-block-heading\"><a href=\"https:\/\/www.sinembargo.mx\/11-04-2021\/3962289\">El INE viol\u00f3 garant\u00eda de audiencia en casos de Salgado Macedonio y Mor\u00f3n, insiste titular del TEPJF<\/a><\/h5>\n\n\n\n<p>En su primera intervenci\u00f3n para discutir el proyecto, C\u00f3rdova Vianello expuso que el asunto tiene un prop\u00f3sito preciso: \u201cSe trata de establecer qu\u00e9 sanciones ameritan las faltas de esos precandidatos\u201d.<\/p>\n\n\n\n<p>\u201cLa Sala Superior del Tribunal ya le dio la raz\u00f3n al INE\u201d, agreg\u00f3. El funcionario expuso que ya no cabe discusi\u00f3n de si F\u00e9lix Salgado y Ra\u00fal Mor\u00f3n Orozco [el otro morenista al que se le retir\u00f3 hace unos d\u00edas la candidatura de Michoac\u00e1n] fueron precandidatos y s\u00ed hicieron precampa\u00f1a. \u201cEl INE est\u00e1 en contra de quien viole la Ley, sea quien sea\u201d, sostuvo y reiter\u00f3 que a los consejeros \u201cnadie los va a amedrentar\u201d.<\/p>\n\n\n\n<p>En su oportunidad, Sergio Guti\u00e9rrez Luna, representante de Morena ante el INE, dijo que el Tribunal Electoral dio la raz\u00f3n a F\u00e9lix Salgado en que la sanci\u00f3n no es acorde con la Constituci\u00f3n, y que se estima que la aplicaci\u00f3n en autom\u00e1tico de la m\u00e1xima sanci\u00f3n \u201cs\u00ed resulta desproporcionada\u201d.<\/p>\n\n\n\n<p>Guti\u00e9rrez Luna afirm\u00f3 que el cancelar la candidatura de Morena por haber gastados 19 mil pesos \u201ces vergonzoso y, presidente C\u00f3rdova, lo llevar\u00e1 usted a la historia; cargar\u00e1 usted en la historia con este hecho\u201d.<img decoding=\"async\" src=\"https:\/\/i0.wp.com\/sinembargo.mx\/wp-content\/uploads\/2021\/04\/cuartoscuro_809544_digital-1.jpeg\" alt=\"\" width=\"700\" height=\"465\" srcset=\"https:\/\/i0.wp.com\/sinembargo.mx\/wp-content\/uploads\/2021\/04\/cuartoscuro_809544_digital-1.jpeg 700w, https:\/\/i0.wp.com\/sinembargo.mx\/wp-content\/uploads\/2021\/04\/cuartoscuro_809544_digital-1-300x199.jpeg 300w\"><\/p>\n\n\n\n<p>F\u00e9lix Salgado Macedonio. Foto: Cuartoscuro.<\/p>\n\n\n\n<p>F\u00e9lix Salgado Macedonio, pol\u00edtico mexicano acusado de abuso sexual y de violar la ley electoral, llam\u00f3 a una \u201cinsurgencia\u201d contra el Instituto Nacional Electoral (INE) si no le devuelve su candidatura a Gobernador de Guerrero este martes y reiter\u00f3 que los se\u00f1alamientos en su contra son una \u201cguerra sucia\u201d y \u00e9l \u201crespeta\u201d a las mujeres.<img decoding=\"async\" src=\"https:\/\/i0.wp.com\/sinembargo.mx\/wp-content\/uploads\/2021\/04\/felix-salgado.jpg\" alt=\"\"><\/p>\n\n\n\n<h4 class=\"wp-block-heading\"><a href=\"https:\/\/www.sinembargo.mx\/11-04-2021\/3962090\">VER M\u00c1S<\/a><\/h4>\n\n\n\n<h5 class=\"wp-block-heading\"><a href=\"https:\/\/www.sinembargo.mx\/11-04-2021\/3962090\">\u201cSi no estamos en la boleta, no hay elecci\u00f3n en Guerrero\u201d, dice Salgado Macedonio. Arriba a la CdMx<\/a><\/h5>\n\n\n\n<p>En entrevista con Efe, el aliado del Presidente Andr\u00e9s Manuel L\u00f3pez Obrador y senador con licencia convoc\u00f3 a disolver el INE si los consejeros no le regresan el registro en la sesi\u00f3n extraordinaria programada para este martes que orden\u00f3 el Tribunal Electoral del Poder Judicial de la Federaci\u00f3n (TEPJF).<\/p>\n\n\n\n<p>\u201cSi ellos me la aplican, yo lo aplico, lo aplicamos el pueblo de Guerrero, no es apolog\u00eda de la violencia, no estoy llamando a la violencia, estoy llamando a una insurgencia ciudadana, c\u00edvica y pac\u00edfica\u201d, manifest\u00f3 desde su plant\u00f3n frente al INE, en el sur de Ciudad de M\u00e9xico.<\/p>\n\n\n\n<p>La candidatura de Salgado Macedonio, cercano de L\u00f3pez Obrador, causa pol\u00e9mica desde su anuncio en diciembre porque acumula cinco acusaciones de violaci\u00f3n y abuso sexual, seg\u00fan pol\u00edticas de su propio partido, el Movimiento Regeneraci\u00f3n Nacional (Morena, izquierda), incluyendo una menor de edad en 1998.<\/p>\n\n\n\n<p>Siete de los 11 consejeros del INE votaron el 25 de marzo por cancelar su registro como candidato a gobernador de Guerrero, pero lo hicieron porque \u201cno entreg\u00f3 el informe de gastos de precampa\u00f1a\u201d que establece la ley electoral mexicana para los procesos internos de los partidos.<\/p>\n\n\n\n<p>\u201cEs parte de la guerra sucia que me han enderezado, que me han orquestado desde un principio, pero no les result\u00f3, no les sali\u00f3, yo respeto a las mujeres, imag\u00ednese usted, tengo siete hijas\u201d, insisti\u00f3 Salgado Macedonio sobre las acusaciones en su contra.<img loading=\"lazy\" decoding=\"async\" src=\"https:\/\/i0.wp.com\/sinembargo.mx\/wp-content\/uploads\/2021\/04\/cuartoscuro_809619_digital.jpeg\" alt=\"\" width=\"700\" height=\"465\" srcset=\"https:\/\/i0.wp.com\/sinembargo.mx\/wp-content\/uploads\/2021\/04\/cuartoscuro_809619_digital.jpeg 700w, https:\/\/i0.wp.com\/sinembargo.mx\/wp-content\/uploads\/2021\/04\/cuartoscuro_809619_digital-300x199.jpeg 300w\"><\/p>\n\n\n\n<p>Salgado Macedonio. Foto: Cuartoscuro.<\/p>\n\n\n\n<p><strong>NIEGA AMENAZAS<\/strong><\/p>\n\n\n\n<p>Salgado Macedonio y militantes de Morena mantienen un plant\u00f3n para presionar al INE.<\/p>\n\n\n\n<p>Los pol\u00edticos oficialistas, incluyendo el presidente de Morena, Mario Delgado, colocaron ata\u00fades de cart\u00f3n frente al organismo con el nombre de Lorenzo C\u00f3rdova, el presidente del INE.<\/p>\n\n\n\n<p>\u201cLos del INE, que cobran jugosos salarios, se tienen que ir. El INE tiene que morir y darle vida a una nueva instituci\u00f3n, confiable, que le d\u00e9 certeza a los ciudadanos de que sus elecciones van a ser limpias, y que va a ser un \u00e1rbitro, no un jugador\u201d, coment\u00f3 Salgado Macedonio.<\/p>\n\n\n\n<p>La pol\u00e9mica se agudiz\u00f3 el lunes porque el senador con licencia amag\u00f3 con ir a \u201cbuscar\u201d a los consejeros y revelar el domicilio del presidente del organismo electoral aut\u00f3nomo.<\/p>\n\n\n\n<p>\u201cNinguna amenaza, ninguna intimidaci\u00f3n, simplemente que todos los funcionarios est\u00e1n en la caja de cristal, tenemos que ser observados, saber d\u00f3nde vivimos, c\u00f3mo vivimos\u201d, asever\u00f3 Salgado Macedonio en la entrevista.<\/p>\n\n\n\n<p>El pol\u00edtico, residente de Acapulco, hab\u00eda amagado con impedir las elecciones en Guerrero si \u00e9l no aparec\u00eda en la boleta, pero ahora dijo que \u201cno cree que sea necesario\u201d al confiar en que el fallo ser\u00e1 a su favor.<\/p>\n\n\n\n<p>De lo contrario, \u201clos volvemos a impugnar, nadie nos saca de este movimiento pac\u00edfico, nosotros no amenazamos a nadie, no venimos a lastimar a nadie, no bloqueamos, no rayamos, no quebramos un vidrio\u201d, asegur\u00f3.<img loading=\"lazy\" decoding=\"async\" src=\"https:\/\/i0.wp.com\/sinembargo.mx\/wp-content\/uploads\/2021\/04\/cuartoscuro_809547_digital.jpeg\" alt=\"\" width=\"700\" height=\"465\" srcset=\"https:\/\/i0.wp.com\/sinembargo.mx\/wp-content\/uploads\/2021\/04\/cuartoscuro_809547_digital.jpeg 700w, https:\/\/i0.wp.com\/sinembargo.mx\/wp-content\/uploads\/2021\/04\/cuartoscuro_809547_digital-300x199.jpeg 300w\"><\/p>\n\n\n\n<p>Salgado Macedonio. Foto: Cuartoscuro.<\/p>\n\n\n\n<p><strong>NO CONF\u00cdO EN EL INE: AMLO<\/strong><\/p>\n\n\n\n<p>La ma\u00f1ana del viernes, el Presidente Andr\u00e9s Manuel L\u00f3pez Obrador dijo que desconf\u00eda del INE porque en el pasado respald\u00f3 fraudes electorales y aclar\u00f3 que no est\u00e1 en contra del consejero presidente del \u00f3rgano electoral, Lorenzo C\u00f3rdova Vianello.<img decoding=\"async\" src=\"https:\/\/i0.wp.com\/sinembargo.mx\/wp-content\/uploads\/2021\/04\/amlo-lorenzo-cordova.jpeg\" alt=\"\"><\/p>\n\n\n\n<h4 class=\"wp-block-heading\"><a href=\"https:\/\/www.sinembargo.mx\/13-04-2021\/3962802\">VER M\u00c1S<\/a><\/h4>\n\n\n\n<h5 class=\"wp-block-heading\"><a href=\"https:\/\/www.sinembargo.mx\/13-04-2021\/3962802\">No estoy en contra de Lorenzo C\u00f3rdova: AMLO; no conf\u00edo en el INE porque aval\u00f3 fraudes, dice<\/a><\/h5>\n\n\n\n<p>\u201cYo no le tengo confianza [al INE], yo le tengo confianza del pueblo. Lo que pas\u00f3 en [las elecciones de] 2018 fue por confianza al pueblo, que la gente sali\u00f3 a votar y a cuidar el voto, pero yo he padecido de los de arriba, los padec\u00ed mucho\u201d, dijo el Presidente en su conferencia ma\u00f1anera en Palacio Nacional.<\/p>\n\n\n\n<p>C\u00f3rdova Vianello ha acusado en varias ocasiones un asedio en contra del INE, desde que inici\u00f3 el sexenio de L\u00f3pez Obrador y en los \u00faltimos meses, en medio del proceso electoral, ha acentuado esa narrativa ante los comentarios que el Presidente y el Partido Movimiento Regeneraci\u00f3n Nacional han lanzado ante el retiro de candidaturas que hizo al partido, entre ellas las los aspirantes a Gobernador de Guerrero, F\u00e9lix Salgado Macedonio, y de Michoac\u00e1n, Ra\u00fal Mor\u00f3n Orozco.<\/p>\n\n\n\n<p>\u201cHay que aclarar que al presidente del INE (\u2026.) y creo que uno o dos consejeros m\u00e1s, ya se les vence su periodo, no s\u00e9 si este o el a\u00f1o pr\u00f3ximo, entonces para que no se piense que se est\u00e1 en contra del (consejero) presidente, ya \u00e9l va a terminar, est\u00e1 por concluir su periodo, esto tenerlo en cuenta\u201d, se\u00f1al\u00f3 esta ma\u00f1ana el mandatario al referirse al retiro de la candidatura de Salgado Macedonio, a quien el \u00f3rgano electoral acusa de no haber presentado su informe de gastos de precampa\u00f1a.<\/p>\n\n\n\n<p>L\u00f3pez Obrador pidi\u00f3, adem\u00e1s, defender las candidaturas \u201cde manera pac\u00edfica\u201d despu\u00e9s de que Salgado Macedonio amenazara a los consejeros del organismo.<\/p>\n\n\n\n<p>\u201cHay que luchar en contra del fraude de manera pac\u00edfica, esa es la recomendaci\u00f3n. No a la violencia\u201d, expres\u00f3 el Jefe del Ejecutivo federal.<\/p>\n\n\n\n<p><em>-Con informaci\u00f3n de Pedro Pablo Cort\u00e9s, de la agencia EFE.<\/em><\/p>\n\n\n\n<p>Fuente: https:\/\/www.sinembargo.mx\/13-04-2021\/3963047<\/p>\n","protected":false},"excerpt":{"rendered":"<p>Antes de la votaci\u00f3n, F\u00e9lix Salgado Macedonio, pol\u00edtico mexicano acusado de abuso sexual y de violar la ley electoral, llam\u00f3 [&hellip;]<\/p>\n","protected":false},"author":1,"featured_media":6902,"comment_status":"open","ping_status":"open","sticky":false,"template":"","format":"standard","meta":{"site-sidebar-layout":"default","site-content-layout":"","ast-site-content-layout":"default","site-content-style":"default","site-sidebar-style":"default","ast-global-header-display":"","ast-banner-title-visibility":"","ast-main-header-display":"","ast-hfb-above-header-display":"","ast-hfb-below-header-display":"","ast-hfb-mobile-header-display":"","site-post-title":"","ast-breadcrumbs-content":"","ast-featured-img":"","footer-sml-layout":"","theme-transparent-header-meta":"","adv-header-id-meta":"","stick-header-meta":"","header-above-stick-meta":"","header-main-stick-meta":"","header-below-stick-meta":"","astra-migrate-meta-layouts":"default","ast-page-background-enabled":"default","ast-page-background-meta":{"desktop":{"background-color":"var(--ast-global-color-4)","background-image":"","background-repeat":"repeat","background-position":"center center","background-size":"auto","background-attachment":"scroll","background-type":"","background-media":"","overlay-type":"","overlay-color":"","overlay-opacity":"","overlay-gradient":""},"tablet":{"background-color":"","background-image":"","background-repeat":"repeat","background-position":"center center","background-size":"auto","background-attachment":"scroll","background-type":"","background-media":"","overlay-type":"","overlay-color":"","overlay-opacity":"","overlay-gradient":""},"mobile":{"background-color":"","background-image":"","background-repeat":"repeat","background-position":"center center","background-size":"auto","background-attachment":"scroll","background-type":"","background-media":"","overlay-type":"","overlay-color":"","overlay-opacity":"","overlay-gradient":""}},"ast-content-background-meta":{"desktop":{"background-color":"var(--ast-global-color-5)","background-image":"","background-repeat":"repeat","background-position":"center center","background-size":"auto","background-attachment":"scroll","background-type":"","background-media":"","overlay-type":"","overlay-color":"","overlay-opacity":"","overlay-gradient":""},"tablet":{"background-color":"var(--ast-global-color-5)","background-image":"","background-repeat":"repeat","background-position":"center center","background-size":"auto","background-attachment":"scroll","background-type":"","background-media":"","overlay-type":"","overlay-color":"","overlay-opacity":"","overlay-gradient":""},"mobile":{"background-color":"var(--ast-global-color-5)","background-image":"","background-repeat":"repeat","background-position":"center center","background-size":"auto","background-attachment":"scroll","background-type":"","background-media":"","overlay-type":"","overlay-color":"","overlay-opacity":"","overlay-gradient":""}},"footnotes":""},"categories":[8],"tags":[197,1025,1024,1023],"class_list":["post-6901","post","type-post","status-publish","format-standard","has-post-thumbnail","hentry","category-noticias","tag-felix-salgado-macedonio","tag-ine-elecciones-guerrero-2021","tag-morena-elecciones-guerrero-2021","tag-moron"],"_links":{"self":[{"href":"https:\/\/losperiodistas.com.mx\/portal\/wp-json\/wp\/v2\/posts\/6901","targetHints":{"allow":["GET"]}}],"collection":[{"href":"https:\/\/losperiodistas.com.mx\/portal\/wp-json\/wp\/v2\/posts"}],"about":[{"href":"https:\/\/losperiodistas.com.mx\/portal\/wp-json\/wp\/v2\/types\/post"}],"author":[{"embeddable":true,"href":"https:\/\/losperiodistas.com.mx\/portal\/wp-json\/wp\/v2\/users\/1"}],"replies":[{"embeddable":true,"href":"https:\/\/losperiodistas.com.mx\/portal\/wp-json\/wp\/v2\/comments?post=6901"}],"version-history":[{"count":1,"href":"https:\/\/losperiodistas.com.mx\/portal\/wp-json\/wp\/v2\/posts\/6901\/revisions"}],"predecessor-version":[{"id":6903,"href":"https:\/\/losperiodistas.com.mx\/portal\/wp-json\/wp\/v2\/posts\/6901\/revisions\/6903"}],"wp:featuredmedia":[{"embeddable":true,"href":"https:\/\/losperiodistas.com.mx\/portal\/wp-json\/wp\/v2\/media\/6902"}],"wp:attachment":[{"href":"https:\/\/losperiodistas.com.mx\/portal\/wp-json\/wp\/v2\/media?parent=6901"}],"wp:term":[{"taxonomy":"category","embeddable":true,"href":"https:\/\/losperiodistas.com.mx\/portal\/wp-json\/wp\/v2\/categories?post=6901"},{"taxonomy":"post_tag","embeddable":true,"href":"https:\/\/losperiodistas.com.mx\/portal\/wp-json\/wp\/v2\/tags?post=6901"}],"curies":[{"name":"wp","href":"https:\/\/api.w.org\/{rel}","templated":true}]}}