{"id":69,"date":"2017-05-03T15:31:13","date_gmt":"2017-05-03T20:31:13","guid":{"rendered":"http:\/\/losperiodistas.com.mx\/portal\/?p=69"},"modified":"2017-05-03T15:31:13","modified_gmt":"2017-05-03T20:31:13","slug":"complicaciones-del-pri","status":"publish","type":"post","link":"https:\/\/losperiodistas.com.mx\/portal\/complicaciones-del-pri\/","title":{"rendered":"Complicaciones del PRI"},"content":{"rendered":"<p><iframe title=\"Complicaciones del PRI\" width=\"500\" height=\"281\" src=\"https:\/\/www.youtube.com\/embed\/1iprMzo83H0?feature=oembed\" frameborder=\"0\" allow=\"accelerometer; autoplay; clipboard-write; encrypted-media; gyroscope; picture-in-picture; web-share\" referrerpolicy=\"strict-origin-when-cross-origin\" allowfullscreen><\/iframe><\/p>\n<p>Por Jes\u00fas Manuel Hern\u00e1ndez<\/p>\n<p>La falta de liderazgo pri\u00edsta en el Estado de M\u00e9xico pudiera ser la mala semilla en la tierra de cultivo de 2018; la imposici\u00f3n pactada hace seis a\u00f1os entre Enrique Pe\u00f1a Nieto y Eruviel \u00c1vila a favor de Alfredo del Mazo est\u00e1 pasando por sus peores momentos.<\/p>\n<p>En aqu\u00e9l entonces estaba de por medio la candidatura de Pe\u00f1a a la presidencia del pa\u00eds; Eruviel ajeno a Pe\u00f1a, amenaz\u00f3 con pasarse al PRD si no le dejaban el paso libre al Estado de M\u00e9xico donde el grupo Atlacomulco quer\u00eda a Alfredo del Mazo. Se pact\u00f3 entonces que despu\u00e9s de Eruviel ser\u00eda Alfredo, el primo de Enrique, quien enarbolara la bandera tricolor.<\/p>\n<p>Y as\u00ed se ha cumplido, para ello ha sido necesario fortalecer las m\u00e1s profundas alianzas entre pol\u00edticos y empresarios, muchos ligados a la industria de la construcci\u00f3n, que traspasan fronteras, como el caso de OHL, donde Javier L\u00f3pez Madrid yerno de Villar Mir, el accionista mayoritario, fue uno de los enlaces con las inversiones del grupo en M\u00e9xico.<\/p>\n<p>Las noticias de su detenci\u00f3n abren otro escenario m\u00e1s a buscar entre las relaciones de OHL M\u00e9xico con el grupo de pol\u00edticos que busca permanecer en el poder, amparados por la complicidad auspiciada por el PRI.<\/p>\n<p>La aparici\u00f3n de otras informaciones en un futuro pr\u00f3ximo podr\u00eda dejar en el tercer lugar al partido del presidente y con ello ver caer la piedra m\u00e1s grande sobre la continuidad en el poder para el 2018.<\/p>\n<p>Dos o tres d\u00edas antes de la sospechosa detenci\u00f3n de Javier Duarte, en el cuarto de guerra de uno los candidatos se supo de una encuesta que alarm\u00f3: Alfredo del Mazo era aceptado por el 22.75 de votantes en una claro descenso de preferencia; con el 22.27 aparece Josefina V\u00e1zquez Mota, tambi\u00e9n cayendo; con el 21.33 Delfina G\u00f3mez, tambi\u00e9n a la baja; Isidro Pastor, candidato independiente con 6.64, y Juan Zepeda con el 8.06, ambos con tendencia a la alza; el 18 por ciento no hab\u00eda definido preferencia.<\/p>\n<p>Para el grupo en el poder fue una mala noticia, ni PRI ni PAN tienen la capacidad de retener la gubernatura, la oposici\u00f3n crece y el efecto sobre MORENA le beneficia, seg\u00fan los analistas.<\/p>\n<p>La captura de Duarte tiene un mensaje muy claro que busca ante todo recuperar la credibilidad de Pe\u00f1a Nieto y su partido, y que eso se derrame en el Estado de M\u00e9xico, sea para Alfredo del Mazo o de Josefina V\u00e1zquez Mota, pero debe impedir que Delfina G\u00f3mez sea una opci\u00f3n.<\/p>\n<p>En Espa\u00f1a las investigaciones sobre los sobornos de OHL van aumentando y revelando informaciones importantes sobre el dinero llamado \u201csucio\u201d, y cuyo origen est\u00e1, dicen, ligado a tierras mexicanas.<\/p>\n<p>\u00bfD\u00f3nde ha estado presente la inversi\u00f3n y los contratos de OHL en M\u00e9xico?, evidentemente en el Estado de M\u00e9xico y sus alrededores, entre otros en el Estado de Puebla desde los tiempos en que Rafael Moreno Valle era el Secretario de Finanzas y cuando el grupo espa\u00f1ol, a trav\u00e9s de un socio mexicano denominado Plus Arrendamiento y Jajomar de Jacobo Mart\u00ednez, familiar de Bernardo G\u00f3mez Mart\u00ednez, vicepresidente de Televisa, se hicieron de los predios del Fideicomiso del Paseo de San Francisco.<\/p>\n<p>El sexenio pasado las inversiones de OHL, ya sin la sociedad con los Mart\u00ednez aumentaron en temas de concesi\u00f3n de carreteras.<\/p>\n<p>La cloaca que podr\u00eda destaparse en los siguientes d\u00edas pudiera, sin querer queriendo, no s\u00f3lo afectar las elecciones del Estado de M\u00e9xico, sino manchar los apellidos de algunos pol\u00edticos poblanos.<\/p>\n<p>O por lo menos, as\u00ed me lo parece.<\/p>\n<p>losperiodistas.com.mx@gmail.com<\/p>\n","protected":false},"excerpt":{"rendered":"<p>Por Jes\u00fas Manuel Hern\u00e1ndez La falta de liderazgo pri\u00edsta en el Estado de M\u00e9xico pudiera ser la mala semilla en [&hellip;]<\/p>\n","protected":false},"author":2,"featured_media":70,"comment_status":"open","ping_status":"open","sticky":false,"template":"","format":"video","meta":{"site-sidebar-layout":"default","site-content-layout":"","ast-site-content-layout":"default","site-content-style":"default","site-sidebar-style":"default","ast-global-header-display":"","ast-banner-title-visibility":"","ast-main-header-display":"","ast-hfb-above-header-display":"","ast-hfb-below-header-display":"","ast-hfb-mobile-header-display":"","site-post-title":"","ast-breadcrumbs-content":"","ast-featured-img":"","footer-sml-layout":"","theme-transparent-header-meta":"","adv-header-id-meta":"","stick-header-meta":"","header-above-stick-meta":"","header-main-stick-meta":"","header-below-stick-meta":"","astra-migrate-meta-layouts":"default","ast-page-background-enabled":"default","ast-page-background-meta":{"desktop":{"background-color":"var(--ast-global-color-4)","background-image":"","background-repeat":"repeat","background-position":"center center","background-size":"auto","background-attachment":"scroll","background-type":"","background-media":"","overlay-type":"","overlay-color":"","overlay-opacity":"","overlay-gradient":""},"tablet":{"background-color":"","background-image":"","background-repeat":"repeat","background-position":"center center","background-size":"auto","background-attachment":"scroll","background-type":"","background-media":"","overlay-type":"","overlay-color":"","overlay-opacity":"","overlay-gradient":""},"mobile":{"background-color":"","background-image":"","background-repeat":"repeat","background-position":"center center","background-size":"auto","background-attachment":"scroll","background-type":"","background-media":"","overlay-type":"","overlay-color":"","overlay-opacity":"","overlay-gradient":""}},"ast-content-background-meta":{"desktop":{"background-color":"var(--ast-global-color-5)","background-image":"","background-repeat":"repeat","background-position":"center center","background-size":"auto","background-attachment":"scroll","background-type":"","background-media":"","overlay-type":"","overlay-color":"","overlay-opacity":"","overlay-gradient":""},"tablet":{"background-color":"var(--ast-global-color-5)","background-image":"","background-repeat":"repeat","background-position":"center center","background-size":"auto","background-attachment":"scroll","background-type":"","background-media":"","overlay-type":"","overlay-color":"","overlay-opacity":"","overlay-gradient":""},"mobile":{"background-color":"var(--ast-global-color-5)","background-image":"","background-repeat":"repeat","background-position":"center center","background-size":"auto","background-attachment":"scroll","background-type":"","background-media":"","overlay-type":"","overlay-color":"","overlay-opacity":"","overlay-gradient":""}},"footnotes":""},"categories":[5],"tags":[],"class_list":["post-69","post","type-post","status-publish","format-video","has-post-thumbnail","hentry","category-por-soleares","post_format-post-format-video"],"_links":{"self":[{"href":"https:\/\/losperiodistas.com.mx\/portal\/wp-json\/wp\/v2\/posts\/69","targetHints":{"allow":["GET"]}}],"collection":[{"href":"https:\/\/losperiodistas.com.mx\/portal\/wp-json\/wp\/v2\/posts"}],"about":[{"href":"https:\/\/losperiodistas.com.mx\/portal\/wp-json\/wp\/v2\/types\/post"}],"author":[{"embeddable":true,"href":"https:\/\/losperiodistas.com.mx\/portal\/wp-json\/wp\/v2\/users\/2"}],"replies":[{"embeddable":true,"href":"https:\/\/losperiodistas.com.mx\/portal\/wp-json\/wp\/v2\/comments?post=69"}],"version-history":[{"count":1,"href":"https:\/\/losperiodistas.com.mx\/portal\/wp-json\/wp\/v2\/posts\/69\/revisions"}],"predecessor-version":[{"id":71,"href":"https:\/\/losperiodistas.com.mx\/portal\/wp-json\/wp\/v2\/posts\/69\/revisions\/71"}],"wp:featuredmedia":[{"embeddable":true,"href":"https:\/\/losperiodistas.com.mx\/portal\/wp-json\/wp\/v2\/media\/70"}],"wp:attachment":[{"href":"https:\/\/losperiodistas.com.mx\/portal\/wp-json\/wp\/v2\/media?parent=69"}],"wp:term":[{"taxonomy":"category","embeddable":true,"href":"https:\/\/losperiodistas.com.mx\/portal\/wp-json\/wp\/v2\/categories?post=69"},{"taxonomy":"post_tag","embeddable":true,"href":"https:\/\/losperiodistas.com.mx\/portal\/wp-json\/wp\/v2\/tags?post=69"}],"curies":[{"name":"wp","href":"https:\/\/api.w.org\/{rel}","templated":true}]}}