{"id":68986,"date":"2024-02-21T15:20:13","date_gmt":"2024-02-21T21:20:13","guid":{"rendered":"https:\/\/losperiodistas.com.mx\/portal\/?p=68986"},"modified":"2024-02-21T15:20:15","modified_gmt":"2024-02-21T21:20:15","slug":"opinion-mi-renacimiento-una-lectura-obligada","status":"publish","type":"post","link":"https:\/\/losperiodistas.com.mx\/portal\/opinion-mi-renacimiento-una-lectura-obligada\/","title":{"rendered":"Opini\u00f3n | \u201cMi renacimiento\u201d, una lectura obligada"},"content":{"rendered":"\n<p><\/p>\n\n\n\n<p class=\"has-vivid-red-color has-text-color\" style=\"font-size:26px\"><strong><em>Por Fernando Manzanilla Prieto<\/em><\/strong><\/p>\n\n\n\n<p>Hace unos d\u00edas tuve el honor de acompa\u00f1ar a mi amigo C\u00e9sar Daniel Gonz\u00e1lez Madruga en la presentaci\u00f3n de su nuevo libro titulado \u201cMi renacimiento\u201d, un texto en el que adem\u00e1s de narrar la experiencia por la que transit\u00f3 despu\u00e9s de un hecho inesperado en su vida, como fue una ca\u00edda que pudo resultar mortal, comparte una profunda reflexi\u00f3n sobre lecciones fundamentales de la vida.<\/p>\n\n\n\n<p>C\u00e9sar para m\u00ed m\u00e1s all\u00e1 de ser un amigo es una persona a la que admiro en gran medida por la valent\u00eda que tiene de ir contracorriente de un mundo en caos y de estar en la b\u00fasqueda permanente del bien, aunado a lo cual tiene la bondad de compartir mucha luz y de impulsar una revoluci\u00f3n de las consciencias, a trav\u00e9s del movimiento del Renacimiento Mexicano, del cual tambi\u00e9n formo parte.<\/p>\n\n\n\n<p>Tuve la \u201cprimicia\u201d de leer esta obra tras lo cual vino a mi mente una frase que refleja mucho de lo que se puede encontrar entrel\u00edneas en este texto que, sin duda, es una lectura muy recomendable: \u201cEn los momentos de mayor adversidad es cuando florece nuestra fuerza interior, ya que lo que no nos mata nos hace m\u00e1s fuertes\u201d.<\/p>\n\n\n\n<p>Y es que C\u00e9sar lo detalla muy bien en esas p\u00e1ginas, cuyo relato parte de manera inicial con una tragedia: una ca\u00edda en su vida de manera literal -nada menos que de 7 metros de altura-, lo cual ocurri\u00f3 en uno de los momentos m\u00e1s \u00e1lgidos que nos ha tocado vivir como humanidad en los \u00faltimos tiempos como fue la pandemia por COVID-19.<\/p>\n\n\n\n<p>Sin embargo, en los momentos m\u00e1s oscuros es cuando tenemos la posibilidad de descubrir nuestra verdadera fortaleza; por ello este suceso m\u00e1s all\u00e1 de ser una encrucijada, se convirti\u00f3 en un renacer integral: f\u00edsico, emocional, mental y espiritual.<\/p>\n\n\n\n<p>Es por ello que la experiencia que C\u00e9sar relata en estas p\u00e1ginas es tan valiosa: llena de sinceridad, apertura, pero sobre todo, de esa sabidur\u00eda tan profunda que lo caracteriza y que comparte con humildad para que todas y todos podamos reflexionar sobre las ineludibles vicisitudes de la vida, que as\u00ed como a \u00e9l le sucedi\u00f3, llegan en los momentos m\u00e1s inesperados.<\/p>\n\n\n\n<p>Su relato nos ense\u00f1a como desde la perspectiva f\u00edsica una ca\u00edda puede representar el momento en que nuestros cuerpos se ven afectados por la adversidad. Puede ser una enfermedad, una lesi\u00f3n o simplemente el desgaste acumulado de la vida diaria. Pero a medida que nos recuperamos, podemos encontrar una nueva apreciaci\u00f3n por la fortaleza de nuestro cuerpo y la importancia de cuidarlo. Podemos damos cuenta de que somos m\u00e1s resistentes de lo que cre\u00edamos, y aprovechamos esta oportunidad para nutrirnos y fortalecernos f\u00edsicamente, adoptando h\u00e1bitos m\u00e1s saludables y escuchando las necesidades de nuestro cuerpo de manera m\u00e1s atenta.<\/p>\n\n\n\n<p>Emocionalmente, una ca\u00edda puede sumergirnos en un profundo abismo de dolor, tristeza y desesperaci\u00f3n. Nos enfrenta a nuestras emociones m\u00e1s crudas y vulnerables, y nos vemos obligados a confrontar nuestras heridas m\u00e1s profundas. Pero en ese proceso de confrontaci\u00f3n y aceptaci\u00f3n, podemos encontrarnos una renovada claridad emocional. Podemos aprender a ser compasivos con nosotros mismos, a permitirnos sentir y a liberarnos del peso del pasado.<\/p>\n\n\n\n<p>Mentalmente, una ca\u00edda puede desafiar nuestras creencias y percepciones sobre el mundo y nosotros mismos. Nos enfrenta a la incertidumbre y la confusi\u00f3n, y nos obliga a replantear nuestras prioridades y metas en la vida. Podemos descubrir una nueva fortaleza en nuestra capacidad para ser flexibles y resilientes en la cara de la adversidad, y nos convertimos en seres m\u00e1s sabios y equilibrados en mente.<\/p>\n\n\n\n<p>Espiritualmente, una ca\u00edda puede sacudir nuestra fe y poner a prueba nuestra conexi\u00f3n con lo divino. Nos enfrenta a preguntas dif\u00edciles sobre el prop\u00f3sito y el significado de la vida, y nos obliga a buscar respuestas dentro de nosotros mismos y en el mundo que nos rodea. Descubrimos una nueva fortaleza en nuestra capacidad para encontrar esperanza y consuelo en momentos de oscuridad y nos convertimos en seres m\u00e1s conscientes y en paz con nosotros mismos y con el universo.<\/p>\n\n\n\n<p>Esas son algunas de las lecciones que retomo de esta lectura, la cual considero es una referencia obligada, ya que todas y todos -en sentido literal o figurado-, hemos ca\u00eddo o caeremos en alg\u00fan momento de la vida; sin embargo, esos claroscuros se pueden convertir en una experiencia profundamente transformadora como lo fue para C\u00e9sar.<\/p>\n\n\n\n<p>Es por ello que hago votos para que pronto esta obra est\u00e9 disponible en los anaqueles de muchas librer\u00edas f\u00edsicas o electr\u00f3nicas del pa\u00eds y para que muchas m\u00e1s personas la puedan leer y as\u00ed, a trav\u00e9s del testimonio de mi buen amigo \u201cEl Siervo\u201d, puedan descubrir la belleza y el poder de la vida misma.<\/p>\n","protected":false},"excerpt":{"rendered":"<p>Por Fernando Manzanilla Prieto Hace unos d\u00edas tuve el honor de acompa\u00f1ar a mi amigo C\u00e9sar Daniel Gonz\u00e1lez Madruga en [&hellip;]<\/p>\n","protected":false},"author":1,"featured_media":68987,"comment_status":"open","ping_status":"open","sticky":false,"template":"","format":"standard","meta":{"site-sidebar-layout":"default","site-content-layout":"","ast-site-content-layout":"default","site-content-style":"default","site-sidebar-style":"default","ast-global-header-display":"","ast-banner-title-visibility":"","ast-main-header-display":"","ast-hfb-above-header-display":"","ast-hfb-below-header-display":"","ast-hfb-mobile-header-display":"","site-post-title":"","ast-breadcrumbs-content":"","ast-featured-img":"","footer-sml-layout":"","theme-transparent-header-meta":"","adv-header-id-meta":"","stick-header-meta":"","header-above-stick-meta":"","header-main-stick-meta":"","header-below-stick-meta":"","astra-migrate-meta-layouts":"default","ast-page-background-enabled":"default","ast-page-background-meta":{"desktop":{"background-color":"var(--ast-global-color-4)","background-image":"","background-repeat":"repeat","background-position":"center center","background-size":"auto","background-attachment":"scroll","background-type":"","background-media":"","overlay-type":"","overlay-color":"","overlay-opacity":"","overlay-gradient":""},"tablet":{"background-color":"","background-image":"","background-repeat":"repeat","background-position":"center center","background-size":"auto","background-attachment":"scroll","background-type":"","background-media":"","overlay-type":"","overlay-color":"","overlay-opacity":"","overlay-gradient":""},"mobile":{"background-color":"","background-image":"","background-repeat":"repeat","background-position":"center center","background-size":"auto","background-attachment":"scroll","background-type":"","background-media":"","overlay-type":"","overlay-color":"","overlay-opacity":"","overlay-gradient":""}},"ast-content-background-meta":{"desktop":{"background-color":"var(--ast-global-color-5)","background-image":"","background-repeat":"repeat","background-position":"center center","background-size":"auto","background-attachment":"scroll","background-type":"","background-media":"","overlay-type":"","overlay-color":"","overlay-opacity":"","overlay-gradient":""},"tablet":{"background-color":"var(--ast-global-color-5)","background-image":"","background-repeat":"repeat","background-position":"center center","background-size":"auto","background-attachment":"scroll","background-type":"","background-media":"","overlay-type":"","overlay-color":"","overlay-opacity":"","overlay-gradient":""},"mobile":{"background-color":"var(--ast-global-color-5)","background-image":"","background-repeat":"repeat","background-position":"center center","background-size":"auto","background-attachment":"scroll","background-type":"","background-media":"","overlay-type":"","overlay-color":"","overlay-opacity":"","overlay-gradient":""}},"footnotes":""},"categories":[24,8],"tags":[22611,22612],"class_list":["post-68986","post","type-post","status-publish","format-standard","has-post-thumbnail","hentry","category-fernando-manzanilla","category-noticias","tag-cesar-daniel-gonzalez-madruga","tag-mi-renacimiento"],"_links":{"self":[{"href":"https:\/\/losperiodistas.com.mx\/portal\/wp-json\/wp\/v2\/posts\/68986","targetHints":{"allow":["GET"]}}],"collection":[{"href":"https:\/\/losperiodistas.com.mx\/portal\/wp-json\/wp\/v2\/posts"}],"about":[{"href":"https:\/\/losperiodistas.com.mx\/portal\/wp-json\/wp\/v2\/types\/post"}],"author":[{"embeddable":true,"href":"https:\/\/losperiodistas.com.mx\/portal\/wp-json\/wp\/v2\/users\/1"}],"replies":[{"embeddable":true,"href":"https:\/\/losperiodistas.com.mx\/portal\/wp-json\/wp\/v2\/comments?post=68986"}],"version-history":[{"count":1,"href":"https:\/\/losperiodistas.com.mx\/portal\/wp-json\/wp\/v2\/posts\/68986\/revisions"}],"predecessor-version":[{"id":68988,"href":"https:\/\/losperiodistas.com.mx\/portal\/wp-json\/wp\/v2\/posts\/68986\/revisions\/68988"}],"wp:featuredmedia":[{"embeddable":true,"href":"https:\/\/losperiodistas.com.mx\/portal\/wp-json\/wp\/v2\/media\/68987"}],"wp:attachment":[{"href":"https:\/\/losperiodistas.com.mx\/portal\/wp-json\/wp\/v2\/media?parent=68986"}],"wp:term":[{"taxonomy":"category","embeddable":true,"href":"https:\/\/losperiodistas.com.mx\/portal\/wp-json\/wp\/v2\/categories?post=68986"},{"taxonomy":"post_tag","embeddable":true,"href":"https:\/\/losperiodistas.com.mx\/portal\/wp-json\/wp\/v2\/tags?post=68986"}],"curies":[{"name":"wp","href":"https:\/\/api.w.org\/{rel}","templated":true}]}}