{"id":6898,"date":"2021-04-14T06:46:45","date_gmt":"2021-04-14T11:46:45","guid":{"rendered":"http:\/\/losperiodistas.com.mx\/portal\/?p=6898"},"modified":"2021-04-14T06:46:47","modified_gmt":"2021-04-14T11:46:47","slug":"se-registra-claudia-rivera-en-linea-como-candidata-para-buscar-su-reeleccion-oem","status":"publish","type":"post","link":"https:\/\/losperiodistas.com.mx\/portal\/se-registra-claudia-rivera-en-linea-como-candidata-para-buscar-su-reeleccion-oem\/","title":{"rendered":"Se registra Claudia Rivera en l\u00ednea como candidata para buscar su reelecci\u00f3n | OEM"},"content":{"rendered":"\n<p style=\"font-size:18px\"><em>Su nombramiento gener\u00f3 la inconformidad de Gabriel Biestro, quien impugn\u00f3 la decisi\u00f3n ante el Tribunal Electoral del Poder Judicial de la Federaci\u00f3n (TEPJF)<\/em><\/p>\n\n\n\n<figure class=\"wp-block-image size-large\"><img fetchpriority=\"high\" decoding=\"async\" width=\"1024\" height=\"637\" src=\"https:\/\/losperiodistas.com.mx\/portal\/wp-content\/uploads\/2021\/04\/Captura-de-Pantalla-2021-04-14-a-las-6.44.14-1024x637.jpg\" alt=\"\" class=\"wp-image-6899\" srcset=\"https:\/\/losperiodistas.com.mx\/portal\/wp-content\/uploads\/2021\/04\/Captura-de-Pantalla-2021-04-14-a-las-6.44.14-1024x637.jpg 1024w, https:\/\/losperiodistas.com.mx\/portal\/wp-content\/uploads\/2021\/04\/Captura-de-Pantalla-2021-04-14-a-las-6.44.14-300x187.jpg 300w, https:\/\/losperiodistas.com.mx\/portal\/wp-content\/uploads\/2021\/04\/Captura-de-Pantalla-2021-04-14-a-las-6.44.14-768x478.jpg 768w, https:\/\/losperiodistas.com.mx\/portal\/wp-content\/uploads\/2021\/04\/Captura-de-Pantalla-2021-04-14-a-las-6.44.14.jpg 1504w\" sizes=\"(max-width: 1024px) 100vw, 1024px\" \/><\/figure>\n\n\n\n<p><\/p>\n\n\n\n<p class=\"has-vivid-cyan-blue-color has-text-color has-medium-font-size\">BERENICE MART\u00cdNEZ \/ EL SOL DE PUEBLA<\/p>\n\n\n\n<p>La candidata de Morena a la presidencia municipal de Puebla, Claudia Rivera Vivanco, se registr\u00f3 en l\u00ednea y no en las instalaciones del Instituto Electoral del Estado (IEE), que se encuentra tomado por inconformes con su postulaci\u00f3n.<\/p>\n\n\n\n<p><strong>De acuerdo con fuentes de Morena, la candidata a la reelecci\u00f3n comenz\u00f3 su registro v\u00eda electr\u00f3nica desde el viernes 9 de abril y lo concluy\u00f3 este martes 13.<\/strong><\/p>\n\n\n\n<p>Claudia Rivera se inscribi\u00f3 como abanderada de Morena y el Partido del Trabajo, luego que el 26 de marzo la Comisi\u00f3n Nacional de Elecciones de su partido la design\u00f3 para buscar la reelecci\u00f3n en la contienda del 6 de junio.<\/p>\n\n\n\n<p>Su nombramiento gener\u00f3 inconformidad del diputado local plurinominal con licencia y aspirante a candidato de Morena a presidente municipal de Puebla, Gabriel Biestro Medinilla, quien impugn\u00f3 la decisi\u00f3n ante el Tribunal Electoral del Poder Judicial de la Federaci\u00f3n (TEPJF) al se\u00f1alar que el proceso interno no fue transparente.<\/p>\n\n\n\n<p><strong>PLANILLA DE CLAUDIA RIVERA<\/strong><\/p>\n\n\n\n<p>La candidata de Morena a la presidencia municipal de Puebla, Claudia Rivera Vivanco, defini\u00f3 la planilla que la acompa\u00f1ar\u00e1 en la elecci\u00f3n de este a\u00f1o, en la que destaca Liza Aceves L\u00f3pez, quien hasta hace unas horas era candidata a diputada federal del distrito 12 de Puebla.<\/p>\n\n\n\n<p><strong>La candidata a la reelecci\u00f3n lleva como suplente a la actual regidora Patricia Monta\u00f1o Flores, en la regidur\u00eda uno al exsecretario de Administraci\u00f3n municipal, Leobardo Rodr\u00edguez Ju\u00e1rez, y Liza Aceves que aparece en la segunda posici\u00f3n. Le siguen los regidores \u00c1ngel Rivera Ortega, Ana Laura Mart\u00ednez Escobar y Carmen Mar\u00eda Palma Ben\u00edtez.<\/strong><\/p>\n\n\n\n<p>En la planilla tambi\u00e9n est\u00e1n Ernesto Aguilar, Luis Enrique Fern\u00e1ndez, Josefina Tlapanco Franco (delegada en funciones de secretaria de Finanzas de Morena en Puebla), Joaqu\u00edn Espidio y Nict\u00e9 Tepanecatl.<img decoding=\"async\" src=\"https:\/\/www.elsoldepuebla.com.mx\/incoming\/81iquc-planilla-claudia-rivera-vivanco1.jpg\/alternates\/FREE_720\/planilla%20claudia%20rivera%20vivanco1.jpg\" alt=\"\"><\/p>\n\n\n\n<h4 class=\"wp-block-heading\">Foto: Cortes\u00eda<\/h4>\n\n\n\n<p>Adem\u00e1s, Iztac Hern\u00e1ndez, Violeta Becerril, Brahim Zamora Salazar (miembro del Observatorio Ciudadano de Derechos Sexuales y Reproductivos, Odesyr), Jes\u00fas P\u00e9rez Chalini, la regidora Cinthya Ju\u00e1rez Rom\u00e1n y el actual s\u00edndico municipal Gonzalo Castillo P\u00e9rez.<\/p>\n\n\n\n<p><strong>Aunque Liza Aceves sigue siendo candidata a diputada federal pues a\u00fan aparece registrada ante el Instituto Nacional Electoral (INE), ella ha dicho que ya no contender\u00e1, por lo que Ren\u00e9 S\u00e1nchez Galindo ser\u00e1 nuevamente candidato del distrito 12 a la C\u00e1mara de Diputados.<\/strong><\/p>\n\n\n\n<p>Fuente: https:\/\/www.elsoldepuebla.com.mx\/local\/se-registra-claudia-rivera-vivanco-en-linea-ante-el-instituto-electoral-del-estado-iee-como-candidata-de-morena-para-buscar-su-reeleccion-puebla-6595694.html<\/p>\n","protected":false},"excerpt":{"rendered":"<p>Su nombramiento gener\u00f3 la inconformidad de Gabriel Biestro, quien impugn\u00f3 la decisi\u00f3n ante el Tribunal Electoral del Poder Judicial de [&hellip;]<\/p>\n","protected":false},"author":1,"featured_media":6899,"comment_status":"open","ping_status":"open","sticky":false,"template":"","format":"standard","meta":{"site-sidebar-layout":"default","site-content-layout":"","ast-site-content-layout":"default","site-content-style":"default","site-sidebar-style":"default","ast-global-header-display":"","ast-banner-title-visibility":"","ast-main-header-display":"","ast-hfb-above-header-display":"","ast-hfb-below-header-display":"","ast-hfb-mobile-header-display":"","site-post-title":"","ast-breadcrumbs-content":"","ast-featured-img":"","footer-sml-layout":"","theme-transparent-header-meta":"","adv-header-id-meta":"","stick-header-meta":"","header-above-stick-meta":"","header-main-stick-meta":"","header-below-stick-meta":"","astra-migrate-meta-layouts":"default","ast-page-background-enabled":"default","ast-page-background-meta":{"desktop":{"background-color":"var(--ast-global-color-4)","background-image":"","background-repeat":"repeat","background-position":"center center","background-size":"auto","background-attachment":"scroll","background-type":"","background-media":"","overlay-type":"","overlay-color":"","overlay-opacity":"","overlay-gradient":""},"tablet":{"background-color":"","background-image":"","background-repeat":"repeat","background-position":"center center","background-size":"auto","background-attachment":"scroll","background-type":"","background-media":"","overlay-type":"","overlay-color":"","overlay-opacity":"","overlay-gradient":""},"mobile":{"background-color":"","background-image":"","background-repeat":"repeat","background-position":"center center","background-size":"auto","background-attachment":"scroll","background-type":"","background-media":"","overlay-type":"","overlay-color":"","overlay-opacity":"","overlay-gradient":""}},"ast-content-background-meta":{"desktop":{"background-color":"var(--ast-global-color-5)","background-image":"","background-repeat":"repeat","background-position":"center center","background-size":"auto","background-attachment":"scroll","background-type":"","background-media":"","overlay-type":"","overlay-color":"","overlay-opacity":"","overlay-gradient":""},"tablet":{"background-color":"var(--ast-global-color-5)","background-image":"","background-repeat":"repeat","background-position":"center center","background-size":"auto","background-attachment":"scroll","background-type":"","background-media":"","overlay-type":"","overlay-color":"","overlay-opacity":"","overlay-gradient":""},"mobile":{"background-color":"var(--ast-global-color-5)","background-image":"","background-repeat":"repeat","background-position":"center center","background-size":"auto","background-attachment":"scroll","background-type":"","background-media":"","overlay-type":"","overlay-color":"","overlay-opacity":"","overlay-gradient":""}},"footnotes":""},"categories":[8],"tags":[1022,85],"class_list":["post-6898","post","type-post","status-publish","format-standard","has-post-thumbnail","hentry","category-noticias","tag-claudia-rivera-vivanco-candidata-presidencia-municial-de-puebla","tag-elecciones-puebla-2021"],"_links":{"self":[{"href":"https:\/\/losperiodistas.com.mx\/portal\/wp-json\/wp\/v2\/posts\/6898","targetHints":{"allow":["GET"]}}],"collection":[{"href":"https:\/\/losperiodistas.com.mx\/portal\/wp-json\/wp\/v2\/posts"}],"about":[{"href":"https:\/\/losperiodistas.com.mx\/portal\/wp-json\/wp\/v2\/types\/post"}],"author":[{"embeddable":true,"href":"https:\/\/losperiodistas.com.mx\/portal\/wp-json\/wp\/v2\/users\/1"}],"replies":[{"embeddable":true,"href":"https:\/\/losperiodistas.com.mx\/portal\/wp-json\/wp\/v2\/comments?post=6898"}],"version-history":[{"count":1,"href":"https:\/\/losperiodistas.com.mx\/portal\/wp-json\/wp\/v2\/posts\/6898\/revisions"}],"predecessor-version":[{"id":6900,"href":"https:\/\/losperiodistas.com.mx\/portal\/wp-json\/wp\/v2\/posts\/6898\/revisions\/6900"}],"wp:featuredmedia":[{"embeddable":true,"href":"https:\/\/losperiodistas.com.mx\/portal\/wp-json\/wp\/v2\/media\/6899"}],"wp:attachment":[{"href":"https:\/\/losperiodistas.com.mx\/portal\/wp-json\/wp\/v2\/media?parent=6898"}],"wp:term":[{"taxonomy":"category","embeddable":true,"href":"https:\/\/losperiodistas.com.mx\/portal\/wp-json\/wp\/v2\/categories?post=6898"},{"taxonomy":"post_tag","embeddable":true,"href":"https:\/\/losperiodistas.com.mx\/portal\/wp-json\/wp\/v2\/tags?post=6898"}],"curies":[{"name":"wp","href":"https:\/\/api.w.org\/{rel}","templated":true}]}}