{"id":6891,"date":"2021-04-13T13:49:47","date_gmt":"2021-04-13T18:49:47","guid":{"rendered":"http:\/\/losperiodistas.com.mx\/portal\/?p=6891"},"modified":"2021-04-13T13:49:48","modified_gmt":"2021-04-13T18:49:48","slug":"previsiones-en-hogares-poblanos-previo-a-temporada-de-lluvias","status":"publish","type":"post","link":"https:\/\/losperiodistas.com.mx\/portal\/previsiones-en-hogares-poblanos-previo-a-temporada-de-lluvias\/","title":{"rendered":"Previsiones en hogares poblanos previo a temporada de lluvias"},"content":{"rendered":"\n<p>Protecci\u00f3n Civil Municipal recomienda acciones para el interior y ex terior de las viviendas<\/p>\n\n\n\n<figure class=\"wp-block-image size-large\"><img fetchpriority=\"high\" decoding=\"async\" width=\"1024\" height=\"676\" src=\"https:\/\/losperiodistas.com.mx\/portal\/wp-content\/uploads\/2021\/04\/Captura-de-Pantalla-2021-04-13-a-las-13.47.20-1024x676.jpg\" alt=\"\" class=\"wp-image-6892\" srcset=\"https:\/\/losperiodistas.com.mx\/portal\/wp-content\/uploads\/2021\/04\/Captura-de-Pantalla-2021-04-13-a-las-13.47.20-1024x676.jpg 1024w, https:\/\/losperiodistas.com.mx\/portal\/wp-content\/uploads\/2021\/04\/Captura-de-Pantalla-2021-04-13-a-las-13.47.20-300x198.jpg 300w, https:\/\/losperiodistas.com.mx\/portal\/wp-content\/uploads\/2021\/04\/Captura-de-Pantalla-2021-04-13-a-las-13.47.20-768x507.jpg 768w, https:\/\/losperiodistas.com.mx\/portal\/wp-content\/uploads\/2021\/04\/Captura-de-Pantalla-2021-04-13-a-las-13.47.20-1536x1014.jpg 1536w, https:\/\/losperiodistas.com.mx\/portal\/wp-content\/uploads\/2021\/04\/Captura-de-Pantalla-2021-04-13-a-las-13.47.20.jpg 1636w\" sizes=\"(max-width: 1024px) 100vw, 1024px\" \/><\/figure>\n\n\n\n<p class=\"has-vivid-cyan-blue-color has-text-color has-medium-font-size\">REDACCI\u00d3N<\/p>\n\n\n\n<p>La Secretar\u00eda de Protecci\u00f3n Civil y Gesti\u00f3n Integral de Riesgos del municipio de Puebla brinda las siguientes recomendaciones para llevar a cabo mantenimiento preventivo de los hogares en la capital poblana, para evitar afectaciones en la pr\u00f3xima temporada de lluvias.<\/p>\n\n\n\n<p>La revisi\u00f3n y mantenimiento frecuente del hogar ayudar\u00e1 a mantener la casa en buenas condiciones. Hacer el mantenimiento preventivo y correctivo cuando es necesario previene que las imperfecciones peque\u00f1as se conviertan en reparaciones mayores que impliquen un riesgo para la familia y un mayor costo.<\/p>\n\n\n\n<p>Por lo anterior, la Secretar\u00eda de Protecci\u00f3n Civil Municipal, a trav\u00e9s de la Direcci\u00f3n de Gesti\u00f3n de Riesgos e Informaci\u00f3n, emite los principales puntos de atenci\u00f3n previo al inicio del periodo de lluvias 2021:<\/p>\n\n\n\n<ol class=\"wp-block-list\"><li>Verificar la instalaci\u00f3n el\u00e9ctrica para evitar la posibilidad de que se genere alg\u00fan corto circuito e incluso da\u00f1os y p\u00e9rdida de aparatos el\u00e9ctricos.<\/li><li>Mantener limpias las coladeras y desag\u00fces, principalmente identificar las zonas donde se acumule m\u00e1s agua y liberar las zonas para evitar inundaciones.<\/li><li>Verificar las tuber\u00edas. Inspeccionar que las tuber\u00edas de la casa funcionen a la perfecci\u00f3n para evitar fugas que afecten la vivienda.<\/li><li>Impermeabilizar y limpiar la azotea para evitar la acumulaci\u00f3n de peso y filtraci\u00f3n de humedad.<\/li><\/ol>\n\n\n\n<p>El mantenimiento preventivo del hogar debe realizarse tanto al interior, verificando los sistemas del hogar (clima, instalaciones hidrosanitarias, de gas y el\u00e9ctrica), el acabado de muros y losas y el mantenimiento a los electrodom\u00e9sticos, como al exterior, revisando los muros, losas de azotea y la jardiner\u00eda.<\/p>\n\n\n\n<p>De igual forma, es imprescindible poner atenci\u00f3n en los siguientes indicadores, los cuales determinan la necesidad de emprender acciones preventivas al inmueble:<\/p>\n\n\n\n<ul class=\"wp-block-list\"><li>Pintura descascarada<\/li><li>Zonas de humedad<\/li><li>Fisuras y grietas<\/li><\/ul>\n\n\n\n<p>Por otra parte, es importante tomar en consideraci\u00f3n algunas caracter\u00edsticas para llevar a cabo una correcta impermeabilizaci\u00f3n:<\/p>\n\n\n\n<ul class=\"wp-block-list\"><li>Tiempo de garant\u00eda. Las diferentes composiciones de los productos garantizan diversos lapsos.<\/li><li>Preparaci\u00f3n previa de las losas y muros para la colocaci\u00f3n de los productos de impermeabilizaci\u00f3n.<\/li><li>Determinar el uso de la superficie. El objetivo es elegir el producto adecuado dependiendo el uso que pueda tener, constante, espor\u00e1dico o nulo.<\/li><\/ul>\n\n\n\n<p>Algunos productos impermeabilizantes son f\u00e1ciles de aplicar y pr\u00e1cticamente se secan al contacto. Sin embargo, si se busca un trabajo m\u00e1s especializado, como aplicar un impermeabilizante asf\u00e1ltico, lo recomendable es que un experto realice las labores a fin de garantizar un buen trabajo y cero filtraciones.<\/p>\n\n\n\n<p>Asimismo, la Secretar\u00eda de Protecci\u00f3n Civil Municipal recomienda retirar trebejos del techo ya que incrementan el peso y se puede ocasionar un desplome; tambi\u00e9n sujetar materiales sueltos como macetas, l\u00e1mparas y adornos, ya que podr\u00edan caer y provocar alg\u00fan da\u00f1o a las personas.La revisi\u00f3n y mantenimiento frecuente del hogar ayudar\u00e1 a mantener la casa en buenas condiciones. Hacer el mantenimiento preventivo y correctivo cuando es necesario previene que las imperfecciones peque\u00f1as se conviertan en reparaciones mayores que impliquen un riesgo para la familia y un mayor costo.<\/p>\n\n\n\n<p>Fuente: https:\/\/www.pueblacapital.gob.mx\/noticias\/comunicados-de-prensa\/item\/15014-proteccion-civil-municipal-emite-recomendaciones-para-el-hogar-previo-a-temporada-de-lluvias<\/p>\n","protected":false},"excerpt":{"rendered":"<p>Protecci\u00f3n Civil Municipal recomienda acciones para el interior y ex terior de las viviendas REDACCI\u00d3N La Secretar\u00eda de Protecci\u00f3n Civil [&hellip;]<\/p>\n","protected":false},"author":1,"featured_media":6892,"comment_status":"open","ping_status":"open","sticky":false,"template":"","format":"standard","meta":{"site-sidebar-layout":"default","site-content-layout":"","ast-site-content-layout":"default","site-content-style":"default","site-sidebar-style":"default","ast-global-header-display":"","ast-banner-title-visibility":"","ast-main-header-display":"","ast-hfb-above-header-display":"","ast-hfb-below-header-display":"","ast-hfb-mobile-header-display":"","site-post-title":"","ast-breadcrumbs-content":"","ast-featured-img":"","footer-sml-layout":"","theme-transparent-header-meta":"","adv-header-id-meta":"","stick-header-meta":"","header-above-stick-meta":"","header-main-stick-meta":"","header-below-stick-meta":"","astra-migrate-meta-layouts":"default","ast-page-background-enabled":"default","ast-page-background-meta":{"desktop":{"background-color":"var(--ast-global-color-4)","background-image":"","background-repeat":"repeat","background-position":"center center","background-size":"auto","background-attachment":"scroll","background-type":"","background-media":"","overlay-type":"","overlay-color":"","overlay-opacity":"","overlay-gradient":""},"tablet":{"background-color":"","background-image":"","background-repeat":"repeat","background-position":"center center","background-size":"auto","background-attachment":"scroll","background-type":"","background-media":"","overlay-type":"","overlay-color":"","overlay-opacity":"","overlay-gradient":""},"mobile":{"background-color":"","background-image":"","background-repeat":"repeat","background-position":"center center","background-size":"auto","background-attachment":"scroll","background-type":"","background-media":"","overlay-type":"","overlay-color":"","overlay-opacity":"","overlay-gradient":""}},"ast-content-background-meta":{"desktop":{"background-color":"var(--ast-global-color-5)","background-image":"","background-repeat":"repeat","background-position":"center center","background-size":"auto","background-attachment":"scroll","background-type":"","background-media":"","overlay-type":"","overlay-color":"","overlay-opacity":"","overlay-gradient":""},"tablet":{"background-color":"var(--ast-global-color-5)","background-image":"","background-repeat":"repeat","background-position":"center center","background-size":"auto","background-attachment":"scroll","background-type":"","background-media":"","overlay-type":"","overlay-color":"","overlay-opacity":"","overlay-gradient":""},"mobile":{"background-color":"var(--ast-global-color-5)","background-image":"","background-repeat":"repeat","background-position":"center center","background-size":"auto","background-attachment":"scroll","background-type":"","background-media":"","overlay-type":"","overlay-color":"","overlay-opacity":"","overlay-gradient":""}},"footnotes":""},"categories":[8],"tags":[1021],"class_list":["post-6891","post","type-post","status-publish","format-standard","has-post-thumbnail","hentry","category-noticias","tag-proteccion-civil-municipio-de-puebla"],"_links":{"self":[{"href":"https:\/\/losperiodistas.com.mx\/portal\/wp-json\/wp\/v2\/posts\/6891","targetHints":{"allow":["GET"]}}],"collection":[{"href":"https:\/\/losperiodistas.com.mx\/portal\/wp-json\/wp\/v2\/posts"}],"about":[{"href":"https:\/\/losperiodistas.com.mx\/portal\/wp-json\/wp\/v2\/types\/post"}],"author":[{"embeddable":true,"href":"https:\/\/losperiodistas.com.mx\/portal\/wp-json\/wp\/v2\/users\/1"}],"replies":[{"embeddable":true,"href":"https:\/\/losperiodistas.com.mx\/portal\/wp-json\/wp\/v2\/comments?post=6891"}],"version-history":[{"count":1,"href":"https:\/\/losperiodistas.com.mx\/portal\/wp-json\/wp\/v2\/posts\/6891\/revisions"}],"predecessor-version":[{"id":6893,"href":"https:\/\/losperiodistas.com.mx\/portal\/wp-json\/wp\/v2\/posts\/6891\/revisions\/6893"}],"wp:featuredmedia":[{"embeddable":true,"href":"https:\/\/losperiodistas.com.mx\/portal\/wp-json\/wp\/v2\/media\/6892"}],"wp:attachment":[{"href":"https:\/\/losperiodistas.com.mx\/portal\/wp-json\/wp\/v2\/media?parent=6891"}],"wp:term":[{"taxonomy":"category","embeddable":true,"href":"https:\/\/losperiodistas.com.mx\/portal\/wp-json\/wp\/v2\/categories?post=6891"},{"taxonomy":"post_tag","embeddable":true,"href":"https:\/\/losperiodistas.com.mx\/portal\/wp-json\/wp\/v2\/tags?post=6891"}],"curies":[{"name":"wp","href":"https:\/\/api.w.org\/{rel}","templated":true}]}}