{"id":6889,"date":"2021-04-13T08:49:02","date_gmt":"2021-04-13T13:49:02","guid":{"rendered":"http:\/\/losperiodistas.com.mx\/portal\/?p=6889"},"modified":"2021-04-13T08:49:04","modified_gmt":"2021-04-13T13:49:04","slug":"municipalizar-los-derechos-humanos-en-mexico","status":"publish","type":"post","link":"https:\/\/losperiodistas.com.mx\/portal\/municipalizar-los-derechos-humanos-en-mexico\/","title":{"rendered":"Municipalizar los Derechos humanos en M\u00e9xico"},"content":{"rendered":"\n<p><\/p>\n\n\n\n<p class=\"has-vivid-cyan-blue-color has-text-color\" style=\"font-size:26px\"><em>Por Luis Soriano Peregrina<\/em><\/p>\n\n\n\n<p>A\u00f1o con a\u00f1o escuchamos a los pol\u00edticos en campa\u00f1a hablar que ellos son los que le resolver\u00e1n la vida la gente y para tratar de lograrlo \u201cseg\u00fan\u201d contratan a los grandes consultores para mocharse con un porcentaje o crean sus consultor\u00edas con prestanombres como lo tienen algunas y algunos candidatos y que lo \u00fanico que hacen es borran el nombre en la portada del cliente anterior y le ponen el nombre del nuevo estafado o le encargan el trabajo al hijo del sobrino del patr\u00f3n para que se arme algo y que se lleve una lanita; esas propuestas desde su nacimiento son letra muerta, porque son de imposible aplicaci\u00f3n o simplemente porque no puedes poner un puente donde no pasa un rio, a menos que les pongas un rio sin agua y para eso debes traer agua, todo para justificar el puente.<\/p>\n\n\n\n<p>La entrega anterior hicimos referencia a esto y motiv\u00f3 una andanada de reacciones de muchas y muchos en todas las fuerzas pol\u00edticas, desde quienes nos propusieron sentarse con Voz Ciudadana para escucharnos hasta los que nos reclamaron, es claro que generamos sentimiento, a\u00fan no hemos decidido si decir santo y se\u00f1a de unos y otros, pero lo que s\u00ed es volver a lo mismo de que seguimos abiertos y dispuestos a dialogar de la Agenda Ciudadana Pol\u00edtico-Electoral que en materia de Derechos Humanos tenemos sobre la mesa, pues en estos tiempos tan dif\u00edciles, consideramos que responder violencia con violencia nada resuelve, sino con dialogo y empat\u00eda, as\u00ed pues volvemos a proponerles a todas y todos que hablemos de la Agenda y desde este Colectivo caminemos hacia la Municipalizaci\u00f3n de los Derechos Humanos a continuaci\u00f3n.<\/p>\n\n\n\n<p>Municipalizar los derechos humanos ha generado diversas interpretaciones en mucha gente, hay quienes dicen que este concepto es pasarle la responsabilidad a los municipios de lo que el estado o la federaci\u00f3n hace, otros mas dicen que no es viable porque la constituci\u00f3n no lo contempla, otras advierten que esto solo generar\u00eda mayor burocracia, lo cierto es que ninguno de los anteriores es lo que en Voz Ciudadana pretendemos hacer, lo primero y m\u00e1s importante es dejar claro que la constituci\u00f3n SI LO CONTEMPLA y obliga a los municipios a darle prioridad atender los derechos humanos en sus municipios pero, no buscamos imponer algo que tal vez aun no tienen claro, sino buscamos como primer paso construir procesos de sensibilizaci\u00f3n, para pasar a la armonizaci\u00f3n del marco normativo, federal, estatal y municipal, caminando hacia el establecimiento de la unidad responsable que atienda desde lo local los derechos humanos es decir, buscamos que los derechos humanos no solo sea atendido por 32 entes estatales y uno nacional, sino fortalecer el Sistema de Derechos Humanos que tenemos en el Pa\u00eds, con la intervenci\u00f3n directa de los 2446 municipios, pero que esta intervenci\u00f3n sea org\u00e1nica, arm\u00f3nica y viable, por eso se necesita construir desde la base.<\/p>\n\n\n\n<p>\u00bfQu\u00e9 proponemos para municipalizar los derechos humanos en M\u00e9xico en materia legislativa, administrativa y judicial?<\/p>\n\n\n\n<p>En materia legislativa es necesario a\u00f1adir al art\u00edculo 115 constitucional que habla de las funciones del municipio la de \u201cRESPETAR, PROMOCIONAR, DIFUNDIR Y DIGNIFICAR LOS DERECHOS HUMANOS\u201d, aunado a otras reformas necesarias que armonicen la Constituci\u00f3n Federal, Estatal y las Leyes Org\u00e1nicas Municipales y los diversos ordenamientos municipales como c\u00f3digos Reglamentarios y Reglamentos aprobados por Cabildo en los diversos estados del Pa\u00eds.<\/p>\n\n\n\n<p>En Materia Administrativa los Derechos Humanos deben atenderse desde una visi\u00f3n multidisciplinaria y no solo como un servicio jur\u00eddico como lo pueden creer los abogados, tambi\u00e9n es momento que rompamos con la sistematizaci\u00f3n del asistencialismo en el servicio publico que ven a las personas como objetos de comercio pol\u00edtico, electoral o de cumplimiento de metas y transitemos a ver a las personas como sujetos de derecho, por lo mismo debemos modificar la il\u00f3gica visi\u00f3n que se tiene en las diversas instancias p\u00fablicas Municipales, Estatales y Nacional de sustentar sus trabajos conforme la Ley de Asistencia Publica y no conforme la Ley de Derechos Humanos, cuesti\u00f3n que solo re-victimiza a las personas en situaci\u00f3n de vulnerabilidad o da\u00f1a en su dignidad a los sujetos objeto de un beneficio p\u00fablico, as\u00ed mismo es necesario que los municipios en el Pa\u00eds se obliguen como lo hicimos en Puebla, a trav\u00e9s de la Subsecretar\u00eda de Prevenci\u00f3n del Delito y Derechos Humanos del Gobierno del Estado de Puebla en el primer semestre del 2019, para crear los 217 Planes Municipal de Prevenci\u00f3n de la violencia, Derechos Humanos y No Discriminaci\u00f3n construidos por los municipios y asistidos por el Estado, planes necesarios para detonar el Plan Municipal de Derechos Humanos que se debe generar en armon\u00eda al Plan Nacional y los Planes Estatales en la materia.<\/p>\n\n\n\n<p>En Materia Municipal urge que se fortalezca la lucha que durante muchos a\u00f1os han dado las mujeres y se cree la comisi\u00f3n de igualdad sustantiva de g\u00e9nero y no se distraiga sus esfuerzos hacia otras l\u00edneas de acci\u00f3n y crear por separado la Comisi\u00f3n de Derechos Humanos, para aquellos que est\u00e1n confundi\u00e9ndose con que ya existe una comisi\u00f3n nacional y estatales de DH, es de precisar que los municipios para su funcionamiento fuera del Cabildo los regidores se organizan a trav\u00e9s de Comisiones y entonces encontramos las comisiones de Gobernaci\u00f3n, de Finanzas, de Salud, de Bienestar etc. Y que est\u00e1n encabezadas por los mismos regidores, ojo esto no genera mayores recursos p\u00fablicos, simplemente es eficientizar recursos que ya existen, sus funciones no son iguales a las de CNDH o las CEDH\u00b4s, son mas enfocadas a un esquema de legislativos municipales.<\/p>\n\n\n\n<p>Para aquellos municipios que por sus caracter\u00edsticas requieren de una infraestructura mayor, como lo puede ser la Capital de Puebla, Voz Ciudadana tiene propuesto dentro de la Agenda De Derechos Humanos la creaci\u00f3n del Instituto Municipal de Derechos Humanos y no Discriminaci\u00f3n que pueda ordenar y sistematizar los enormes esfuerzos que hoy por hoy se realizan en la capital del Estado de Puebla, pero que son esfuerzos que no tienen gran impacto en la sociedad pues se tienen fragmentados o construidos mediante ocurrencias y no conforme el Plan Municipal de Prevenci\u00f3n de la Violencia, Derechos Humanos y No discriminaci\u00f3n.<\/p>\n\n\n\n<p>En materia Judicial es urgente recuperar los juzgados ind\u00edgenas, ampliar su cobertura y darles la fortaleza que requieren, urge que sean verdaderamente parte del Poder Judicial que permitan construir procesos de paz que solucionen desde el lugar de origen los conflictos y no motiven la escalada de violencia e injusticias que representa la falta de atenci\u00f3n por parte del Poder Judicial del Estado a estas situaciones litigiosas<\/p>\n\n\n\n<p>Esto es en breve parte de los temas que tenemos dentro de la Agenda Ciudadana Pol\u00edtico-Electoral en materia de Derechos Humanos, como ver\u00e1n son temas que inciden en los tres niveles de gobierno y a todos los poderes p\u00fablicos, por tal raz\u00f3n es que nuevamente manifestamos tener la apertura de dialogar con cualquiera que tenga inter\u00e9s de incidir en materia de derechos humanos, ya sea candidato, partido pol\u00edtico o ciudadano participativo. Por lo anterior ponemos a su disposici\u00f3n nuestro correo&nbsp;<a href=\"mailto:VozCiudadanaDH@gmail.com\">VozCiudadanaDH@gmail.com<\/a><\/p>\n","protected":false},"excerpt":{"rendered":"<p>Por Luis Soriano Peregrina A\u00f1o con a\u00f1o escuchamos a los pol\u00edticos en campa\u00f1a hablar que ellos son los que le [&hellip;]<\/p>\n","protected":false},"author":1,"featured_media":6222,"comment_status":"open","ping_status":"open","sticky":false,"template":"","format":"standard","meta":{"site-sidebar-layout":"default","site-content-layout":"","ast-site-content-layout":"default","site-content-style":"default","site-sidebar-style":"default","ast-global-header-display":"","ast-banner-title-visibility":"","ast-main-header-display":"","ast-hfb-above-header-display":"","ast-hfb-below-header-display":"","ast-hfb-mobile-header-display":"","site-post-title":"","ast-breadcrumbs-content":"","ast-featured-img":"","footer-sml-layout":"","theme-transparent-header-meta":"","adv-header-id-meta":"","stick-header-meta":"","header-above-stick-meta":"","header-main-stick-meta":"","header-below-stick-meta":"","astra-migrate-meta-layouts":"default","ast-page-background-enabled":"default","ast-page-background-meta":{"desktop":{"background-color":"var(--ast-global-color-4)","background-image":"","background-repeat":"repeat","background-position":"center center","background-size":"auto","background-attachment":"scroll","background-type":"","background-media":"","overlay-type":"","overlay-color":"","overlay-opacity":"","overlay-gradient":""},"tablet":{"background-color":"","background-image":"","background-repeat":"repeat","background-position":"center center","background-size":"auto","background-attachment":"scroll","background-type":"","background-media":"","overlay-type":"","overlay-color":"","overlay-opacity":"","overlay-gradient":""},"mobile":{"background-color":"","background-image":"","background-repeat":"repeat","background-position":"center center","background-size":"auto","background-attachment":"scroll","background-type":"","background-media":"","overlay-type":"","overlay-color":"","overlay-opacity":"","overlay-gradient":""}},"ast-content-background-meta":{"desktop":{"background-color":"var(--ast-global-color-5)","background-image":"","background-repeat":"repeat","background-position":"center center","background-size":"auto","background-attachment":"scroll","background-type":"","background-media":"","overlay-type":"","overlay-color":"","overlay-opacity":"","overlay-gradient":""},"tablet":{"background-color":"var(--ast-global-color-5)","background-image":"","background-repeat":"repeat","background-position":"center center","background-size":"auto","background-attachment":"scroll","background-type":"","background-media":"","overlay-type":"","overlay-color":"","overlay-opacity":"","overlay-gradient":""},"mobile":{"background-color":"var(--ast-global-color-5)","background-image":"","background-repeat":"repeat","background-position":"center center","background-size":"auto","background-attachment":"scroll","background-type":"","background-media":"","overlay-type":"","overlay-color":"","overlay-opacity":"","overlay-gradient":""}},"footnotes":""},"categories":[8,21],"tags":[886],"class_list":["post-6889","post","type-post","status-publish","format-standard","has-post-thumbnail","hentry","category-noticias","category-opinion","tag-derechos-humanos-puebla"],"_links":{"self":[{"href":"https:\/\/losperiodistas.com.mx\/portal\/wp-json\/wp\/v2\/posts\/6889","targetHints":{"allow":["GET"]}}],"collection":[{"href":"https:\/\/losperiodistas.com.mx\/portal\/wp-json\/wp\/v2\/posts"}],"about":[{"href":"https:\/\/losperiodistas.com.mx\/portal\/wp-json\/wp\/v2\/types\/post"}],"author":[{"embeddable":true,"href":"https:\/\/losperiodistas.com.mx\/portal\/wp-json\/wp\/v2\/users\/1"}],"replies":[{"embeddable":true,"href":"https:\/\/losperiodistas.com.mx\/portal\/wp-json\/wp\/v2\/comments?post=6889"}],"version-history":[{"count":1,"href":"https:\/\/losperiodistas.com.mx\/portal\/wp-json\/wp\/v2\/posts\/6889\/revisions"}],"predecessor-version":[{"id":6890,"href":"https:\/\/losperiodistas.com.mx\/portal\/wp-json\/wp\/v2\/posts\/6889\/revisions\/6890"}],"wp:featuredmedia":[{"embeddable":true,"href":"https:\/\/losperiodistas.com.mx\/portal\/wp-json\/wp\/v2\/media\/6222"}],"wp:attachment":[{"href":"https:\/\/losperiodistas.com.mx\/portal\/wp-json\/wp\/v2\/media?parent=6889"}],"wp:term":[{"taxonomy":"category","embeddable":true,"href":"https:\/\/losperiodistas.com.mx\/portal\/wp-json\/wp\/v2\/categories?post=6889"},{"taxonomy":"post_tag","embeddable":true,"href":"https:\/\/losperiodistas.com.mx\/portal\/wp-json\/wp\/v2\/tags?post=6889"}],"curies":[{"name":"wp","href":"https:\/\/api.w.org\/{rel}","templated":true}]}}