{"id":6884,"date":"2021-04-13T08:38:50","date_gmt":"2021-04-13T13:38:50","guid":{"rendered":"http:\/\/losperiodistas.com.mx\/portal\/?p=6884"},"modified":"2021-06-14T20:10:19","modified_gmt":"2021-06-15T01:10:19","slug":"que-valoran-los-mexicanos","status":"publish","type":"post","link":"https:\/\/losperiodistas.com.mx\/portal\/que-valoran-los-mexicanos\/","title":{"rendered":"\u00bfQu\u00e9 valoran los mexicanos?"},"content":{"rendered":"\n<p class=\"has-medium-font-size\">Entre el parroquiano y el ciudadano participativo<\/p>\n\n\n\n<p><\/p>\n\n\n\n<p class=\"has-vivid-cyan-blue-color has-text-color\" style=\"font-size:26px\"><em><strong>Por Jos\u00e9 Ojeda Bustamante<\/strong><\/em><\/p>\n\n\n\n<p>La cultura pol\u00edtica de cualquier sociedad es en gran parte producto de su influencia hist\u00f3rica, religiosa, \u00e9tnica y pol\u00edtica, las cuales condicionan de manera marcada sus valores y actitudes.<\/p>\n\n\n\n<p>De ah\u00ed la importancia de que resulte relevante la presentaci\u00f3n el pasado 24 de marzo de la Encuesta Nacional de Cultura C\u00edvica (ENCUCI) 2020 a cargo del Instituto Nacional de Estad\u00edstica y Geograf\u00eda (INEGI). Encuesta cuya finalidad es la de brindar informaci\u00f3n sobre percepciones, valores y pr\u00e1cticas relativas a la ciudadan\u00eda y al ejercicio de los derechos ciudadanos en M\u00e9xico, as\u00ed como los factores que inciden en la construcci\u00f3n de una ciudadan\u00eda plena.<\/p>\n\n\n\n<p>Dada su amplitud y profundidad, s\u00f3lo mencionaremos en este espacio algunos resultados que son relevantes por sus implicaciones para el presente proceso electoral 2021; el papel y la confianza que hoy d\u00eda juegan algunas organizaciones en el imaginario de los mexicanos y la manera en que esto abona o no a la construcci\u00f3n de una democracia m\u00e1s plena y sustantiva en nuestro pa\u00eds.<\/p>\n\n\n\n<p>Respecto a la confianza en las Instituciones, de acuerdo a la ENCUCI 2020 los mexicanos tenemos algo o mucha confianza en las Universidades P\u00fablicas con cerca de 70.1%. En los sacerdotes con 50.7 % en la misma escala y en los medios de comunicaci\u00f3n con 48.9 % de mucho a algo de confianza.<\/p>\n\n\n\n<p>De esta manera, universidades, sacerdotes y medios de comunicaci\u00f3n, son las organizaciones que gozan en la actualidad de un mayor grado de confianza entre la ciudadan\u00eda, valoraci\u00f3n que no ha cambiado sustancialmente a lo largo del tiempo.<\/p>\n\n\n\n<p>En contraparte, los dos grupos sociales menos valorados en nuestro pa\u00eds son, ya casi sin extra\u00f1arnos de ello, los partidos pol\u00edticos y los sindicatos; quienes generan en los ciudadanos un 76.8% de poco o nada de confianza y un 61% respectivamente.<\/p>\n\n\n\n<p>Resulta, sin embargo, bastante llamativo que despu\u00e9s de los partidos pol\u00edticos y los sindicatos cerca de 50.6% de la poblaci\u00f3n tenga poca o nada de confianza en los empresarios, un grupo social que, en otros pa\u00edses, principalmente occidentales, tal como Estados Unidos, goza de mayor prestigio y confianza.<\/p>\n\n\n\n<p>&nbsp;En este sentido, tal pareciera que la percepci\u00f3n sostenida en algunos momentos por el presidente Andr\u00e9s Manuel L\u00f3pez Obrador respecto al sector empresarial, no se encuentra muy alejada de lo que percibe una parte importante de la poblaci\u00f3n.<\/p>\n\n\n\n<p>Finalmente, en otro aspecto tambi\u00e9n revelador, conforme han pasado los a\u00f1os la percepci\u00f3n hacia las organizaciones sociales como grupo social y el grado de confianza que inspiran es un tanto dividida. Ya que si bien cerca de 51.41 % de los mexicanos afirma mucho o algo en ellas, tambi\u00e9n cerca 42.6% dice confiar poco o nada en ellas.<\/p>\n\n\n\n<figure class=\"wp-block-image size-large\"><img fetchpriority=\"high\" decoding=\"async\" width=\"1024\" height=\"570\" src=\"https:\/\/losperiodistas.com.mx\/portal\/wp-content\/uploads\/2021\/04\/Captura-de-Pantalla-2021-04-13-a-las-8.35.48-1024x570.jpg\" alt=\"\" class=\"wp-image-6885\" srcset=\"https:\/\/losperiodistas.com.mx\/portal\/wp-content\/uploads\/2021\/04\/Captura-de-Pantalla-2021-04-13-a-las-8.35.48-1024x570.jpg 1024w, https:\/\/losperiodistas.com.mx\/portal\/wp-content\/uploads\/2021\/04\/Captura-de-Pantalla-2021-04-13-a-las-8.35.48-300x167.jpg 300w, https:\/\/losperiodistas.com.mx\/portal\/wp-content\/uploads\/2021\/04\/Captura-de-Pantalla-2021-04-13-a-las-8.35.48-768x428.jpg 768w, https:\/\/losperiodistas.com.mx\/portal\/wp-content\/uploads\/2021\/04\/Captura-de-Pantalla-2021-04-13-a-las-8.35.48.jpg 1124w\" sizes=\"(max-width: 1024px) 100vw, 1024px\" \/><\/figure>\n\n\n\n<figure class=\"wp-block-table\"><table><tbody><tr><td><em>Fuente: Encuesta Nacional de Cultura C\u00edvica (ENCUCI) 2020.<\/em><\/td><\/tr><\/tbody><\/table><\/figure>\n\n\n\n<p>Ante el notable desprestigio de los partidos pol\u00edticos cabr\u00eda preguntarse \u00bfla percepci\u00f3n ciudadana entorno a los partidos pol\u00edticos es una las razones del creciente abstencionismo en los procesos electorales?<\/p>\n\n\n\n<p>Es una posibilidad, aunque tambi\u00e9n una realidad que refleja la misma ENCUCI 2020 es que el 80.3% de la poblaci\u00f3n considera que el voto sirve para que haya un mejor gobierno, aunque no necesariamente esta opini\u00f3n se vea reflejada de manera directa o proporcional en la emisi\u00f3n del mismo en las jornadas electorales.<\/p>\n\n\n\n<p>Al respecto, cabe mencionar que la ciudadan\u00eda pasa de un bajo inter\u00e9s por la pol\u00edtica al activismo cuando cree que puede afectar los resultados en el sistema. Por lo tanto, su percepci\u00f3n de la integridad del proceso de votaci\u00f3n influye en su capacidad para afectar la pol\u00edtica gubernamental.<\/p>\n\n\n\n<p>Es cierto que nuestro pa\u00eds ha tenido una larga historia de denuncias de fraude electoral en el siglo XX y acusaciones hacia algunos procesos electorales en los albores del siglo XXI y que esto tambi\u00e9n influye en la inclinaci\u00f3n de la gente a participar en el proceso electoral; hasta cierto punto no s\u00f3lo por la confianza en su propia eficacia pol\u00edtica o por la integridad de las instituciones y el proceso mismo, sino tambi\u00e9n por su nivel de activismo pol\u00edtico de manera particular.<\/p>\n\n\n\n<p>As\u00ed, respecto a la inclinaci\u00f3n democr\u00e1tica de los mexicanos, resulta llamativo que el 88.7% de la poblaci\u00f3n de 15 a\u00f1os y m\u00e1s est\u00e1 de a acuerdo en que para gobernar un pa\u00eds se necesita tener un gobierno en donde todos participen en la toma de decisiones, pero a su vez tambi\u00e9n un 77.5 % de la poblaci\u00f3n considera que para gobernar es necesario un gobierno encabezado por un l\u00edder pol\u00edtico fuerte.<\/p>\n\n\n\n<p>Paradojas de la democracia o resultado de nuestra propia cultura pol\u00edtica este indicador sobre la aprobaci\u00f3n que reciben los liderazgos fuertes nos ha de llamar la atenci\u00f3n sobre la misma figura que encarna el actual mandatario, Andr\u00e9s Manuel L\u00f3pez Obrador y su nivel de aprobaci\u00f3n entre la misma ciudadan\u00eda.<\/p>\n\n\n\n<figure class=\"wp-block-image size-large\"><img decoding=\"async\" width=\"1024\" height=\"507\" src=\"https:\/\/losperiodistas.com.mx\/portal\/wp-content\/uploads\/2021\/04\/Captura-de-Pantalla-2021-04-13-a-las-8.36.14-1024x507.jpg\" alt=\"\" class=\"wp-image-6886\" srcset=\"https:\/\/losperiodistas.com.mx\/portal\/wp-content\/uploads\/2021\/04\/Captura-de-Pantalla-2021-04-13-a-las-8.36.14-1024x507.jpg 1024w, https:\/\/losperiodistas.com.mx\/portal\/wp-content\/uploads\/2021\/04\/Captura-de-Pantalla-2021-04-13-a-las-8.36.14-300x149.jpg 300w, https:\/\/losperiodistas.com.mx\/portal\/wp-content\/uploads\/2021\/04\/Captura-de-Pantalla-2021-04-13-a-las-8.36.14-768x380.jpg 768w, https:\/\/losperiodistas.com.mx\/portal\/wp-content\/uploads\/2021\/04\/Captura-de-Pantalla-2021-04-13-a-las-8.36.14.jpg 1212w\" sizes=\"(max-width: 1024px) 100vw, 1024px\" \/><\/figure>\n\n\n\n<figure class=\"wp-block-table\"><table><tbody><tr><td><em>Fuente: Encuesta Nacional de Cultura C\u00edvica (ENCUCI) 2020.<\/em><\/td><\/tr><\/tbody><\/table><\/figure>\n\n\n\n<p>Es decir, en el imaginario colectivo como mexicanos estamos de acuerdo en la democracia y en el valor del voto, pero tambi\u00e9n existe una considerable aprobaci\u00f3n respecto al perfil de quien nos gobierne, y lo que nos dice precisamente la ENCUCI es que los mexicanos preferimos a un l\u00edder fuerte que ejerza su autoridad al momento de gobernar.<\/p>\n\n\n\n<p>Esta descripci\u00f3n lejos de causar extra\u00f1eza se ajusta en lo general a la clasificaci\u00f3n que se ha hecho de nuestro pa\u00eds como un r\u00e9gimen presidencial donde la figura de los ejecutivos, sea el presidente o los gobernadores est\u00e1n asociadas a liderazgos a menudo caudillistas, carism\u00e1ticos y cesaristas en su ejercicio de gobierno.<\/p>\n\n\n\n<p>No se trata de un asunto menor, ya que permite dilucidar el gran desaf\u00edo que, como mexicanos, a\u00fan tenemos en la construcci\u00f3n de una sociedad y una democracia con una cultura pol\u00edtica m\u00e1s participativa, donde el papel ciudadano se centre en la construcci\u00f3n de una democracia participativa, siendo conscientes de manera madura de nuestros derechos s\u00ed, pero tambi\u00e9n de nuestras responsabilidades y obligaciones. <\/p>\n\n\n\n<p>@ojedapepe<\/p>\n","protected":false},"excerpt":{"rendered":"<p>Entre el parroquiano y el ciudadano participativo Por Jos\u00e9 Ojeda Bustamante La cultura pol\u00edtica de cualquier sociedad es en gran [&hellip;]<\/p>\n","protected":false},"author":1,"featured_media":6887,"comment_status":"open","ping_status":"open","sticky":false,"template":"","format":"standard","meta":{"site-sidebar-layout":"default","site-content-layout":"","ast-site-content-layout":"default","site-content-style":"default","site-sidebar-style":"default","ast-global-header-display":"","ast-banner-title-visibility":"","ast-main-header-display":"","ast-hfb-above-header-display":"","ast-hfb-below-header-display":"","ast-hfb-mobile-header-display":"","site-post-title":"","ast-breadcrumbs-content":"","ast-featured-img":"","footer-sml-layout":"","theme-transparent-header-meta":"","adv-header-id-meta":"","stick-header-meta":"","header-above-stick-meta":"","header-main-stick-meta":"","header-below-stick-meta":"","astra-migrate-meta-layouts":"default","ast-page-background-enabled":"default","ast-page-background-meta":{"desktop":{"background-color":"var(--ast-global-color-4)","background-image":"","background-repeat":"repeat","background-position":"center center","background-size":"auto","background-attachment":"scroll","background-type":"","background-media":"","overlay-type":"","overlay-color":"","overlay-opacity":"","overlay-gradient":""},"tablet":{"background-color":"","background-image":"","background-repeat":"repeat","background-position":"center center","background-size":"auto","background-attachment":"scroll","background-type":"","background-media":"","overlay-type":"","overlay-color":"","overlay-opacity":"","overlay-gradient":""},"mobile":{"background-color":"","background-image":"","background-repeat":"repeat","background-position":"center center","background-size":"auto","background-attachment":"scroll","background-type":"","background-media":"","overlay-type":"","overlay-color":"","overlay-opacity":"","overlay-gradient":""}},"ast-content-background-meta":{"desktop":{"background-color":"var(--ast-global-color-5)","background-image":"","background-repeat":"repeat","background-position":"center center","background-size":"auto","background-attachment":"scroll","background-type":"","background-media":"","overlay-type":"","overlay-color":"","overlay-opacity":"","overlay-gradient":""},"tablet":{"background-color":"var(--ast-global-color-5)","background-image":"","background-repeat":"repeat","background-position":"center center","background-size":"auto","background-attachment":"scroll","background-type":"","background-media":"","overlay-type":"","overlay-color":"","overlay-opacity":"","overlay-gradient":""},"mobile":{"background-color":"var(--ast-global-color-5)","background-image":"","background-repeat":"repeat","background-position":"center center","background-size":"auto","background-attachment":"scroll","background-type":"","background-media":"","overlay-type":"","overlay-color":"","overlay-opacity":"","overlay-gradient":""}},"footnotes":""},"categories":[2043,8],"tags":[1020],"class_list":["post-6884","post","type-post","status-publish","format-standard","has-post-thumbnail","hentry","category-en-las-antipodas-2","category-noticias","tag-que-valoras-los-mexicanos"],"_links":{"self":[{"href":"https:\/\/losperiodistas.com.mx\/portal\/wp-json\/wp\/v2\/posts\/6884","targetHints":{"allow":["GET"]}}],"collection":[{"href":"https:\/\/losperiodistas.com.mx\/portal\/wp-json\/wp\/v2\/posts"}],"about":[{"href":"https:\/\/losperiodistas.com.mx\/portal\/wp-json\/wp\/v2\/types\/post"}],"author":[{"embeddable":true,"href":"https:\/\/losperiodistas.com.mx\/portal\/wp-json\/wp\/v2\/users\/1"}],"replies":[{"embeddable":true,"href":"https:\/\/losperiodistas.com.mx\/portal\/wp-json\/wp\/v2\/comments?post=6884"}],"version-history":[{"count":2,"href":"https:\/\/losperiodistas.com.mx\/portal\/wp-json\/wp\/v2\/posts\/6884\/revisions"}],"predecessor-version":[{"id":9141,"href":"https:\/\/losperiodistas.com.mx\/portal\/wp-json\/wp\/v2\/posts\/6884\/revisions\/9141"}],"wp:featuredmedia":[{"embeddable":true,"href":"https:\/\/losperiodistas.com.mx\/portal\/wp-json\/wp\/v2\/media\/6887"}],"wp:attachment":[{"href":"https:\/\/losperiodistas.com.mx\/portal\/wp-json\/wp\/v2\/media?parent=6884"}],"wp:term":[{"taxonomy":"category","embeddable":true,"href":"https:\/\/losperiodistas.com.mx\/portal\/wp-json\/wp\/v2\/categories?post=6884"},{"taxonomy":"post_tag","embeddable":true,"href":"https:\/\/losperiodistas.com.mx\/portal\/wp-json\/wp\/v2\/tags?post=6884"}],"curies":[{"name":"wp","href":"https:\/\/api.w.org\/{rel}","templated":true}]}}