{"id":6881,"date":"2021-04-13T08:24:23","date_gmt":"2021-04-13T13:24:23","guid":{"rendered":"http:\/\/losperiodistas.com.mx\/portal\/?p=6881"},"modified":"2021-04-13T08:24:25","modified_gmt":"2021-04-13T13:24:25","slug":"mexico-honduras-y-guatemala-enviaran-mas-tropas-a-sus-fronteras-para-frenar-la-migracion-a-ee-uu","status":"publish","type":"post","link":"https:\/\/losperiodistas.com.mx\/portal\/mexico-honduras-y-guatemala-enviaran-mas-tropas-a-sus-fronteras-para-frenar-la-migracion-a-ee-uu\/","title":{"rendered":"M\u00e9xico, Honduras y Guatemala enviar\u00e1n m\u00e1s tropas a sus fronteras para frenar la migraci\u00f3n a EE UU"},"content":{"rendered":"\n<h2 class=\"wp-block-heading\" style=\"font-size:18px\"><em>Un funcionario de la Casa Blanca afirma que los gobiernos de los pa\u00edses se han comprometido a reforzar su seguridad para reducir el tr\u00e1fico de personas<\/em><\/h2>\n\n\n\n<figure class=\"wp-block-image size-large\"><img fetchpriority=\"high\" decoding=\"async\" width=\"1024\" height=\"745\" src=\"https:\/\/losperiodistas.com.mx\/portal\/wp-content\/uploads\/2021\/04\/Captura-de-Pantalla-2021-04-13-a-las-8.20.54-1024x745.jpg\" alt=\"\" class=\"wp-image-6882\" srcset=\"https:\/\/losperiodistas.com.mx\/portal\/wp-content\/uploads\/2021\/04\/Captura-de-Pantalla-2021-04-13-a-las-8.20.54-1024x745.jpg 1024w, https:\/\/losperiodistas.com.mx\/portal\/wp-content\/uploads\/2021\/04\/Captura-de-Pantalla-2021-04-13-a-las-8.20.54-300x218.jpg 300w, https:\/\/losperiodistas.com.mx\/portal\/wp-content\/uploads\/2021\/04\/Captura-de-Pantalla-2021-04-13-a-las-8.20.54-768x559.jpg 768w, https:\/\/losperiodistas.com.mx\/portal\/wp-content\/uploads\/2021\/04\/Captura-de-Pantalla-2021-04-13-a-las-8.20.54.jpg 1300w\" sizes=\"(max-width: 1024px) 100vw, 1024px\" \/><\/figure>\n\n\n\n<p class=\"has-vivid-cyan-blue-color has-text-color has-medium-font-size\">LUIS PABLO BEAUREGARD \/ Los \u00c1ngeles \/ EL PA\u00cdS<\/p>\n\n\n\n<p>La Administraci\u00f3n del&nbsp;<a href=\"https:\/\/elpais.com\/noticias\/joseph-biden\/\">presidente Joe Biden<\/a>&nbsp;ha logrado arrancar un compromiso a los gobiernos de M\u00e9xico, Honduras y Guatemala para reforzar sus fronteras. Tyler Moran, un consejero del mandatario en temas de inmigraci\u00f3n, afirm\u00f3 a la cadena televisiva MSNBC que los ejecutivos de los pa\u00edses mencionados han aceptado elevar el n\u00famero de elementos de seguridad para robustecer la vigilancia en los puntos de tr\u00e1nsito en la ruta hacia el norte. El anuncio fue confirmado por la portavoz de la Casa Blanca, Jen Paski, quien afirm\u00f3 que la&nbsp;<a href=\"https:\/\/elpais.com\/noticias\/administracion-andres-manuel-lopez-obrador\/\" target=\"_blank\" rel=\"noreferrer noopener\">Administraci\u00f3n de Andr\u00e9s Manuel L\u00f3pez Obrador&nbsp;<\/a>en M\u00e9xico tiene a 10.000 uniformados en su frontera con Guatemala, 1.200 elementos m\u00e1s que los que fueron reportados el 22 de marzo. El mes pasado registr\u00f3 el r\u00e9cord de cruces ilegales a Estados Unidos en los \u00faltimos 15 a\u00f1os.&nbsp;<a href=\"https:\/\/elpais.com\/internacional\/2021-04-02\/estados-unidos-registra-en-marzo-171000-migrantes-en-la-frontera-el-mayor-numero-en-15-anos.html\">M\u00e1s de 172.300 migrantes fueron detenidos&nbsp;<\/a>por agentes de inmigraci\u00f3n. Entre ellos 18.800 menores que llegaron solos y que se han convertido en el rostro del fen\u00f3meno de 2021.<\/p>\n\n\n\n<p>Tyler Moran ha afirmado que el acuerdo impedir\u00e1 a los traficantes de personas, contrabandistas y carteles \u201caprovecharse de los menores durante su camino\u201d y que las medidas tambi\u00e9n \u201clos proteger\u00e1n\u201d. El Gobierno de M\u00e9xico, a trav\u00e9s de la secretar\u00eda de Relaciones Exteriores, ha reaccionado esta tarde al anuncio de la Casa Blanca matizando el supuesto aumento de tropas. \u201cM\u00e9xico mantendr\u00e1 el despliegue ya existente de fuerzas federales en su zona fronteriza, con el objetivo de hacer cumplir su propia legislaci\u00f3n migratoria\u201d, se\u00f1ala el comunicado. La Administraci\u00f3n de L\u00f3pez Obrador \u201csostiene que el desarrollo econ\u00f3mico y social es la \u00fanica soluci\u00f3n de fondo al fen\u00f3meno migratorio\u201d, a\u00f1ade el texto de las autoridades.<\/p>\n\n\n\n<p>La vicepresidenta&nbsp;<a href=\"https:\/\/elpais.com\/internacional\/2021-03-24\/joe-biden-encarga-a-kamala-harris-la-gestion-de-la-crisis-migratoria-en-la-frontera-con-mexico.html\">Kamala Harris, quien recibi\u00f3 el encargo de Biden para hacer frente a la situaci\u00f3n<\/a>&nbsp;en la frontera, sostuvo el mi\u00e9rcoles una llamada con el presidente L\u00f3pez Obrador. Ambos acordaron mantener un trabajo conjunto para \u201ccontrarrestar el contrabando humano y la trata de personas\u201d. Harris tambi\u00e9n comunic\u00f3 al mandatario mexicano los esfuerzos \u201corientados a incrementar la asistencia humanitaria\u201d, una mayor inversi\u00f3n, que se destina a los pa\u00edses del Tri\u00e1ngulo Norte de Centroam\u00e9rica, que tienen a los altos niveles de pobreza e inseguridad como principales motores de la expulsi\u00f3n.<\/p>\n\n\n\n<p>M\u00e9xico aument\u00f3 durante marzo el n\u00famero de redadas y operativos para reducir el tr\u00e1fico ilegal de personas, pero estos no han dado los resultados esperados debido a las restricciones forzadas por la pandemia y las condiciones limitadas de los centros de detenci\u00f3n del pa\u00eds norteamericano. Las cosas parecen cambiar en abril gracias a la presi\u00f3n de las autoridades estadounidenses sobre los vecinos. La portavoz de la Casa Blanca, Jen Psaki, ha afirmado este lunes que el aumento del n\u00famero de elementos de la Guardia Nacional mexicana en la frontera con Guatemala ha duplicado el n\u00famero diario de arrestos en la zona. Este fin de semana, por ejemplo, empleados del Instituto de Migraci\u00f3n rescataron a 136 personas de una casa de seguridad en el estado de Tlaxcala, centro de M\u00e9xico, donde se hallaban 68 personas de n\u00facleos familiares y 19 menores solos.<\/p>\n\n\n\n<p>Las estad\u00edsticas del Gobierno de Estados Unidos se\u00f1alan que tambi\u00e9n ha incrementado la migraci\u00f3n de unidades familiares. Esto es uno o dos padres que emprenden la ruta al norte con alg\u00fan hijo. De acuerdo con los n\u00fameros publicados la semana pasada 52.900 personas con estas caracter\u00edsticas fueron detenidas en la frontera. Durante febrero, en cambio, 19.200 migrantes de este grupo estuvieron en custodia.<\/p>\n\n\n\n<h2 class=\"wp-block-heading\">Nuevos nombramientos<\/h2>\n\n\n\n<p>Al mismo tiempo que intenta controlar la situaci\u00f3n en la frontera, la Administraci\u00f3n de Biden pretende transformar el sistema de control de inmigraci\u00f3n. La Casa Blanca ha confirmado esta ma\u00f1ana que el presidente estadounidense ha propuesto seis nuevos nombramientos en posiciones clave del Departamento de Seguridad Interior (Homeland Security). Entre ellos se encuentran dos grandes cr\u00edticos de las pol\u00edticas migratorias de Donald Trump. Este bloque de seis designaciones debe ser avalado por el Congreso en las pr\u00f3ximas semanas.<\/p>\n\n\n\n<p>Chris Magnus, el jefe de polic\u00eda de Tucson (Arizona) desde 2016, ha sido nominado al puesto de comisionado de la Oficina de Aduanas y Protecci\u00f3n Fronteriza. La CBP, por sus siglas en ingl\u00e9s, es el gran aparato de vigilancia a lo largo de los m\u00e1s de 3.000 kil\u00f3metros de frontera gracias a la patrulla fronteriza. Magnus, casado con un hombre desde hace 15 a\u00f1os e hijo de un emigrante noruego, tiene una larga trayectoria en los cuerpos policiales desde que entr\u00f3 a la fuerza de Lansig (Michigan). Posteriormente fue jefe de las polic\u00edas en Fargo (Dakota del Norte), Richmond (California) y en Tucson, cerca de M\u00e9xico. Educado en Harvard, su gesti\u00f3n ha sido conocida por buscar una visi\u00f3n m\u00e1s progresista y un entrenamiento enfocado en que los agentes sean menos agresivos y construyan mejores relaciones con sus vecinos.<\/p>\n\n\n\n<p>Otra hija de emigrantes ser\u00e1 la encargada de los servicios de Ciudadan\u00eda e Inmigraci\u00f3n (USCIS por sus siglas en ingl\u00e9s). Ur Mendoza Jaddou, de madre mexicana y padre iraqu\u00ed, creci\u00f3 en Chula Vista, California, muy cerca de la frontera con M\u00e9xico. Jaddou, una abogada de Stanford y la Universidad de California, es encargada desde 2018 de un mecanismo\u00a0<a href=\"https:\/\/americasvoice.org\/tag\/dhs-watch\/\" target=\"_blank\" rel=\"noreferrer noopener\">que vigila y califica<\/a>\u00a0las pol\u00edticas migratorias de la Administraci\u00f3n federal. Antes fue asesora del Departamento de Seguridad Interior durante la presidencia de Barack Obama. Entre los otros nombramientos tambi\u00e9n destaca el del coronel John Tien, quien fue asesor de seguridad especializado en la situaci\u00f3n de Irak y Afganist\u00e1n con el expresidente dem\u00f3crata.<\/p>\n\n\n\n<p>Fuente: https:\/\/elpais.com\/internacional\/2021-04-12\/mexico-honduras-y-guatemala-enviaran-mas-tropas-a-sus-fronteras-para-frenar-la-migracion-a-ee-uu.html<\/p>\n\n\n\n<p><\/p>\n\n\n\n<p><a href=\"https:\/\/www.facebook.com\/dialog\/share?display=popup&amp;app_id=94039431626&amp;href=https%3A%2F%2Felpais.com%2Finternacional%2F2021-04-12%2Fmexico-honduras-y-guatemala-enviaran-mas-tropas-a-sus-fronteras-para-frenar-la-migracion-a-ee-uu.html%3Fssm=FB_CC&amp;quote=M%C3%A9xico%2C%20Honduras%20y%20Guatemala%20enviar%C3%A1n%20m%C3%A1s%20tropas%20a%20sus%20fronteras%20para%20frenar%20la%20migraci%C3%B3n%20a%20EE%20UU%20\" target=\"_blank\" rel=\"noreferrer noopener\"><\/a><a href=\"https:\/\/twitter.com\/intent\/tweet?url=https%3A%2F%2Felpais.com%2Finternacional%2F2021-04-12%2Fmexico-honduras-y-guatemala-enviaran-mas-tropas-a-sus-fronteras-para-frenar-la-migracion-a-ee-uu.html%3Fssm=TW_CC&amp;text=M%C3%A9xico%2C%20Honduras%20y%20Guatemala%20enviar%C3%A1n%20m%C3%A1s%20tropas%20a%20sus%20fronteras%20para%20frenar%20la%20migraci%C3%B3n%20a%20EE%20UU%20&amp;via=el_pais&amp;lang=es\" target=\"_blank\" rel=\"noreferrer noopener\"><\/a><a href=\"https:\/\/elpais.com\/internacional\/2021-04-12\/mexico-honduras-y-guatemala-enviaran-mas-tropas-a-sus-fronteras-para-frenar-la-migracion-a-ee-uu.html#comentarios\"><\/a><a href=\"mailto:?subject=M%C3%A9xico%2C%20Honduras%20y%20Guatemala%20enviar%C3%A1n%20m%C3%A1s%20tropas%20a%20sus%20fronteras%20para%20frenar%20la%20migraci%C3%B3n%20a%20EE%20UU%20&amp;body=https%3A%2F%2Felpais.com%2Finternacional%2F2021-04-12%2Fmexico-honduras-y-guatemala-enviaran-mas-tropas-a-sus-fronteras-para-frenar-la-migracion-a-ee-uu.html%3Fprm=enviar_email\"><\/a><\/p>\n","protected":false},"excerpt":{"rendered":"<p>Un funcionario de la Casa Blanca afirma que los gobiernos de los pa\u00edses se han comprometido a reforzar su seguridad [&hellip;]<\/p>\n","protected":false},"author":1,"featured_media":6882,"comment_status":"open","ping_status":"open","sticky":false,"template":"","format":"standard","meta":{"site-sidebar-layout":"default","site-content-layout":"","ast-site-content-layout":"default","site-content-style":"default","site-sidebar-style":"default","ast-global-header-display":"","ast-banner-title-visibility":"","ast-main-header-display":"","ast-hfb-above-header-display":"","ast-hfb-below-header-display":"","ast-hfb-mobile-header-display":"","site-post-title":"","ast-breadcrumbs-content":"","ast-featured-img":"","footer-sml-layout":"","theme-transparent-header-meta":"","adv-header-id-meta":"","stick-header-meta":"","header-above-stick-meta":"","header-main-stick-meta":"","header-below-stick-meta":"","astra-migrate-meta-layouts":"default","ast-page-background-enabled":"default","ast-page-background-meta":{"desktop":{"background-color":"var(--ast-global-color-4)","background-image":"","background-repeat":"repeat","background-position":"center center","background-size":"auto","background-attachment":"scroll","background-type":"","background-media":"","overlay-type":"","overlay-color":"","overlay-opacity":"","overlay-gradient":""},"tablet":{"background-color":"","background-image":"","background-repeat":"repeat","background-position":"center center","background-size":"auto","background-attachment":"scroll","background-type":"","background-media":"","overlay-type":"","overlay-color":"","overlay-opacity":"","overlay-gradient":""},"mobile":{"background-color":"","background-image":"","background-repeat":"repeat","background-position":"center center","background-size":"auto","background-attachment":"scroll","background-type":"","background-media":"","overlay-type":"","overlay-color":"","overlay-opacity":"","overlay-gradient":""}},"ast-content-background-meta":{"desktop":{"background-color":"var(--ast-global-color-5)","background-image":"","background-repeat":"repeat","background-position":"center center","background-size":"auto","background-attachment":"scroll","background-type":"","background-media":"","overlay-type":"","overlay-color":"","overlay-opacity":"","overlay-gradient":""},"tablet":{"background-color":"var(--ast-global-color-5)","background-image":"","background-repeat":"repeat","background-position":"center center","background-size":"auto","background-attachment":"scroll","background-type":"","background-media":"","overlay-type":"","overlay-color":"","overlay-opacity":"","overlay-gradient":""},"mobile":{"background-color":"var(--ast-global-color-5)","background-image":"","background-repeat":"repeat","background-position":"center center","background-size":"auto","background-attachment":"scroll","background-type":"","background-media":"","overlay-type":"","overlay-color":"","overlay-opacity":"","overlay-gradient":""}},"footnotes":""},"categories":[8],"tags":[1016,1018,1019,1017],"class_list":["post-6881","post","type-post","status-publish","format-standard","has-post-thumbnail","hentry","category-noticias","tag-joe-biden-inmigracion","tag-migracion-guatemala","tag-migracion-mexico","tag-militarizar-migracion-honduras"],"_links":{"self":[{"href":"https:\/\/losperiodistas.com.mx\/portal\/wp-json\/wp\/v2\/posts\/6881","targetHints":{"allow":["GET"]}}],"collection":[{"href":"https:\/\/losperiodistas.com.mx\/portal\/wp-json\/wp\/v2\/posts"}],"about":[{"href":"https:\/\/losperiodistas.com.mx\/portal\/wp-json\/wp\/v2\/types\/post"}],"author":[{"embeddable":true,"href":"https:\/\/losperiodistas.com.mx\/portal\/wp-json\/wp\/v2\/users\/1"}],"replies":[{"embeddable":true,"href":"https:\/\/losperiodistas.com.mx\/portal\/wp-json\/wp\/v2\/comments?post=6881"}],"version-history":[{"count":1,"href":"https:\/\/losperiodistas.com.mx\/portal\/wp-json\/wp\/v2\/posts\/6881\/revisions"}],"predecessor-version":[{"id":6883,"href":"https:\/\/losperiodistas.com.mx\/portal\/wp-json\/wp\/v2\/posts\/6881\/revisions\/6883"}],"wp:featuredmedia":[{"embeddable":true,"href":"https:\/\/losperiodistas.com.mx\/portal\/wp-json\/wp\/v2\/media\/6882"}],"wp:attachment":[{"href":"https:\/\/losperiodistas.com.mx\/portal\/wp-json\/wp\/v2\/media?parent=6881"}],"wp:term":[{"taxonomy":"category","embeddable":true,"href":"https:\/\/losperiodistas.com.mx\/portal\/wp-json\/wp\/v2\/categories?post=6881"},{"taxonomy":"post_tag","embeddable":true,"href":"https:\/\/losperiodistas.com.mx\/portal\/wp-json\/wp\/v2\/tags?post=6881"}],"curies":[{"name":"wp","href":"https:\/\/api.w.org\/{rel}","templated":true}]}}