{"id":68453,"date":"2024-02-15T05:32:13","date_gmt":"2024-02-15T11:32:13","guid":{"rendered":"https:\/\/losperiodistas.com.mx\/portal\/?p=68453"},"modified":"2024-02-15T05:32:15","modified_gmt":"2024-02-15T11:32:15","slug":"morena-revela-lista-de-candidatos-a-diputados-federales-por-puebla-id","status":"publish","type":"post","link":"https:\/\/losperiodistas.com.mx\/portal\/morena-revela-lista-de-candidatos-a-diputados-federales-por-puebla-id\/","title":{"rendered":"Morena revela lista de candidatos a diputados federales por Puebla | ID"},"content":{"rendered":"\n<h2 class=\"has-medium-font-size wp-block-heading\">El partido dej\u00f3 tres espacios \u201cpendientes\u201d, los que corresponden a los distritos de San Mart\u00edn Texmelucan, Tepeaca y Ajalpan.&nbsp;<\/h2>\n\n\n\n<p><\/p>\n\n\n\n<p><img fetchpriority=\"high\" decoding=\"async\" width=\"640\" height=\"360\" src=\"https:\/\/assets.intoleranciadiario.com\/media\/images\/captura-de-pantalla-2024-02-15-a-la-s-2-01-24-a-m-1707986042020.png\" alt=\"Imagen: Captura de Pantalla\"><\/p>\n\n\n\n<p>Imagen: Captura de Pantalla<\/p>\n\n\n\n<p class=\"has-vivid-red-color has-text-color\"><\/p>\n\n\n\n<p class=\"has-vivid-red-color has-text-color has-medium-font-size\"><strong><a href=\"https:\/\/intoleranciadiario.com\/author\/ana-jennifer-de-la-fuente\">Ana Jennifer de la Fuente<\/a> \/ INTOLERANCIA DIARIO<\/strong><\/p>\n\n\n\n<p><strong>Mario Delgado,<\/strong>&nbsp;presidente nacional de Morena, revel\u00f3 la lista de las y los diputados federales por Puebla. En ella se encuentra \u201c<strong>pendiente<\/strong>\u201d la designaci\u00f3n de&nbsp;<strong>tres<\/strong>&nbsp;de los 16 abanderados.&nbsp;<\/p>\n\n\n\n<p>Los distritos 5, 7 y 16, que corresponden a\u00a0<strong>San Mart\u00edn Texmelucan, Tepeaca y Ajalpan,<\/strong>\u00a0respectivamente, se quedaron sin resolver, de acuerdo con lo publicado por Delgado al filo de las 2 de la ma\u00f1ana de este jueves 15 de febrero.\u00a0<\/p>\n\n\n\n<figure class=\"wp-block-embed is-type-rich is-provider-twitter wp-block-embed-twitter\"><div class=\"wp-block-embed__wrapper\">\n<blockquote class=\"twitter-tweet\" data-width=\"500\" data-dnt=\"true\"><p lang=\"zxx\" dir=\"ltr\"><a href=\"https:\/\/t.co\/QcWrmdqQpj\">pic.twitter.com\/QcWrmdqQpj<\/a><\/p>&mdash; Mario Delgado (@mario_delgado) <a href=\"https:\/\/twitter.com\/mario_delgado\/status\/1758032948061000188?ref_src=twsrc%5Etfw\">February 15, 2024<\/a><\/blockquote><script async src=\"https:\/\/platform.twitter.com\/widgets.js\" charset=\"utf-8\"><\/script>\n<\/div><\/figure>\n\n\n\n<p>Entre los nombres reconocidos se encuentran los de&nbsp;<strong>Alejandro Carvajal,<\/strong>&nbsp;quien repetir\u00e1 en el Distrito 6 de Puebla capital.&nbsp;<\/p>\n\n\n\n<p>El hijo de&nbsp;<em>Nacho<\/em>&nbsp;Mier y actual alcalde de Tecamachalco,&nbsp;<strong>Ignacio Mier Ba\u00f1uelos&nbsp;<\/strong>fue colocado en el distrito 8 con cabecera en Ciudad Serd\u00e1n.&nbsp;<\/p>\n\n\n\n<p><strong>Tony Gali L\u00f3pez,<\/strong>&nbsp;siglado por el PVEM, estar\u00e1 peleando el distrito 9, tambi\u00e9n con cabecera en Puebla capital.&nbsp;<\/p>\n\n\n\n<p><strong>Karina P\u00e9rez Popoca,&nbsp;<\/strong>quien fuera alcaldesa de San Andr\u00e9s Cholula, buscar\u00e1 ser la diputada federal por ese distrito, el 10.&nbsp;<\/p>\n\n\n\n<p><strong><em>To\u00f1o<\/em>&nbsp;L\u00f3pez<\/strong>, hoy diputado local por el Partido del Trabajo, buscar\u00e1 dar el salto y llegar a San L\u00e1zaro con los votos del distrito 11, ubicado en Puebla capital.&nbsp;<\/p>\n\n\n\n<p>En la misma situaci\u00f3n se encuentra su compa\u00f1era en el Congreso, la petista&nbsp;<strong>Nora Escamilla,<\/strong>&nbsp;quien buscar\u00e1 rescatar el distrito 12 de la capital, el mismo que perdi\u00f3 Morena tras el esc\u00e1ndalo del exdiputado&nbsp;<strong>Sa\u00fal Huerta,<\/strong>&nbsp;acusado y sentenciado por abuso y violaci\u00f3n de j\u00f3venes menores de edad.&nbsp;<\/p>\n\n\n\n<p><strong>Mario Miguel Carrillo Cubillas,&nbsp;<\/strong>sobrino de Mario Delgado, presidente nacional de Morena, fue designado como candidato en el distrito 13, Atlixco.&nbsp;<\/p>\n\n\n\n<p>El actual presidente del Congreso,&nbsp;<strong>Eduardo Castillo L\u00f3pez<\/strong>, buscar\u00e1 ganar la diputaci\u00f3n federal 14, de Iz\u00facar de Matamoros.&nbsp;<\/p>\n\n\n\n<p>Finalmente,&nbsp;<strong>Rosario Orozco<\/strong>, viuda del exgobernador&nbsp;<strong>Miguel Barbosa,<\/strong>&nbsp;fue designada para competir por el distrito 15 de Tehuac\u00e1n, bajo las siglas de Morena.&nbsp;<\/p>\n\n\n\n<h2 class=\"wp-block-heading\">Otros nombres<\/h2>\n\n\n\n<p><strong>Miguel M\u00e1rquez R\u00edos<\/strong>&nbsp;se qued\u00f3 con la candidatura al distrito 1 Huauchinango. El 2, Cuautilulco Barrio, se qued\u00f3 en manos del PVEM con<strong>&nbsp;F\u00e1tima Almendra Cruz Pela\u00e9.&nbsp;<\/strong><\/p>\n\n\n\n<p>Teziutl\u00e1n y Libres (distritos 3 y 4 respectivamente) son para los morenistas&nbsp;<strong>Marilyn Ballesteros<\/strong>&nbsp;y&nbsp;<strong>Juan Antonio Mart\u00ednez.&nbsp;<\/strong><\/p>\n\n\n\n<h2 class=\"wp-block-heading\">Comprometidos con el \u201cPlan C\u201d<\/h2>\n\n\n\n<p>\u201c<em>Despu\u00e9s de un exhaustivo an\u00e1lisis pol\u00edtico, estad\u00edstico, la aplicaci\u00f3n de un proceso de encuestas y definiciones de estrategia electoral para lograr la mayor\u00eda calificada en las C\u00e1maras del Congreso de la Uni\u00f3n y concretar el Plan C, se presentan las y los candidatos preseleccionados para competir por los 300 distritos de mayor\u00eda relativa de la Coalici\u00f3n Sigamos Haciendo Historia y MORENA, respectivamente<\/em>\u201d, afirma el comunicado.<\/p>\n\n\n\n<p>Al asegurar que los perfiles seleccionados impulsar\u00e1n \u201c<em>las reformas que consolidar\u00e1n el segundo piso de la cuarta transformaci\u00f3n e impedir\u00e1n el regreso al pasado de privilegios, abusos y corrupci\u00f3n<\/em>\u201d, el bolet\u00edn apunta que \u201c<em>las y los candidatos preseleccionados ser\u00e1n convocados oportunamente por las dirigencias de los partidos para los detalles del registro\u201d<\/em>.<\/p>\n\n\n\n<p>Fuente: <a href=\"https:\/\/intoleranciadiario.com\/articles\/politica\/2024\/02\/15\/1021860-morena-revela-lista-de-candidatos-a-diputados-federales-por-puebla.html\">https:\/\/intoleranciadiario.com\/articles\/politica\/2024\/02\/15\/1021860-morena-revela-lista-de-candidatos-a-diputados-federales-por-puebla.html<\/a><\/p>\n","protected":false},"excerpt":{"rendered":"<p>El partido dej\u00f3 tres espacios \u201cpendientes\u201d, los que corresponden a los distritos de San Mart\u00edn Texmelucan, Tepeaca y Ajalpan.&nbsp; Imagen: [&hellip;]<\/p>\n","protected":false},"author":1,"featured_media":68454,"comment_status":"open","ping_status":"open","sticky":false,"template":"","format":"standard","meta":{"site-sidebar-layout":"default","site-content-layout":"","ast-site-content-layout":"default","site-content-style":"default","site-sidebar-style":"default","ast-global-header-display":"","ast-banner-title-visibility":"","ast-main-header-display":"","ast-hfb-above-header-display":"","ast-hfb-below-header-display":"","ast-hfb-mobile-header-display":"","site-post-title":"","ast-breadcrumbs-content":"","ast-featured-img":"","footer-sml-layout":"","theme-transparent-header-meta":"","adv-header-id-meta":"","stick-header-meta":"","header-above-stick-meta":"","header-main-stick-meta":"","header-below-stick-meta":"","astra-migrate-meta-layouts":"default","ast-page-background-enabled":"default","ast-page-background-meta":{"desktop":{"background-color":"var(--ast-global-color-4)","background-image":"","background-repeat":"repeat","background-position":"center center","background-size":"auto","background-attachment":"scroll","background-type":"","background-media":"","overlay-type":"","overlay-color":"","overlay-opacity":"","overlay-gradient":""},"tablet":{"background-color":"","background-image":"","background-repeat":"repeat","background-position":"center center","background-size":"auto","background-attachment":"scroll","background-type":"","background-media":"","overlay-type":"","overlay-color":"","overlay-opacity":"","overlay-gradient":""},"mobile":{"background-color":"","background-image":"","background-repeat":"repeat","background-position":"center center","background-size":"auto","background-attachment":"scroll","background-type":"","background-media":"","overlay-type":"","overlay-color":"","overlay-opacity":"","overlay-gradient":""}},"ast-content-background-meta":{"desktop":{"background-color":"var(--ast-global-color-5)","background-image":"","background-repeat":"repeat","background-position":"center center","background-size":"auto","background-attachment":"scroll","background-type":"","background-media":"","overlay-type":"","overlay-color":"","overlay-opacity":"","overlay-gradient":""},"tablet":{"background-color":"var(--ast-global-color-5)","background-image":"","background-repeat":"repeat","background-position":"center center","background-size":"auto","background-attachment":"scroll","background-type":"","background-media":"","overlay-type":"","overlay-color":"","overlay-opacity":"","overlay-gradient":""},"mobile":{"background-color":"var(--ast-global-color-5)","background-image":"","background-repeat":"repeat","background-position":"center center","background-size":"auto","background-attachment":"scroll","background-type":"","background-media":"","overlay-type":"","overlay-color":"","overlay-opacity":"","overlay-gradient":""}},"footnotes":""},"categories":[8],"tags":[22345,22344,8633,22346],"class_list":["post-68453","post","type-post","status-publish","format-standard","has-post-thumbnail","hentry","category-noticias","tag-ajalpan","tag-morena-300-candidaturas","tag-tepeaca","tag-texmelucan"],"_links":{"self":[{"href":"https:\/\/losperiodistas.com.mx\/portal\/wp-json\/wp\/v2\/posts\/68453","targetHints":{"allow":["GET"]}}],"collection":[{"href":"https:\/\/losperiodistas.com.mx\/portal\/wp-json\/wp\/v2\/posts"}],"about":[{"href":"https:\/\/losperiodistas.com.mx\/portal\/wp-json\/wp\/v2\/types\/post"}],"author":[{"embeddable":true,"href":"https:\/\/losperiodistas.com.mx\/portal\/wp-json\/wp\/v2\/users\/1"}],"replies":[{"embeddable":true,"href":"https:\/\/losperiodistas.com.mx\/portal\/wp-json\/wp\/v2\/comments?post=68453"}],"version-history":[{"count":1,"href":"https:\/\/losperiodistas.com.mx\/portal\/wp-json\/wp\/v2\/posts\/68453\/revisions"}],"predecessor-version":[{"id":68455,"href":"https:\/\/losperiodistas.com.mx\/portal\/wp-json\/wp\/v2\/posts\/68453\/revisions\/68455"}],"wp:featuredmedia":[{"embeddable":true,"href":"https:\/\/losperiodistas.com.mx\/portal\/wp-json\/wp\/v2\/media\/68454"}],"wp:attachment":[{"href":"https:\/\/losperiodistas.com.mx\/portal\/wp-json\/wp\/v2\/media?parent=68453"}],"wp:term":[{"taxonomy":"category","embeddable":true,"href":"https:\/\/losperiodistas.com.mx\/portal\/wp-json\/wp\/v2\/categories?post=68453"},{"taxonomy":"post_tag","embeddable":true,"href":"https:\/\/losperiodistas.com.mx\/portal\/wp-json\/wp\/v2\/tags?post=68453"}],"curies":[{"name":"wp","href":"https:\/\/api.w.org\/{rel}","templated":true}]}}