{"id":68443,"date":"2024-02-14T20:52:56","date_gmt":"2024-02-15T02:52:56","guid":{"rendered":"https:\/\/losperiodistas.com.mx\/portal\/?p=68443"},"modified":"2024-02-14T20:52:58","modified_gmt":"2024-02-15T02:52:58","slug":"opinion-momento-para-el-nearshoring-en-puebla","status":"publish","type":"post","link":"https:\/\/losperiodistas.com.mx\/portal\/opinion-momento-para-el-nearshoring-en-puebla\/","title":{"rendered":"Opini\u00f3n | Momento para el nearshoring en Puebla"},"content":{"rendered":"\n<p><\/p>\n\n\n\n<p class=\"has-vivid-red-color has-text-color\" style=\"font-size:26px\"><strong><em>Por Fernando Manzanilla Prieto<\/em><\/strong><\/p>\n\n\n\n<p>Desde hace algunos meses, en este mismo espacio, he insistido en la importancia de apuntalar el <em>\u201cnearshoring\u201d<\/em> con nuestros vecinos del norte, ya que ante el replanteamiento que las empresas estadounidenses realizan de sus relaciones postpandemia con China, indudablemente este fen\u00f3meno beneficiar\u00eda a M\u00e9xico.<\/p>\n\n\n\n<p>Afortunadamente, los resultados no han tardado en manifestarse. Cifras publicadas por la Oficina de An\u00e1lisis Econ\u00f3mico de Estados Unidos (BEA, por sus siglas en ingl\u00e9s) se\u00f1alan que nuestro pa\u00eds fue el mayor proveedor de mercanc\u00edas a Estados Unidos en 2023, con lo cual se destron\u00f3 de este puesto a China, naci\u00f3n que durante 15 a\u00f1os se sostuvo como el mayor exportador al mercado norteamericano.<\/p>\n\n\n\n<p>En este mismo estudio se ha dado a conocer que M\u00e9xico export\u00f3 bienes a Estados Unidos por 475 mil 606 millones de d\u00f3lares, lo cual signific\u00f3 un crecimiento anual de 4.6 por ciento y que las exportaciones mexicanas representaron el 15.4 por ciento del total de mercanc\u00edas que Estados Unidos compr\u00f3 a sus socios comerciales.<\/p>\n\n\n\n<p>Aunado a liderar las exportaciones, nuestro pa\u00eds tambi\u00e9n recuper\u00f3 en 2023 el sitio como el principal socio comercial de Estados Unidos en su totalidad, lo cual no lograba desde 2019. En este sentido es que el comercio bilateral sum\u00f3 798 mil 834 millones de d\u00f3lares, con un alza del 2.5 por ciento.<\/p>\n\n\n\n<p>De manera muy clara, M\u00e9xico representa una de las mejores apuestas para impulsar la competitividad econ\u00f3mica de Am\u00e9rica del Norte, ya que, por su proximidad geogr\u00e1fica, as\u00ed como por los acuerdos comerciales existentes como es el Tratado del Libre Comercio -actualizado en 2020-, se ha incentivado una mayor confianza en los centros de producci\u00f3n nacionales.<\/p>\n\n\n\n<p>Recordemos que el <em>nearshoring<\/em> o tambi\u00e9n conocido como <em>reshoring<\/em> se refiere a la relocalizaci\u00f3n de procesos de negocios a un pa\u00eds cercano, en el que las empresas se benefician de las diferentes dimensiones del concepto de proximidad, ya sea geogr\u00e1fica, de huso horario, cultural, de idioma, econ\u00f3mica, pol\u00edtica o inclusive, hist\u00f3rica.<\/p>\n\n\n\n<p>Es por ello que ante los crecientes costos laborales en China y las tensiones geopol\u00edticas con este pa\u00eds, as\u00ed como las medidas proteccionistas para reducir el d\u00e9ficit comercial, M\u00e9xico tiene la gran oportunidad de consolidarse como la mejor alternativa para las cadenas de suministro de Estados Unidos.<\/p>\n\n\n\n<p>En esta ecuaci\u00f3n, Puebla juega un papel muy relevante por las claras ventajas competitivas que representa para la relocalizaci\u00f3n de empresas extranjeras y con ello para atraer estas inversiones que repercutir\u00e1n en el crecimiento econ\u00f3mico de la regi\u00f3n.<\/p>\n\n\n\n<p>Al respecto, se sabe que hay un gran inter\u00e9s de diversas automotrices de otros pa\u00edses en relocalizarse y nuestro estado cuenta con la ventaja de ya ser un cl\u00faster automotriz en el pa\u00eds, pero tambi\u00e9n con la de tener una ubicaci\u00f3n estrat\u00e9gica, as\u00ed como mano de obra calificada, dado que posee diversas universidades de gran prestigio, adem\u00e1s de la calidad de sus servicios.<\/p>\n\n\n\n<p>De acuerdo con informaci\u00f3n de la Secretar\u00eda de Econom\u00eda federal, Puebla capt\u00f3 1 mil 022 millones de d\u00f3lares en Inversi\u00f3n Extranjera Directa hasta el tercer trimestre del 2023, del cual la industria manufacturera capt\u00f3 53 por ciento.<\/p>\n\n\n\n<p>Desafortunadamente, la huelga que persiste en la planta de Audi en Puebla no manda un buen mensaje a los inversionistas extranjeros en este momento clave del <em>nearshoring.<\/em> En medios locales, nacionales e internacionales circula la noticia de que los trabajadores de la empresa \u201cde los cuatro aros\u201d han rechazado el aumento salarial del 7% para este a\u00f1o (5% al salario y 2% a prestaciones) y se mantienen, a trav\u00e9s de su sindicato, en la postura de conquistar el incremento del 15%.<\/p>\n\n\n\n<p>Hay varias aristas de este paro, entre los cuales sin duda destaca el del nuevo papel que juega este acontecimiento para el sindicalismo en el pa\u00eds y para los derechos de la base trabajadora. Por otro lado, tampoco se debe escatimar que el sector automotriz estatal ya cifra en m\u00e1s de 10 mil millones de pesos las p\u00e9rdidas para la compa\u00f1\u00eda por la par\u00e1lisis en sus l\u00edneas de producci\u00f3n.<\/p>\n\n\n\n<p>Muy independiente a estos temas, insisto en la importancia de tener en la mira el momento clave en el que est\u00e1n sucediendo y si estas se\u00f1ales son buenas o no para el mercado internacional en donde diversas empresas realizan el an\u00e1lisis para su relocalizaci\u00f3n.<\/p>\n\n\n\n<p>Ante este contexto, una de las mayores urgencias que tiene Puebla es la de una mayor diversificaci\u00f3n de su industria, como es la que existe en el sector de la tecnolog\u00eda, ya que es el que nos puede brindar las mayores capacidades de desarrollo, pues se ha observado que las regiones que han apostado a \u00e9l son las que m\u00e1s han avanzado.<\/p>\n\n\n\n<p>Por ello es que insisto en que es necesario que Puebla desdoble todo su potencial para atraer empresas aprovechando como una gran ventaja competitiva la inversi\u00f3n que se ha sembrado por muchos a\u00f1os en regi\u00f3n tanto en infraestructura como en talento humano.<\/p>\n\n\n\n<p>Bien dec\u00eda Einstein que en medio de la dificultad reside la oportunidad, veamos as\u00ed la posibilidad de hacer crecer el potencial econ\u00f3mico de nuestra entidad.<\/p>\n","protected":false},"excerpt":{"rendered":"<p>Por Fernando Manzanilla Prieto Desde hace algunos meses, en este mismo espacio, he insistido en la importancia de apuntalar el [&hellip;]<\/p>\n","protected":false},"author":1,"featured_media":68444,"comment_status":"open","ping_status":"open","sticky":false,"template":"","format":"standard","meta":{"site-sidebar-layout":"default","site-content-layout":"","ast-site-content-layout":"default","site-content-style":"default","site-sidebar-style":"default","ast-global-header-display":"","ast-banner-title-visibility":"","ast-main-header-display":"","ast-hfb-above-header-display":"","ast-hfb-below-header-display":"","ast-hfb-mobile-header-display":"","site-post-title":"","ast-breadcrumbs-content":"","ast-featured-img":"","footer-sml-layout":"","theme-transparent-header-meta":"","adv-header-id-meta":"","stick-header-meta":"","header-above-stick-meta":"","header-main-stick-meta":"","header-below-stick-meta":"","astra-migrate-meta-layouts":"default","ast-page-background-enabled":"default","ast-page-background-meta":{"desktop":{"background-color":"var(--ast-global-color-4)","background-image":"","background-repeat":"repeat","background-position":"center center","background-size":"auto","background-attachment":"scroll","background-type":"","background-media":"","overlay-type":"","overlay-color":"","overlay-opacity":"","overlay-gradient":""},"tablet":{"background-color":"","background-image":"","background-repeat":"repeat","background-position":"center center","background-size":"auto","background-attachment":"scroll","background-type":"","background-media":"","overlay-type":"","overlay-color":"","overlay-opacity":"","overlay-gradient":""},"mobile":{"background-color":"","background-image":"","background-repeat":"repeat","background-position":"center center","background-size":"auto","background-attachment":"scroll","background-type":"","background-media":"","overlay-type":"","overlay-color":"","overlay-opacity":"","overlay-gradient":""}},"ast-content-background-meta":{"desktop":{"background-color":"var(--ast-global-color-5)","background-image":"","background-repeat":"repeat","background-position":"center center","background-size":"auto","background-attachment":"scroll","background-type":"","background-media":"","overlay-type":"","overlay-color":"","overlay-opacity":"","overlay-gradient":""},"tablet":{"background-color":"var(--ast-global-color-5)","background-image":"","background-repeat":"repeat","background-position":"center center","background-size":"auto","background-attachment":"scroll","background-type":"","background-media":"","overlay-type":"","overlay-color":"","overlay-opacity":"","overlay-gradient":""},"mobile":{"background-color":"var(--ast-global-color-5)","background-image":"","background-repeat":"repeat","background-position":"center center","background-size":"auto","background-attachment":"scroll","background-type":"","background-media":"","overlay-type":"","overlay-color":"","overlay-opacity":"","overlay-gradient":""}},"footnotes":""},"categories":[24,8],"tags":[22342],"class_list":["post-68443","post","type-post","status-publish","format-standard","has-post-thumbnail","hentry","category-fernando-manzanilla","category-noticias","tag-nearshoring-puebla"],"_links":{"self":[{"href":"https:\/\/losperiodistas.com.mx\/portal\/wp-json\/wp\/v2\/posts\/68443","targetHints":{"allow":["GET"]}}],"collection":[{"href":"https:\/\/losperiodistas.com.mx\/portal\/wp-json\/wp\/v2\/posts"}],"about":[{"href":"https:\/\/losperiodistas.com.mx\/portal\/wp-json\/wp\/v2\/types\/post"}],"author":[{"embeddable":true,"href":"https:\/\/losperiodistas.com.mx\/portal\/wp-json\/wp\/v2\/users\/1"}],"replies":[{"embeddable":true,"href":"https:\/\/losperiodistas.com.mx\/portal\/wp-json\/wp\/v2\/comments?post=68443"}],"version-history":[{"count":1,"href":"https:\/\/losperiodistas.com.mx\/portal\/wp-json\/wp\/v2\/posts\/68443\/revisions"}],"predecessor-version":[{"id":68445,"href":"https:\/\/losperiodistas.com.mx\/portal\/wp-json\/wp\/v2\/posts\/68443\/revisions\/68445"}],"wp:featuredmedia":[{"embeddable":true,"href":"https:\/\/losperiodistas.com.mx\/portal\/wp-json\/wp\/v2\/media\/68444"}],"wp:attachment":[{"href":"https:\/\/losperiodistas.com.mx\/portal\/wp-json\/wp\/v2\/media?parent=68443"}],"wp:term":[{"taxonomy":"category","embeddable":true,"href":"https:\/\/losperiodistas.com.mx\/portal\/wp-json\/wp\/v2\/categories?post=68443"},{"taxonomy":"post_tag","embeddable":true,"href":"https:\/\/losperiodistas.com.mx\/portal\/wp-json\/wp\/v2\/tags?post=68443"}],"curies":[{"name":"wp","href":"https:\/\/api.w.org\/{rel}","templated":true}]}}