{"id":683,"date":"2020-10-29T14:43:27","date_gmt":"2020-10-29T20:43:27","guid":{"rendered":"http:\/\/losperiodistas.com.mx\/portal\/?p=683"},"modified":"2020-10-29T14:43:27","modified_gmt":"2020-10-29T20:43:27","slug":"la-muerte-es-un-sueno","status":"publish","type":"post","link":"https:\/\/losperiodistas.com.mx\/portal\/la-muerte-es-un-sueno\/","title":{"rendered":"La Muerte es un Sue\u00f1o"},"content":{"rendered":"\n<p style=\"font-size:22px\">Inaugura Ayuntamiento de Puebla la decimotercera edici\u00f3n del Festival La Muerte es un Sue\u00f1o\u00a0en medios digitales<\/p>\n\n\n\n<p><\/p>\n\n\n\n<p class=\"has-vivid-cyan-blue-color has-text-color\" style=\"font-size:26px\">REDACCI\u00d3N<\/p>\n\n\n\n<p>El Gobierno de la Ciudad, a trav\u00e9s del Instituto Municipal de Arte y Cultura (IMACP), inaugura la d\u00e9cimotercera edici\u00f3n del Festival La Muerte es un Sue\u00f1o y, en apego a las medidas de seguridad sanitaria, por primera vez el festival ser\u00e1 trasladado a los medios digitales.\u00a0<\/p>\n\n\n\n<p>Compuesto por 12 conciertos; 15 presentaciones de artes esc\u00e9nicas; ocho talleres; nueve charlas; 14 proyecciones; 10 podcasts; dos ofrendas y una exposici\u00f3n pict\u00f3rica, el Instituto presentar\u00e1 m\u00e1s de 70 actividades, del 29 de octubre y el 2 de noviembre, que podr\u00e1n ser sintonizadas en todo el mundo.&nbsp;<\/p>\n\n\n\n<p>Gerardo Oviedo, titular del IMACP, coment\u00f3 que, debido al contexto de emergencia y con la finalidad de fortalecer la econom\u00eda local, todo el presupuesto del festival ha sido destinado al talento poblano y que el festival no ser\u00e1 la excepci\u00f3n, por lo que sus obras podr\u00e1n ser apreciadas en todo el mundo.&nbsp;&nbsp;<\/p>\n\n\n\n<p>Algunos de los eventos que se presentar\u00e1n el d\u00eda de hoy ser\u00e1n:&nbsp;<\/p>\n\n\n\n<ul class=\"wp-block-list\"><li>Di\u00e1logo \u00abFotograf\u00eda de arte funerario\u00bb, 15:00 horas. Presentado por el Colectivo Fotogr\u00e1fico Luminiscencia que nace en el 2014, han desarrollado proyectos como \u201cLa muerte vista de 360\u00b0\u201d, \u201cLa muerte: Del alba al anochecer\u201d y \u201cMemorias Nocturnas\u201d.&nbsp;<\/li><\/ul>\n\n\n\n<ul class=\"wp-block-list\"><li>\u00abCuentos para mover el esqueleto\u00bb, a las 16:00 horas. Una funci\u00f3n de Kamishibai (t\u00e9cnica japonesa para contar cuentos, regularmente para ni\u00f1as y ni\u00f1os) realizada en la junta auxiliar San Jer\u00f3nimo Caleras, por parte de Rosario Ram\u00edrez.&nbsp;<\/li><\/ul>\n\n\n\n<ul class=\"wp-block-list\"><li>\u00abMuertos Muerteando\u00bb, a las 18:00 horas. Obra de teatro, ambientada en la Puebla del siglo XVIII, sobre el alcance del amor despu\u00e9s de la muerte, presentada por Oskar Santell\u00e1n, integrante del Programa de Artistas Urbanos.&nbsp;<\/li><\/ul>\n\n\n\n<ul class=\"wp-block-list\"><li>Concierto de Carlos Arellano, 21:00 horas. Carlos es un cantautor poblano int\u00e9rprete de g\u00e9neros como el rock, bolero, blues y balada. En 1992 fue becario del Fideicomiso para la Cultura M\u00e9xico-USA con el proyecto \u201cPoblanos en Nueva York; una propuesta de cr\u00f3nica y m\u00fasica a trav\u00e9s de la radio\u201d.&nbsp;<\/li><\/ul>\n\n\n\n<p>El programa completo puede ser consultado en las plataformas digitales del IMACP.<\/p>\n\n\n\n<p>Fuente: <a rel=\"noreferrer noopener\" href=\"https:\/\/bit.ly\/2TzfpJI\" target=\"_blank\">https:\/\/bit.ly\/2TzfpJI<\/a>\u00a0<\/p>\n","protected":false},"excerpt":{"rendered":"<p>Inaugura Ayuntamiento de Puebla la decimotercera edici\u00f3n del Festival La Muerte es un Sue\u00f1o\u00a0en medios digitales REDACCI\u00d3N El Gobierno de [&hellip;]<\/p>\n","protected":false},"author":1,"featured_media":684,"comment_status":"open","ping_status":"open","sticky":false,"template":"","format":"standard","meta":{"site-sidebar-layout":"default","site-content-layout":"","ast-site-content-layout":"default","site-content-style":"default","site-sidebar-style":"default","ast-global-header-display":"","ast-banner-title-visibility":"","ast-main-header-display":"","ast-hfb-above-header-display":"","ast-hfb-below-header-display":"","ast-hfb-mobile-header-display":"","site-post-title":"","ast-breadcrumbs-content":"","ast-featured-img":"","footer-sml-layout":"","theme-transparent-header-meta":"","adv-header-id-meta":"","stick-header-meta":"","header-above-stick-meta":"","header-main-stick-meta":"","header-below-stick-meta":"","astra-migrate-meta-layouts":"default","ast-page-background-enabled":"default","ast-page-background-meta":{"desktop":{"background-color":"var(--ast-global-color-4)","background-image":"","background-repeat":"repeat","background-position":"center center","background-size":"auto","background-attachment":"scroll","background-type":"","background-media":"","overlay-type":"","overlay-color":"","overlay-opacity":"","overlay-gradient":""},"tablet":{"background-color":"","background-image":"","background-repeat":"repeat","background-position":"center center","background-size":"auto","background-attachment":"scroll","background-type":"","background-media":"","overlay-type":"","overlay-color":"","overlay-opacity":"","overlay-gradient":""},"mobile":{"background-color":"","background-image":"","background-repeat":"repeat","background-position":"center center","background-size":"auto","background-attachment":"scroll","background-type":"","background-media":"","overlay-type":"","overlay-color":"","overlay-opacity":"","overlay-gradient":""}},"ast-content-background-meta":{"desktop":{"background-color":"var(--ast-global-color-5)","background-image":"","background-repeat":"repeat","background-position":"center center","background-size":"auto","background-attachment":"scroll","background-type":"","background-media":"","overlay-type":"","overlay-color":"","overlay-opacity":"","overlay-gradient":""},"tablet":{"background-color":"var(--ast-global-color-5)","background-image":"","background-repeat":"repeat","background-position":"center center","background-size":"auto","background-attachment":"scroll","background-type":"","background-media":"","overlay-type":"","overlay-color":"","overlay-opacity":"","overlay-gradient":""},"mobile":{"background-color":"var(--ast-global-color-5)","background-image":"","background-repeat":"repeat","background-position":"center center","background-size":"auto","background-attachment":"scroll","background-type":"","background-media":"","overlay-type":"","overlay-color":"","overlay-opacity":"","overlay-gradient":""}},"footnotes":""},"categories":[8],"tags":[],"class_list":["post-683","post","type-post","status-publish","format-standard","has-post-thumbnail","hentry","category-noticias"],"_links":{"self":[{"href":"https:\/\/losperiodistas.com.mx\/portal\/wp-json\/wp\/v2\/posts\/683","targetHints":{"allow":["GET"]}}],"collection":[{"href":"https:\/\/losperiodistas.com.mx\/portal\/wp-json\/wp\/v2\/posts"}],"about":[{"href":"https:\/\/losperiodistas.com.mx\/portal\/wp-json\/wp\/v2\/types\/post"}],"author":[{"embeddable":true,"href":"https:\/\/losperiodistas.com.mx\/portal\/wp-json\/wp\/v2\/users\/1"}],"replies":[{"embeddable":true,"href":"https:\/\/losperiodistas.com.mx\/portal\/wp-json\/wp\/v2\/comments?post=683"}],"version-history":[{"count":1,"href":"https:\/\/losperiodistas.com.mx\/portal\/wp-json\/wp\/v2\/posts\/683\/revisions"}],"predecessor-version":[{"id":685,"href":"https:\/\/losperiodistas.com.mx\/portal\/wp-json\/wp\/v2\/posts\/683\/revisions\/685"}],"wp:featuredmedia":[{"embeddable":true,"href":"https:\/\/losperiodistas.com.mx\/portal\/wp-json\/wp\/v2\/media\/684"}],"wp:attachment":[{"href":"https:\/\/losperiodistas.com.mx\/portal\/wp-json\/wp\/v2\/media?parent=683"}],"wp:term":[{"taxonomy":"category","embeddable":true,"href":"https:\/\/losperiodistas.com.mx\/portal\/wp-json\/wp\/v2\/categories?post=683"},{"taxonomy":"post_tag","embeddable":true,"href":"https:\/\/losperiodistas.com.mx\/portal\/wp-json\/wp\/v2\/tags?post=683"}],"curies":[{"name":"wp","href":"https:\/\/api.w.org\/{rel}","templated":true}]}}