{"id":68277,"date":"2024-02-12T17:52:20","date_gmt":"2024-02-12T23:52:20","guid":{"rendered":"https:\/\/losperiodistas.com.mx\/portal\/?p=68277"},"modified":"2024-02-12T17:52:22","modified_gmt":"2024-02-12T23:52:22","slug":"falta-de-espacios-publicos-senalan-pobladores-de-acajete-y-tepatlaxco-ante-lalo-rivera","status":"publish","type":"post","link":"https:\/\/losperiodistas.com.mx\/portal\/falta-de-espacios-publicos-senalan-pobladores-de-acajete-y-tepatlaxco-ante-lalo-rivera\/","title":{"rendered":"Falta de espacios p\u00fablicos se\u00f1alan pobladores de Acajete y Tepatlaxco ante Lalo Rivera"},"content":{"rendered":"\n<ul class=\"has-medium-font-size wp-block-list\"><li>Al acudir como invitado la entrega de nombramientos a Coordinadores de Estructura del PSI, los asistentes tambi\u00e9n manifestaron escasez de agua en la zona.<\/li><\/ul>\n\n\n\n<figure class=\"wp-block-image size-large\"><img fetchpriority=\"high\" decoding=\"async\" width=\"1024\" height=\"682\" src=\"https:\/\/losperiodistas.com.mx\/portal\/wp-content\/uploads\/2024\/02\/WhatsApp-Image-2024-02-12-at-17.07.48-1024x682.jpeg\" alt=\"\" class=\"wp-image-68282\" srcset=\"https:\/\/losperiodistas.com.mx\/portal\/wp-content\/uploads\/2024\/02\/WhatsApp-Image-2024-02-12-at-17.07.48-1024x682.jpeg 1024w, https:\/\/losperiodistas.com.mx\/portal\/wp-content\/uploads\/2024\/02\/WhatsApp-Image-2024-02-12-at-17.07.48-300x200.jpeg 300w, https:\/\/losperiodistas.com.mx\/portal\/wp-content\/uploads\/2024\/02\/WhatsApp-Image-2024-02-12-at-17.07.48-768x512.jpeg 768w, https:\/\/losperiodistas.com.mx\/portal\/wp-content\/uploads\/2024\/02\/WhatsApp-Image-2024-02-12-at-17.07.48.jpeg 1280w\" sizes=\"(max-width: 1024px) 100vw, 1024px\" \/><figcaption>Cortes\u00eda<\/figcaption><\/figure>\n\n\n\n<p class=\"has-vivid-red-color has-text-color has-medium-font-size\"><strong>COMUNICADO<\/strong><\/p>\n\n\n\n<p>Espacios p\u00fablicos en donde realizar deporte y actividades f\u00edsicas es una de las necesidades principales que las y los habitantes de Acajete y Tepatlaxco de Hidalgo externaron a Lalo Rivera.<\/p>\n\n\n\n<p>En esta ocasi\u00f3n, Lalo Rivera mostr\u00f3 sus talentos al bate como invitado especial del equipo &#8216;Bravos de Magdalena&#8217;, que se disputaban el triunfo contra &#8216;Gr\u00faas de Acajete&#8217;, evento en el que coincidi\u00f3 con Antonio Aguilar Reyes, expresidente Municipal de Acajete, quien le comparti\u00f3 que durante su gesti\u00f3n inaugur\u00f3 tres canchas para que ni\u00f1as, ni\u00f1os y j\u00f3venes hicieran deporte; sin embargo, los gobiernos que le sucedieron no les dieron mantenimiento, por lo que hoy no est\u00e1n en estado \u00f3ptimo.<\/p>\n\n\n\n<p>Posteriormente al acudir al nombramiento de Coordinadores Distritales de Pacto Social de Integraci\u00f3n (PSI) en Tepatlaxco de Hidalgo, Lalo Rivera encontr\u00f3 esta misma necesidad en la comunidad.<\/p>\n\n\n\n<p>De voz de Esdras Bonilla Flores, Coordinador de PSI en Amozoc, escuch\u00f3 de igual manera que no hay espacios p\u00fablicos en Tepatlaxco, falta el agua potable, seguridad p\u00fablica y que requieren de un Tecnol\u00f3gico o Universidad para que los j\u00f3venes puedan continuar sus estudios.<\/p>\n\n\n\n<p>Con el prop\u00f3sito de reforzar el proyecto que encabezar\u00e1 Lalo Rivera, Carlos Navarro -Presidente del PSI- y la Senadora Nadia Navarro entregaron nombramientos como Coordinadores a Esdras Bonilla, \u00c1lvaro Bonilla, Mar\u00eda del Roc\u00edo Aquino y \u00c1ngeles Morales por Amozo, Tepatlaxco y Acajete.<\/p>\n\n\n\n<p>Carlos Navarro se\u00f1al\u00f3 que \u00abPacto Social de Integraci\u00f3n es el partido de las mujeres, de los hombres, de los j\u00f3venes y de la gente del campo\u00bb, por ello conf\u00eda en el buen trabajo que desempe\u00f1arse cada uno de los coordinadores en su regi\u00f3n.<\/p>\n\n\n\n<p>Finalmente, Lalo Rivera afirm\u00f3 que juntas las cuatro fuerzas pol\u00edticas -PAN, PRI, PRD y PSI- est\u00e1n conformando un gran equipo que sumar\u00e1 sus talentos, experiencia, compromiso y liderazgo para que el cambio de rumbo en los municipios y en el estado de Puebla sea una realidad.<\/p>\n","protected":false},"excerpt":{"rendered":"<p>Al acudir como invitado la entrega de nombramientos a Coordinadores de Estructura del PSI, los asistentes tambi\u00e9n manifestaron escasez de [&hellip;]<\/p>\n","protected":false},"author":1,"featured_media":68282,"comment_status":"open","ping_status":"open","sticky":false,"template":"","format":"standard","meta":{"site-sidebar-layout":"default","site-content-layout":"","ast-site-content-layout":"default","site-content-style":"default","site-sidebar-style":"default","ast-global-header-display":"","ast-banner-title-visibility":"","ast-main-header-display":"","ast-hfb-above-header-display":"","ast-hfb-below-header-display":"","ast-hfb-mobile-header-display":"","site-post-title":"","ast-breadcrumbs-content":"","ast-featured-img":"","footer-sml-layout":"","theme-transparent-header-meta":"","adv-header-id-meta":"","stick-header-meta":"","header-above-stick-meta":"","header-main-stick-meta":"","header-below-stick-meta":"","astra-migrate-meta-layouts":"default","ast-page-background-enabled":"default","ast-page-background-meta":{"desktop":{"background-color":"var(--ast-global-color-4)","background-image":"","background-repeat":"repeat","background-position":"center center","background-size":"auto","background-attachment":"scroll","background-type":"","background-media":"","overlay-type":"","overlay-color":"","overlay-opacity":"","overlay-gradient":""},"tablet":{"background-color":"","background-image":"","background-repeat":"repeat","background-position":"center center","background-size":"auto","background-attachment":"scroll","background-type":"","background-media":"","overlay-type":"","overlay-color":"","overlay-opacity":"","overlay-gradient":""},"mobile":{"background-color":"","background-image":"","background-repeat":"repeat","background-position":"center center","background-size":"auto","background-attachment":"scroll","background-type":"","background-media":"","overlay-type":"","overlay-color":"","overlay-opacity":"","overlay-gradient":""}},"ast-content-background-meta":{"desktop":{"background-color":"var(--ast-global-color-5)","background-image":"","background-repeat":"repeat","background-position":"center center","background-size":"auto","background-attachment":"scroll","background-type":"","background-media":"","overlay-type":"","overlay-color":"","overlay-opacity":"","overlay-gradient":""},"tablet":{"background-color":"var(--ast-global-color-5)","background-image":"","background-repeat":"repeat","background-position":"center center","background-size":"auto","background-attachment":"scroll","background-type":"","background-media":"","overlay-type":"","overlay-color":"","overlay-opacity":"","overlay-gradient":""},"mobile":{"background-color":"var(--ast-global-color-5)","background-image":"","background-repeat":"repeat","background-position":"center center","background-size":"auto","background-attachment":"scroll","background-type":"","background-media":"","overlay-type":"","overlay-color":"","overlay-opacity":"","overlay-gradient":""}},"footnotes":""},"categories":[8],"tags":[22267,22268,12115,17742],"class_list":["post-68277","post","type-post","status-publish","format-standard","has-post-thumbnail","hentry","category-noticias","tag-acajete","tag-escasez-de-agua","tag-lalo-rivera","tag-nadia-navarro"],"_links":{"self":[{"href":"https:\/\/losperiodistas.com.mx\/portal\/wp-json\/wp\/v2\/posts\/68277","targetHints":{"allow":["GET"]}}],"collection":[{"href":"https:\/\/losperiodistas.com.mx\/portal\/wp-json\/wp\/v2\/posts"}],"about":[{"href":"https:\/\/losperiodistas.com.mx\/portal\/wp-json\/wp\/v2\/types\/post"}],"author":[{"embeddable":true,"href":"https:\/\/losperiodistas.com.mx\/portal\/wp-json\/wp\/v2\/users\/1"}],"replies":[{"embeddable":true,"href":"https:\/\/losperiodistas.com.mx\/portal\/wp-json\/wp\/v2\/comments?post=68277"}],"version-history":[{"count":1,"href":"https:\/\/losperiodistas.com.mx\/portal\/wp-json\/wp\/v2\/posts\/68277\/revisions"}],"predecessor-version":[{"id":68283,"href":"https:\/\/losperiodistas.com.mx\/portal\/wp-json\/wp\/v2\/posts\/68277\/revisions\/68283"}],"wp:featuredmedia":[{"embeddable":true,"href":"https:\/\/losperiodistas.com.mx\/portal\/wp-json\/wp\/v2\/media\/68282"}],"wp:attachment":[{"href":"https:\/\/losperiodistas.com.mx\/portal\/wp-json\/wp\/v2\/media?parent=68277"}],"wp:term":[{"taxonomy":"category","embeddable":true,"href":"https:\/\/losperiodistas.com.mx\/portal\/wp-json\/wp\/v2\/categories?post=68277"},{"taxonomy":"post_tag","embeddable":true,"href":"https:\/\/losperiodistas.com.mx\/portal\/wp-json\/wp\/v2\/tags?post=68277"}],"curies":[{"name":"wp","href":"https:\/\/api.w.org\/{rel}","templated":true}]}}