{"id":67937,"date":"2024-02-08T05:23:00","date_gmt":"2024-02-08T11:23:00","guid":{"rendered":"https:\/\/losperiodistas.com.mx\/portal\/?p=67937"},"modified":"2024-02-08T05:23:03","modified_gmt":"2024-02-08T11:23:03","slug":"despues-del-juicio-a-alves-sentencia-recursos-libertad-provisional-y-futuro-inmediato-del-futbolista-marca","status":"publish","type":"post","link":"https:\/\/losperiodistas.com.mx\/portal\/despues-del-juicio-a-alves-sentencia-recursos-libertad-provisional-y-futuro-inmediato-del-futbolista-marca\/","title":{"rendered":"Despu\u00e9s del juicio a Alves: sentencia, recursos, libertad provisional y futuro inmediato del futbolista | Marca"},"content":{"rendered":"\n<p class=\"has-background has-medium-font-size\" style=\"background-color:#ea6bf2\">El brasile\u00f1o se enfrenta a una pena de doce a\u00f1os por presunta agresi\u00f3n sexual<\/p>\n\n\n\n<figure class=\"wp-block-image size-large\"><img fetchpriority=\"high\" decoding=\"async\" width=\"1024\" height=\"683\" src=\"https:\/\/losperiodistas.com.mx\/portal\/wp-content\/uploads\/2024\/02\/17073743728627-1024x683.jpg\" alt=\"\" class=\"wp-image-67938\" srcset=\"https:\/\/losperiodistas.com.mx\/portal\/wp-content\/uploads\/2024\/02\/17073743728627-1024x683.jpg 1024w, https:\/\/losperiodistas.com.mx\/portal\/wp-content\/uploads\/2024\/02\/17073743728627-300x200.jpg 300w, https:\/\/losperiodistas.com.mx\/portal\/wp-content\/uploads\/2024\/02\/17073743728627-768x512.jpg 768w, https:\/\/losperiodistas.com.mx\/portal\/wp-content\/uploads\/2024\/02\/17073743728627.jpg 1320w\" sizes=\"(max-width: 1024px) 100vw, 1024px\" \/><figcaption>Dani Alves, durante la primera sesi\u00f3n del juicio.EFE<\/figcaption><\/figure>\n\n\n\n<p>DIDAC PIFERRER \/ Barcelona \/ MARCA<\/p>\n\n\n\n<p>El juicio a&nbsp;<strong>Dani Alves<\/strong>&nbsp;termin\u00f3 ayer, mi\u00e9rcoles, a las&nbsp;<strong>21:51 horas&nbsp;<\/strong>en la&nbsp;<strong>Audiencia de Barcelona<\/strong>. El brasile\u00f1o se enfrenta a una pena de&nbsp;<strong>doce a\u00f1os por agresi\u00f3n sexual<\/strong>, a petici\u00f3n de la&nbsp;<strong>acusaci\u00f3n particular<\/strong>, y de&nbsp;<strong>nueve<\/strong>, por la&nbsp;<strong>Fiscal\u00eda<\/strong>. Su defensa pide la&nbsp;<strong>absoluci\u00f3n<\/strong>. Fueron&nbsp;<strong>tres sesiones<\/strong>&nbsp;en las que escuchamos el duro relato de las amigas de la denunciante y al futbolista&nbsp;<strong>afirmando que las relaciones fueron consentidas<\/strong>, versiones apoyadas y tambi\u00e9n rebatidas por los distintos peritos. Ahora toda esperar el veredicto.<\/p>\n\n\n\n<h2 class=\"wp-block-heading\">La fecha de la sentencia<\/h2>\n\n\n\n<p><strong>Dani Alves<\/strong>&nbsp;conocer\u00e1 la decisi\u00f3n del tribunal en un mes. No hay una fecha concreta para ello, aunque los expertos en materia judicial aseguran que no se trata de un caso especialmente complejo y no prev\u00e9n que la sentencia definitiva se demore mucho en el tiempo. Adem\u00e1s, recordemos que&nbsp;<strong>Dani Alves<\/strong>&nbsp;lleva en prisi\u00f3n preventiva desde el pasado&nbsp;<strong>20 de enero de 2023<\/strong>. Es decir,&nbsp;<strong>desde hace m\u00e1s de 12 meses<\/strong>.<\/p>\n\n\n\n<figure class=\"wp-block-image\"><img decoding=\"async\" src=\"https:\/\/k-vod.uecdn.es\/html5\/html5lib\/v2.89.0_ue\/modules\/KalturaSupport\/thumbnail.php\/p\/110\/uiconf_id\/14969339\/entry_id\/0_qr6ltm61\/height\/365?\" alt=\"Video thumbnail\"\/><figcaption>Ester Garc\u00eda, abogada de la agredida: \u00abMi defendida es una superviviente\u00bb<\/figcaption><\/figure>\n\n\n\n<h2 class=\"wp-block-heading\">El tribunal valorar\u00e1 la libertad provisional<\/h2>\n\n\n\n<p>M\u00e1s r\u00e1pida ser\u00e1 la decisi\u00f3n del tribunal sobre si concede o no la libertad provisional a&nbsp;<strong>Dani Alves<\/strong>. La abogada del futbolista,&nbsp;<strong>In\u00e9s Guardiola<\/strong>, pidi\u00f3 en sus conclusiones al tribunal que se la concedieran, asumiendo en su petici\u00f3n la&nbsp;<strong>retirada de sus dos pasaportes<\/strong>, el de&nbsp;<strong>Brasil&nbsp;<\/strong>y el de&nbsp;<strong>Espa\u00f1a<\/strong>. Por su parte, tanto la acusaci\u00f3n particular como la&nbsp;<strong>Fiscal\u00eda&nbsp;<\/strong>se negaron de forma frontal.&nbsp;<strong>Hasta ahora, la libertad provisional siempre se le ha denegado.<\/strong><\/p>\n\n\n\n<p>\u00abLos elementos del riesgo de fuga siguen existiendo. Lo de la ahogada situaci\u00f3n econ\u00f3mica es un poco llamativo. El patrimonio de f\u00fatbol de Alves es elevad\u00edsimo, es uno de los mejores jugadores de la historia.&nbsp;<strong>Sigue teniendo capacidad econ\u00f3mica o amigos que la tienen.<\/strong>&nbsp;Insistimos en que Brasil no tiene convenio de extradici\u00f3n.&nbsp;<strong>Ahora que ve tan cerca la posible condena el riesgo de fuga para nosotros es much\u00edsimo mayor<\/strong>\u00ab, coment\u00f3 la fiscal.<\/p>\n\n\n\n<figure class=\"wp-block-image\"><img decoding=\"async\" src=\"https:\/\/e00-marca.uecdn.es\/assets\/multimedia\/imagenes\/2024\/02\/08\/17073743941423.jpg\" alt=\"La abogada del futbolista, In\u00e9s Guardiola.\"\/><figcaption>La abogada del futbolista, In\u00e9s Guardiola.EFE<\/figcaption><\/figure>\n\n\n\n<h2 class=\"wp-block-heading\">El futuro inmediato de Dani Alves<\/h2>\n\n\n\n<p>Despu\u00e9s de celebrar el juicio en la&nbsp;<strong>Audiencia de Barcelona<\/strong>,&nbsp;<strong>Dani Alves<\/strong>&nbsp;regres\u00f3 a la c\u00e1rcel de&nbsp;<strong>Brians 2<\/strong>. Concretamente, el futbolista brasile\u00f1o est\u00e1 en el m\u00f3dulo trece, destino a las personas que han cometido delitos sexuales. Inicialmente, el jugador estaba en la c\u00e1rcel de&nbsp;<strong>Brians 1<\/strong>, junto al actual, y la&nbsp;<strong>Secretar\u00eda de Medidas Penales del Departamento de Justicia de la Generalitat<\/strong>&nbsp;decidi\u00f3 cambiar su ubicaci\u00f3n para garantizar mejor su seguridad.<\/p>\n\n\n\n<h2 class=\"wp-block-heading\">Los posibles recursos a la sentencia<\/h2>\n\n\n\n<p>El caso\u00a0<strong>Dani Alves<\/strong>\u00a0no finalizar\u00e1 con la decisi\u00f3n del tribunal de la\u00a0<strong>Audiencia de Barcelona<\/strong>. El futbolista brasile\u00f1o podr\u00e1 recurrir su decisi\u00f3n al\u00a0<strong>Tribunal Superior de Justicia de Catalu\u00f1a<\/strong>\u00a0y, finalmente, al\u00a0<strong>Tribunal Supremo<\/strong>. Es bastante previsible que, en caso de que lo considere necesario, la defensa del jugador brasile\u00f1o agote todas las v\u00edas legales para obtener la libertad o la m\u00ednima pena posible para el acusado de agresi\u00f3n sexual.<\/p>\n\n\n\n<p>Fuente: <a href=\"https:\/\/www.marca.com\/tiramillas\/actualidad\/2024\/02\/08\/65c472a1268e3ef6238b4579.html\">https:\/\/www.marca.com\/tiramillas\/actualidad\/2024\/02\/08\/65c472a1268e3ef6238b4579.html<\/a><\/p>\n","protected":false},"excerpt":{"rendered":"<p>El brasile\u00f1o se enfrenta a una pena de doce a\u00f1os por presunta agresi\u00f3n sexual DIDAC PIFERRER \/ Barcelona \/ MARCA [&hellip;]<\/p>\n","protected":false},"author":1,"featured_media":67938,"comment_status":"open","ping_status":"open","sticky":false,"template":"","format":"standard","meta":{"site-sidebar-layout":"default","site-content-layout":"","ast-site-content-layout":"default","site-content-style":"default","site-sidebar-style":"default","ast-global-header-display":"","ast-banner-title-visibility":"","ast-main-header-display":"","ast-hfb-above-header-display":"","ast-hfb-below-header-display":"","ast-hfb-mobile-header-display":"","site-post-title":"","ast-breadcrumbs-content":"","ast-featured-img":"","footer-sml-layout":"","theme-transparent-header-meta":"","adv-header-id-meta":"","stick-header-meta":"","header-above-stick-meta":"","header-main-stick-meta":"","header-below-stick-meta":"","astra-migrate-meta-layouts":"default","ast-page-background-enabled":"default","ast-page-background-meta":{"desktop":{"background-color":"var(--ast-global-color-4)","background-image":"","background-repeat":"repeat","background-position":"center center","background-size":"auto","background-attachment":"scroll","background-type":"","background-media":"","overlay-type":"","overlay-color":"","overlay-opacity":"","overlay-gradient":""},"tablet":{"background-color":"","background-image":"","background-repeat":"repeat","background-position":"center center","background-size":"auto","background-attachment":"scroll","background-type":"","background-media":"","overlay-type":"","overlay-color":"","overlay-opacity":"","overlay-gradient":""},"mobile":{"background-color":"","background-image":"","background-repeat":"repeat","background-position":"center center","background-size":"auto","background-attachment":"scroll","background-type":"","background-media":"","overlay-type":"","overlay-color":"","overlay-opacity":"","overlay-gradient":""}},"ast-content-background-meta":{"desktop":{"background-color":"var(--ast-global-color-5)","background-image":"","background-repeat":"repeat","background-position":"center center","background-size":"auto","background-attachment":"scroll","background-type":"","background-media":"","overlay-type":"","overlay-color":"","overlay-opacity":"","overlay-gradient":""},"tablet":{"background-color":"var(--ast-global-color-5)","background-image":"","background-repeat":"repeat","background-position":"center center","background-size":"auto","background-attachment":"scroll","background-type":"","background-media":"","overlay-type":"","overlay-color":"","overlay-opacity":"","overlay-gradient":""},"mobile":{"background-color":"var(--ast-global-color-5)","background-image":"","background-repeat":"repeat","background-position":"center center","background-size":"auto","background-attachment":"scroll","background-type":"","background-media":"","overlay-type":"","overlay-color":"","overlay-opacity":"","overlay-gradient":""}},"footnotes":""},"categories":[8],"tags":[18733,15200],"class_list":["post-67937","post","type-post","status-publish","format-standard","has-post-thumbnail","hentry","category-noticias","tag-agresion-sexual","tag-dani-alves"],"_links":{"self":[{"href":"https:\/\/losperiodistas.com.mx\/portal\/wp-json\/wp\/v2\/posts\/67937","targetHints":{"allow":["GET"]}}],"collection":[{"href":"https:\/\/losperiodistas.com.mx\/portal\/wp-json\/wp\/v2\/posts"}],"about":[{"href":"https:\/\/losperiodistas.com.mx\/portal\/wp-json\/wp\/v2\/types\/post"}],"author":[{"embeddable":true,"href":"https:\/\/losperiodistas.com.mx\/portal\/wp-json\/wp\/v2\/users\/1"}],"replies":[{"embeddable":true,"href":"https:\/\/losperiodistas.com.mx\/portal\/wp-json\/wp\/v2\/comments?post=67937"}],"version-history":[{"count":1,"href":"https:\/\/losperiodistas.com.mx\/portal\/wp-json\/wp\/v2\/posts\/67937\/revisions"}],"predecessor-version":[{"id":67939,"href":"https:\/\/losperiodistas.com.mx\/portal\/wp-json\/wp\/v2\/posts\/67937\/revisions\/67939"}],"wp:featuredmedia":[{"embeddable":true,"href":"https:\/\/losperiodistas.com.mx\/portal\/wp-json\/wp\/v2\/media\/67938"}],"wp:attachment":[{"href":"https:\/\/losperiodistas.com.mx\/portal\/wp-json\/wp\/v2\/media?parent=67937"}],"wp:term":[{"taxonomy":"category","embeddable":true,"href":"https:\/\/losperiodistas.com.mx\/portal\/wp-json\/wp\/v2\/categories?post=67937"},{"taxonomy":"post_tag","embeddable":true,"href":"https:\/\/losperiodistas.com.mx\/portal\/wp-json\/wp\/v2\/tags?post=67937"}],"curies":[{"name":"wp","href":"https:\/\/api.w.org\/{rel}","templated":true}]}}