{"id":67934,"date":"2024-02-08T04:36:17","date_gmt":"2024-02-08T10:36:17","guid":{"rendered":"https:\/\/losperiodistas.com.mx\/portal\/?p=67934"},"modified":"2024-02-08T04:36:20","modified_gmt":"2024-02-08T10:36:20","slug":"taddei-si-hay-focos-rojos-para-las-elecciones-2024-la-silla-rota","status":"publish","type":"post","link":"https:\/\/losperiodistas.com.mx\/portal\/taddei-si-hay-focos-rojos-para-las-elecciones-2024-la-silla-rota\/","title":{"rendered":"Taddei: s\u00ed hay focos rojos para las elecciones 2024 | La Silla Rota"},"content":{"rendered":"\n<h2 class=\"has-background has-medium-font-size wp-block-heading\" style=\"background-color:#f17897\">La consejera presidenta del INE, present\u00f3 el plan de seguridad para candidatos y candidatas en riesgo con auxilio de Guardia Nacional; PAN lo considera insuficiente<\/h2>\n\n\n\n<figure class=\"wp-block-image size-full\"><img fetchpriority=\"high\" decoding=\"async\" width=\"960\" height=\"540\" src=\"https:\/\/losperiodistas.com.mx\/portal\/wp-content\/uploads\/2024\/02\/f960x540-473273_547348_15.jpeg\" alt=\"\" class=\"wp-image-67935\" srcset=\"https:\/\/losperiodistas.com.mx\/portal\/wp-content\/uploads\/2024\/02\/f960x540-473273_547348_15.jpeg 960w, https:\/\/losperiodistas.com.mx\/portal\/wp-content\/uploads\/2024\/02\/f960x540-473273_547348_15-300x169.jpeg 300w, https:\/\/losperiodistas.com.mx\/portal\/wp-content\/uploads\/2024\/02\/f960x540-473273_547348_15-768x432.jpeg 768w\" sizes=\"(max-width: 960px) 100vw, 960px\" \/><figcaption>Taddei: s\u00ed hay focos rojos para las elecciones 2024 Cr\u00e9ditos: Cuartoscuro<\/figcaption><\/figure>\n\n\n\n<p class=\"has-vivid-red-color has-text-color has-medium-font-size\"><strong>ARIEL RODR\u00cdGUEZ \/ GUADALUPE PONCE \/ LA SILLA ROTA<\/strong><\/p>\n\n\n\n<p>Ante las crecientes preocupaciones por posibles actos violentos durante las&nbsp;elecciones, la consejera presidenta del&nbsp;<strong>INE<\/strong>,&nbsp;<strong>Guadalupe Taddei<\/strong>, detall\u00f3 en conferencia de prensa c\u00f3mo el organismo puede brindar acompa\u00f1amiento de seguridad a los candidatos de cara a los comicios del 2 de junio de 2024.<\/p>\n\n\n\n<blockquote class=\"wp-block-quote is-layout-flow wp-block-quote-is-layout-flow\"><p>\u201cPor primera vez en la historia de este Instituto se comparte con las fuerzas policiales, actores, y todo el Consejo General el esquema de atenci\u00f3n que habr\u00e1 de seguirse con los cuidados a los candidatos\u201d, se\u00f1al\u00f3.<\/p><\/blockquote>\n\n\n\n<figure class=\"wp-block-embed is-type-rich is-provider-twitter wp-block-embed-twitter\"><div class=\"wp-block-embed__wrapper\">\n<blockquote class=\"twitter-tweet\" data-width=\"500\" data-dnt=\"true\"><p lang=\"es\" dir=\"ltr\">\ud83d\udd34\u201cPor primera vez en la historia de este Instituto se comparte con las fuerzas policiales, actores, y todo el Consejo General el esquema de atenci\u00f3n que habr\u00e1 de seguirse con los cuidados a los candidatos\u201d, <a href=\"https:\/\/twitter.com\/GuadalupeTaddei?ref_src=twsrc%5Etfw\">@GuadalupeTaddei<\/a>, consejera presidenta de <a href=\"https:\/\/twitter.com\/ine?ref_src=twsrc%5Etfw\">@INE<\/a>, en conferencia de prensa <a href=\"https:\/\/t.co\/xmlTI7GGMS\">pic.twitter.com\/xmlTI7GGMS<\/a><\/p>&mdash; La Silla Rota (@lasillarota) <a href=\"https:\/\/twitter.com\/lasillarota\/status\/1755414596419236257?ref_src=twsrc%5Etfw\">February 8, 2024<\/a><\/blockquote><script async src=\"https:\/\/platform.twitter.com\/widgets.js\" charset=\"utf-8\"><\/script>\n<\/div><\/figure>\n\n\n\n<h2 class=\"wp-block-heading\">\u00bfQu\u00e9 har\u00e1 el<strong>&nbsp;INE<\/strong>&nbsp;para asegurar la seguridad de candidatos?<\/h2>\n\n\n\n<p><strong>Taddei<\/strong>, explic\u00f3&nbsp;que, a trav\u00e9s del INE,&nbsp;partidos pol\u00edticos pueden solicitar el acompa\u00f1amiento de autoridades.<\/p>\n\n\n\n<blockquote class=\"wp-block-quote is-layout-flow wp-block-quote-is-layout-flow\"><p>\u201cLa atenci\u00f3n nuestra debe ser inmediata ante una solicitud\u201d, dijo en conferencia.<\/p><\/blockquote>\n\n\n\n<p>Por ahora, dijo que, solo se consideran candidaturas a nivel federal, pero se recibir\u00e1n solicitudes a nivel local tambi\u00e9n. Sin embargo, puede que se concreten m\u00e1s propuestas, toda vez que se llevar\u00e1n a cabo m\u00e1s mesas de trabajo con autoridades como la Sedena, Marina, UIF y Guardia de la Naci\u00f3n.<\/p>\n\n\n\n<p>No obstante, aclar\u00f3\u00a0la consejera que \u201cen ning\u00fan momento elIME cuenta con atribuciones de vigilancia e investigaci\u00f3n\u201d, pero si dar\u00e1 acompa\u00f1amiento al proceso electoral del 2 de junio.<\/p>\n\n\n\n<figure class=\"wp-block-embed is-type-rich is-provider-twitter wp-block-embed-twitter\"><div class=\"wp-block-embed__wrapper\">\n<blockquote class=\"twitter-tweet\" data-width=\"500\" data-dnt=\"true\"><p lang=\"es\" dir=\"ltr\">\ud83d\udd34 Aclara la consejera presidenta del <a href=\"https:\/\/twitter.com\/INEMexico?ref_src=twsrc%5Etfw\">@INEMexico<\/a> que \u201cen ning\u00fan momento el Instituto cuenta con atribuciones de vigilancia e investigaci\u00f3n\u201d, pero si dar\u00e1 acompa\u00f1amiento al proceso electoral del 2 de junio. <a href=\"https:\/\/t.co\/cy55mTpqQE\">pic.twitter.com\/cy55mTpqQE<\/a><\/p>&mdash; La Silla Rota (@lasillarota) <a href=\"https:\/\/twitter.com\/lasillarota\/status\/1755420313779675194?ref_src=twsrc%5Etfw\">February 8, 2024<\/a><\/blockquote><script async src=\"https:\/\/platform.twitter.com\/widgets.js\" charset=\"utf-8\"><\/script>\n<\/div><\/figure>\n\n\n\n<h2 class=\"wp-block-heading\"><strong>Taddei&nbsp;<\/strong>cuestionada sobre focos rojos en la Rep\u00fablica<\/h2>\n\n\n\n<p>Cuestionada sobre focos rojos en la Rep\u00fablica,&nbsp;<strong>Taddei&nbsp;<\/strong>asegur\u00f3&nbsp;que hay comunidades en las cuales el Instituto tiene conocimiento de que no puede entrar a buscar a los funcionarios de casillas.<\/p>\n\n\n\n<blockquote class=\"wp-block-quote is-layout-flow wp-block-quote-is-layout-flow\"><p>\u201cSi a eso le podemos llamar focos rojos, llam\u00e9mosle focos rojos\u201d.<\/p><\/blockquote>\n\n\n\n<figure class=\"wp-block-embed is-type-rich is-provider-twitter wp-block-embed-twitter\"><div class=\"wp-block-embed__wrapper\">\n<blockquote class=\"twitter-tweet\" data-width=\"500\" data-dnt=\"true\"><p lang=\"es\" dir=\"ltr\">\ud83d\udd34 Cuestionada sobre focos rojos en la Rep\u00fablica, @GuadalupeTadei  asegura que hay comunidades en las cuales el Instituto tiene conocimiento de que no puede entrar a buscar a los funcionarios de casillas. \u201cSi a eso le podemos llamar focos rojos, llam\u00e9mosle focos rojos\u201d. <a href=\"https:\/\/t.co\/NYlSiNjP33\">pic.twitter.com\/NYlSiNjP33<\/a><\/p>&mdash; La Silla Rota (@lasillarota) <a href=\"https:\/\/twitter.com\/lasillarota\/status\/1755422230404583604?ref_src=twsrc%5Etfw\">February 8, 2024<\/a><\/blockquote><script async src=\"https:\/\/platform.twitter.com\/widgets.js\" charset=\"utf-8\"><\/script>\n<\/div><\/figure>\n\n\n\n<h2 class=\"wp-block-heading\"><strong>PAN<\/strong>&nbsp;pide al&nbsp;<strong>INE&nbsp;<\/strong>exigir al gobierno federal seguridad para candidatos<\/h2>\n\n\n\n<p>El presidente nacional del PAN,&nbsp;<strong>Marko Cort\u00e9s<\/strong>, se\u00f1al\u00f3 que el protocolo de seguridad que plantea el&nbsp;<strong>INE<\/strong>&nbsp;es insuficiente, ya que solo se plantea darles acompa\u00f1amiento de fuerzas de seguridad cuando alg\u00fan candidato presente un alto, mediano o bajo riesgo.<\/p>\n\n\n\n<blockquote class=\"wp-block-quote is-layout-flow wp-block-quote-is-layout-flow\"><p>\u201cTiene que haber mapa de riesgos, nivel de riesgo, tiene que haber forma de poder denunciar de manera an\u00f3nima lo que est\u00e1 sucediendo y que el INE lo atienda, el problema del crimen organizado es que no act\u00faa, como en este gobierno, en apego a la Constituci\u00f3n, te matan, a ti y a tu familia, te secuestra, te golpea\u201d, lanz\u00f3 en un chacaleo difundido por la reportera Andrea Meraz y Radio F\u00f3rmula.<\/p><\/blockquote>\n\n\n\n<p>Se\u00f1al\u00f3 que no ven que el \u00f3rgano electoral los est\u00e9 asegurando, se sabe que no cuenta con los instrumentos directos, pero s\u00ed con la capacidad legal para exigirlos al gobierno federal, por lo que \u00abvenimos a pedir al INE que exija la seguridad para los candidatos en las elecciones de 2024\u00bb.<\/p>\n\n\n\n<figure class=\"wp-block-embed is-type-rich is-provider-twitter wp-block-embed-twitter\"><div class=\"wp-block-embed__wrapper\">\n<blockquote class=\"twitter-tweet\" data-width=\"500\" data-dnt=\"true\"><p lang=\"es\" dir=\"ltr\">\ud83d\udd34 <a href=\"https:\/\/twitter.com\/MarkoCortes?ref_src=twsrc%5Etfw\">@MarkoCortes<\/a> califica como insuficiente al protocolo de seguridad planteado por el <a href=\"https:\/\/twitter.com\/INEMexico?ref_src=twsrc%5Etfw\">@INEMexico<\/a> <br>\ud83d\udcf9 <a href=\"https:\/\/twitter.com\/Radio_Formula?ref_src=twsrc%5Etfw\">@Radio_Formula<\/a> <a href=\"https:\/\/twitter.com\/merazr?ref_src=twsrc%5Etfw\">@merazr<\/a> <a href=\"https:\/\/t.co\/62sywOdCpw\">pic.twitter.com\/62sywOdCpw<\/a><\/p>&mdash; La Silla Rota (@lasillarota) <a href=\"https:\/\/twitter.com\/lasillarota\/status\/1755417006180807068?ref_src=twsrc%5Etfw\">February 8, 2024<\/a><\/blockquote><script async src=\"https:\/\/platform.twitter.com\/widgets.js\" charset=\"utf-8\"><\/script>\n<\/div><\/figure>\n\n\n\n<h2 class=\"wp-block-heading\">Reporte&nbsp;de riesgo pol\u00edtico<\/h2>\n\n\n\n<p>De acuerdo con informaci\u00f3n del \u201cMapa de riesgos de intervenci\u00f3n del crimen en las elecciones\u201d de Integralia,&nbsp;el crimen organizado influye en los comicios mediante diversas acciones, como asesinatos, agresiones, amenazas, financiamiento de campa\u00f1as, imposici\u00f3n de candidatos, movilizaci\u00f3n o inhibici\u00f3n del voto, y alteraci\u00f3n de la votaci\u00f3n en casillas.&nbsp;<\/p>\n\n\n\n<p>Se prev\u00e9 que la intervenci\u00f3n del crimen organizado en las elecciones locales de 2024 sea sin precedentes debido a la presencia de numerosos grupos criminales en conflicto armado, la proliferaci\u00f3n de mercados il\u00edcitos y la alta cantidad de presidencias municipales en disputa.<\/p>\n\n\n\n<p>Datos de Data C\u00edvica revelan un aumento del 235.7% en las v\u00edctimas de violencia pol\u00edtico-electoral de 2018 a 2023.&nbsp;<\/p>\n\n\n\n<p>Hasta el momento, Integralia&nbsp;ha registrado 32 v\u00edctimas en 2024, incluyendo 7 aspirantes asesinados, lo que suma 8 desde el inicio del proceso electoral.&nbsp;<\/p>\n\n\n\n<p>Las entidades con mayor riesgo de intervenci\u00f3n del crimen organizado en las elecciones locales presentan acumulaci\u00f3n de mercados il\u00edcitos, grupos criminales en conflicto, debilidad en el Estado de derecho, celebraci\u00f3n de elecciones municipales y municipios estrat\u00e9gicos para el crimen.<\/p>\n\n\n\n<p>Adem\u00e1s, se identifican seis entidades con riesgo muy alto: Guerrero, Michoac\u00e1n, Colima, Jalisco, Chiapas y Morelos. As\u00ed como nueve con riesgo alto: Baja California, Sonora, Chihuahua, Tamaulipas, Zacatecas, Guanajuato, Estado de M\u00e9xico, Tabasco y Veracruz.<\/p>\n\n\n\n<figure class=\"wp-block-image\"><img decoding=\"async\" src=\"https:\/\/lasillarota.com\/u\/fotografias\/m\/2024\/2\/7\/f768x1-548275_548402_17.jpg\" alt=\"\"\/><\/figure>\n\n\n\n<p>Existen al menos cinco mecanismos a trav\u00e9s de los cuales los grupos criminales intervienen en las elecciones, siendo la violencia pol\u00edtica el m\u00e1s visible, seguido del financiamiento de campa\u00f1as, imposici\u00f3n de candidatos, movilizaci\u00f3n o inhibici\u00f3n del voto, y la intervenci\u00f3n directa en casillas, que incluye la destrucci\u00f3n de boletas, casillas o instalaciones electorales, amenazas y agresiones al personal electoral para favorecer a candidatos vinculados con grupos criminales.<\/p>\n\n\n\n<p>Fuente: <a href=\"https:\/\/lasillarota.com\/nacion\/2024\/2\/7\/taddei-si-hay-focos-rojos-para-las-elecciones-2024-468820.html\">https:\/\/lasillarota.com\/nacion\/2024\/2\/7\/taddei-si-hay-focos-rojos-para-las-elecciones-2024-468820.html<\/a><\/p>\n","protected":false},"excerpt":{"rendered":"<p>La consejera presidenta del INE, present\u00f3 el plan de seguridad para candidatos y candidatas en riesgo con auxilio de Guardia [&hellip;]<\/p>\n","protected":false},"author":1,"featured_media":67935,"comment_status":"open","ping_status":"open","sticky":false,"template":"","format":"standard","meta":{"site-sidebar-layout":"default","site-content-layout":"","ast-site-content-layout":"default","site-content-style":"default","site-sidebar-style":"default","ast-global-header-display":"","ast-banner-title-visibility":"","ast-main-header-display":"","ast-hfb-above-header-display":"","ast-hfb-below-header-display":"","ast-hfb-mobile-header-display":"","site-post-title":"","ast-breadcrumbs-content":"","ast-featured-img":"","footer-sml-layout":"","theme-transparent-header-meta":"","adv-header-id-meta":"","stick-header-meta":"","header-above-stick-meta":"","header-main-stick-meta":"","header-below-stick-meta":"","astra-migrate-meta-layouts":"default","ast-page-background-enabled":"default","ast-page-background-meta":{"desktop":{"background-color":"var(--ast-global-color-4)","background-image":"","background-repeat":"repeat","background-position":"center center","background-size":"auto","background-attachment":"scroll","background-type":"","background-media":"","overlay-type":"","overlay-color":"","overlay-opacity":"","overlay-gradient":""},"tablet":{"background-color":"","background-image":"","background-repeat":"repeat","background-position":"center center","background-size":"auto","background-attachment":"scroll","background-type":"","background-media":"","overlay-type":"","overlay-color":"","overlay-opacity":"","overlay-gradient":""},"mobile":{"background-color":"","background-image":"","background-repeat":"repeat","background-position":"center center","background-size":"auto","background-attachment":"scroll","background-type":"","background-media":"","overlay-type":"","overlay-color":"","overlay-opacity":"","overlay-gradient":""}},"ast-content-background-meta":{"desktop":{"background-color":"var(--ast-global-color-5)","background-image":"","background-repeat":"repeat","background-position":"center center","background-size":"auto","background-attachment":"scroll","background-type":"","background-media":"","overlay-type":"","overlay-color":"","overlay-opacity":"","overlay-gradient":""},"tablet":{"background-color":"var(--ast-global-color-5)","background-image":"","background-repeat":"repeat","background-position":"center center","background-size":"auto","background-attachment":"scroll","background-type":"","background-media":"","overlay-type":"","overlay-color":"","overlay-opacity":"","overlay-gradient":""},"mobile":{"background-color":"var(--ast-global-color-5)","background-image":"","background-repeat":"repeat","background-position":"center center","background-size":"auto","background-attachment":"scroll","background-type":"","background-media":"","overlay-type":"","overlay-color":"","overlay-opacity":"","overlay-gradient":""}},"footnotes":""},"categories":[8],"tags":[5486,885,10649],"class_list":["post-67934","post","type-post","status-publish","format-standard","has-post-thumbnail","hentry","category-noticias","tag-elecciones-2024","tag-ine","tag-narcopolitica-mexico"],"_links":{"self":[{"href":"https:\/\/losperiodistas.com.mx\/portal\/wp-json\/wp\/v2\/posts\/67934","targetHints":{"allow":["GET"]}}],"collection":[{"href":"https:\/\/losperiodistas.com.mx\/portal\/wp-json\/wp\/v2\/posts"}],"about":[{"href":"https:\/\/losperiodistas.com.mx\/portal\/wp-json\/wp\/v2\/types\/post"}],"author":[{"embeddable":true,"href":"https:\/\/losperiodistas.com.mx\/portal\/wp-json\/wp\/v2\/users\/1"}],"replies":[{"embeddable":true,"href":"https:\/\/losperiodistas.com.mx\/portal\/wp-json\/wp\/v2\/comments?post=67934"}],"version-history":[{"count":1,"href":"https:\/\/losperiodistas.com.mx\/portal\/wp-json\/wp\/v2\/posts\/67934\/revisions"}],"predecessor-version":[{"id":67936,"href":"https:\/\/losperiodistas.com.mx\/portal\/wp-json\/wp\/v2\/posts\/67934\/revisions\/67936"}],"wp:featuredmedia":[{"embeddable":true,"href":"https:\/\/losperiodistas.com.mx\/portal\/wp-json\/wp\/v2\/media\/67935"}],"wp:attachment":[{"href":"https:\/\/losperiodistas.com.mx\/portal\/wp-json\/wp\/v2\/media?parent=67934"}],"wp:term":[{"taxonomy":"category","embeddable":true,"href":"https:\/\/losperiodistas.com.mx\/portal\/wp-json\/wp\/v2\/categories?post=67934"},{"taxonomy":"post_tag","embeddable":true,"href":"https:\/\/losperiodistas.com.mx\/portal\/wp-json\/wp\/v2\/tags?post=67934"}],"curies":[{"name":"wp","href":"https:\/\/api.w.org\/{rel}","templated":true}]}}