{"id":67861,"date":"2024-02-07T06:08:12","date_gmt":"2024-02-07T12:08:12","guid":{"rendered":"https:\/\/losperiodistas.com.mx\/portal\/?p=67861"},"modified":"2024-02-07T06:08:14","modified_gmt":"2024-02-07T12:08:14","slug":"rescata-policia-estatal-a-13-personas-de-origen-centroamericano","status":"publish","type":"post","link":"https:\/\/losperiodistas.com.mx\/portal\/rescata-policia-estatal-a-13-personas-de-origen-centroamericano\/","title":{"rendered":"Rescata Polic\u00eda Estatal a 13 personas de origen centroamericano"},"content":{"rendered":"\n<p class=\"has-medium-font-size\">&#8211;\u00a0<em>Fueron detenidos V\u00edctor N., y Luis N., por tr\u00e1fico de personas<\/em><\/p>\n\n\n\n<div class=\"wp-block-image\"><figure class=\"aligncenter size-full\"><img fetchpriority=\"high\" decoding=\"async\" width=\"600\" height=\"450\" src=\"https:\/\/losperiodistas.com.mx\/portal\/wp-content\/uploads\/2024\/02\/8f702206998c727b4f7d51607fd1c7c4_L.jpeg\" alt=\"\" class=\"wp-image-67862\" srcset=\"https:\/\/losperiodistas.com.mx\/portal\/wp-content\/uploads\/2024\/02\/8f702206998c727b4f7d51607fd1c7c4_L.jpeg 600w, https:\/\/losperiodistas.com.mx\/portal\/wp-content\/uploads\/2024\/02\/8f702206998c727b4f7d51607fd1c7c4_L-300x225.jpeg 300w\" sizes=\"(max-width: 600px) 100vw, 600px\" \/><figcaption>Gobierno Puebla<\/figcaption><\/figure><\/div>\n\n\n\n<p class=\"has-vivid-red-color has-text-color has-medium-font-size\"><strong>COMUNICADO<\/strong><\/p>\n\n\n\n<p><strong>TEPANCO DE L\u00d3PEZ, Pue. &#8211;<\/strong>&nbsp;El gobierno presente de Sergio Salom\u00f3n, a trav\u00e9s de la Secretar\u00eda de Seguridad P\u00fablica (SSP), rescat\u00f3 a 13 personas de origen centroamericano y detuvo a dos hombres por el delito de tr\u00e1fico de personas.<\/p>\n\n\n\n<p>Mediante una persecuci\u00f3n, la Polic\u00eda Estatal, en coordinaci\u00f3n con la Polic\u00eda Municipal de Tehuac\u00e1n, detuvo a V\u00edctor N., 38 a\u00f1os y Luis N., de 33, quienes trasladaban ilegalmente a 13 migrantes, entre ellos dos menores de edad, provenientes de Guatemala y Nicaragua.<\/p>\n\n\n\n<p>Durante la acci\u00f3n de las fuerzas estatales y municipales, fue asegurada una camioneta Chevrolet, Suburban, color arena con placas del estado de Tlaxcala.<\/p>\n\n\n\n<p>Por lo anterior, los hombres detenidos fueron puestos a disposici\u00f3n de la Fiscal\u00eda General de la Rep\u00fablica (FGR), mientras que los extranjeros quedaron a resguardo del Instituto Nacional de Migraci\u00f3n.<\/p>\n\n\n\n<p>La Secretar\u00eda de Seguridad P\u00fablica refuerza las labores de vigilancia en carreteras para inhibir la comisi\u00f3n de actividades il\u00edcitas.<\/p>\n","protected":false},"excerpt":{"rendered":"<p>&#8211;\u00a0Fueron detenidos V\u00edctor N., y Luis N., por tr\u00e1fico de personas COMUNICADO TEPANCO DE L\u00d3PEZ, Pue. &#8211;&nbsp;El gobierno presente de [&hellip;]<\/p>\n","protected":false},"author":1,"featured_media":67862,"comment_status":"open","ping_status":"open","sticky":false,"template":"","format":"standard","meta":{"site-sidebar-layout":"default","site-content-layout":"","ast-site-content-layout":"default","site-content-style":"default","site-sidebar-style":"default","ast-global-header-display":"","ast-banner-title-visibility":"","ast-main-header-display":"","ast-hfb-above-header-display":"","ast-hfb-below-header-display":"","ast-hfb-mobile-header-display":"","site-post-title":"","ast-breadcrumbs-content":"","ast-featured-img":"","footer-sml-layout":"","theme-transparent-header-meta":"","adv-header-id-meta":"","stick-header-meta":"","header-above-stick-meta":"","header-main-stick-meta":"","header-below-stick-meta":"","astra-migrate-meta-layouts":"default","ast-page-background-enabled":"default","ast-page-background-meta":{"desktop":{"background-color":"var(--ast-global-color-4)","background-image":"","background-repeat":"repeat","background-position":"center center","background-size":"auto","background-attachment":"scroll","background-type":"","background-media":"","overlay-type":"","overlay-color":"","overlay-opacity":"","overlay-gradient":""},"tablet":{"background-color":"","background-image":"","background-repeat":"repeat","background-position":"center center","background-size":"auto","background-attachment":"scroll","background-type":"","background-media":"","overlay-type":"","overlay-color":"","overlay-opacity":"","overlay-gradient":""},"mobile":{"background-color":"","background-image":"","background-repeat":"repeat","background-position":"center center","background-size":"auto","background-attachment":"scroll","background-type":"","background-media":"","overlay-type":"","overlay-color":"","overlay-opacity":"","overlay-gradient":""}},"ast-content-background-meta":{"desktop":{"background-color":"var(--ast-global-color-5)","background-image":"","background-repeat":"repeat","background-position":"center center","background-size":"auto","background-attachment":"scroll","background-type":"","background-media":"","overlay-type":"","overlay-color":"","overlay-opacity":"","overlay-gradient":""},"tablet":{"background-color":"var(--ast-global-color-5)","background-image":"","background-repeat":"repeat","background-position":"center center","background-size":"auto","background-attachment":"scroll","background-type":"","background-media":"","overlay-type":"","overlay-color":"","overlay-opacity":"","overlay-gradient":""},"mobile":{"background-color":"var(--ast-global-color-5)","background-image":"","background-repeat":"repeat","background-position":"center center","background-size":"auto","background-attachment":"scroll","background-type":"","background-media":"","overlay-type":"","overlay-color":"","overlay-opacity":"","overlay-gradient":""}},"footnotes":""},"categories":[8],"tags":[3828,5733,22100,5044],"class_list":["post-67861","post","type-post","status-publish","format-standard","has-post-thumbnail","hentry","category-noticias","tag-migrantes","tag-policia-puebla","tag-tepanco-de-lopez","tag-trafico-de-personas"],"_links":{"self":[{"href":"https:\/\/losperiodistas.com.mx\/portal\/wp-json\/wp\/v2\/posts\/67861","targetHints":{"allow":["GET"]}}],"collection":[{"href":"https:\/\/losperiodistas.com.mx\/portal\/wp-json\/wp\/v2\/posts"}],"about":[{"href":"https:\/\/losperiodistas.com.mx\/portal\/wp-json\/wp\/v2\/types\/post"}],"author":[{"embeddable":true,"href":"https:\/\/losperiodistas.com.mx\/portal\/wp-json\/wp\/v2\/users\/1"}],"replies":[{"embeddable":true,"href":"https:\/\/losperiodistas.com.mx\/portal\/wp-json\/wp\/v2\/comments?post=67861"}],"version-history":[{"count":1,"href":"https:\/\/losperiodistas.com.mx\/portal\/wp-json\/wp\/v2\/posts\/67861\/revisions"}],"predecessor-version":[{"id":67863,"href":"https:\/\/losperiodistas.com.mx\/portal\/wp-json\/wp\/v2\/posts\/67861\/revisions\/67863"}],"wp:featuredmedia":[{"embeddable":true,"href":"https:\/\/losperiodistas.com.mx\/portal\/wp-json\/wp\/v2\/media\/67862"}],"wp:attachment":[{"href":"https:\/\/losperiodistas.com.mx\/portal\/wp-json\/wp\/v2\/media?parent=67861"}],"wp:term":[{"taxonomy":"category","embeddable":true,"href":"https:\/\/losperiodistas.com.mx\/portal\/wp-json\/wp\/v2\/categories?post=67861"},{"taxonomy":"post_tag","embeddable":true,"href":"https:\/\/losperiodistas.com.mx\/portal\/wp-json\/wp\/v2\/tags?post=67861"}],"curies":[{"name":"wp","href":"https:\/\/api.w.org\/{rel}","templated":true}]}}