{"id":67854,"date":"2024-02-07T05:48:53","date_gmt":"2024-02-07T11:48:53","guid":{"rendered":"https:\/\/losperiodistas.com.mx\/portal\/?p=67854"},"modified":"2024-02-07T05:48:56","modified_gmt":"2024-02-07T11:48:56","slug":"reforma-en-pensiones-y-becas-a-jovenes-meterian-presion-a-las-finanzas-publicas-el-economista%ef%bf%bc","status":"publish","type":"post","link":"https:\/\/losperiodistas.com.mx\/portal\/reforma-en-pensiones-y-becas-a-jovenes-meterian-presion-a-las-finanzas-publicas-el-economista%ef%bf%bc\/","title":{"rendered":"Reforma en pensiones y becas a j\u00f3venes meter\u00edan presi\u00f3n a las finanzas p\u00fablicas | El Economista\ufffc"},"content":{"rendered":"\n<p class=\"has-medium-font-size\">El Instituto Mexicano de Competitividad record\u00f3 que, actualmente, las pensiones ya aprietan a las finanzas p\u00fablicas. Este a\u00f1o, considerando las pensiones contributivas y no contributivas, absorber\u00e1n 22 de cada 100 pesos que se gasten.<\/p>\n\n\n\n<figure class=\"wp-block-image size-large\"><img fetchpriority=\"high\" decoding=\"async\" width=\"1024\" height=\"577\" src=\"https:\/\/losperiodistas.com.mx\/portal\/wp-content\/uploads\/2024\/02\/Captura-de-Pantalla-2024-02-07-a-las-5.44.09-1024x577.jpg\" alt=\"\" class=\"wp-image-67855\" srcset=\"https:\/\/losperiodistas.com.mx\/portal\/wp-content\/uploads\/2024\/02\/Captura-de-Pantalla-2024-02-07-a-las-5.44.09-1024x577.jpg 1024w, https:\/\/losperiodistas.com.mx\/portal\/wp-content\/uploads\/2024\/02\/Captura-de-Pantalla-2024-02-07-a-las-5.44.09-300x169.jpg 300w, https:\/\/losperiodistas.com.mx\/portal\/wp-content\/uploads\/2024\/02\/Captura-de-Pantalla-2024-02-07-a-las-5.44.09-768x433.jpg 768w, https:\/\/losperiodistas.com.mx\/portal\/wp-content\/uploads\/2024\/02\/Captura-de-Pantalla-2024-02-07-a-las-5.44.09.jpg 1516w\" sizes=\"(max-width: 1024px) 100vw, 1024px\" \/><figcaption>MIGUEL BLANCARTE (MIGUEL BLANCARTE)<\/figcaption><\/figure>\n\n\n\n<p class=\"has-vivid-red-color has-text-color has-medium-font-size\"><strong>BEL\u00c9N SALD\u00cdVAR<\/strong><\/p>\n\n\n\n<p>Las reformas presentadas por el presidente Andr\u00e9s Manuel L\u00f3pez Obrador en materia de pensiones y del programa J\u00f3venes Construyendo el Futuro pondr\u00e1n en aprietos a las finanzas p\u00fablicas del pa\u00eds, las cuales ya han presentado debilidad en los ingresos p\u00fablicos y un aumento en el endeudamiento para solventar el gasto.<\/p>\n\n\n\n<p>El Instituto Mexicano para la Competitividad (IMCO) destac\u00f3 que las reformas presentadas no solo son ambiciosas, sino que de aprobarse demandar\u00e1n cambios profundos, en donde se asomar\u00eda una reforma fiscal que permitiera financiar las modificaciones, en especial lo que tiene que ver con el sistema de pensiones.<\/p>\n\n\n\n<p>El tema que m\u00e1s resalta es el de las pensiones. La propuesta del Presidente es que los trabajadores que est\u00e1n bajo la Ley 97 \u2013de cuentas individualizadas\u2013 puedan acceder a una pensi\u00f3n de 100% de su \u00faltimo salario, siempre que \u00e9ste no rebase el promedio que reporta el IMSS, que al cierre del a\u00f1o pasado fue de alrededor de 16,700 pesos.Para lo anterior, el gobierno propone el Fondo de Pensi\u00f3n para el Bienestar, el cual iniciar\u00e1 con capital semilla de 64,619 millones de pesos y se financiar\u00e1 a trav\u00e9s de diversas fuentes cuya viabilidad no es segura.<\/p>\n\n\n\n<p>\u201cLa iniciativa contraviene el objetivo principal del sistema de ahorro para el retiro vigente actualmente, que fue garantizar la sostenibilidad fiscal del pa\u00eds\u201d, asever\u00f3 el IMCO, que record\u00f3 que en 1997 se transit\u00f3 de un esquema de beneficios definidos a uno de contribuciones definidas.<\/p>\n\n\n\n<p>\u201cEs decir, de un esquema en el que el Estado financiaba pensiones pr\u00e1cticamente id\u00e9nticas al \u00faltimo salario de los trabajadores con cargo a los impuestos que pagaban los contribuyentes, a uno en el que cada trabajador financia su propia pensi\u00f3n con los ingresos obtenidos a lo largo de su trayectoria laboral\u201d.<\/p>\n\n\n\n<p>Agreg\u00f3 que, de ser aprobada, se responsabilizar\u00e1 al Estado de un pasivo que aumentar\u00e1 en la medida que incremente la poblaci\u00f3n de 65 a\u00f1os y m\u00e1s en el pa\u00eds. Se espera que, en los siguientes 26 a\u00f1os, esta poblaci\u00f3n pase de 11.4 a 24.9 millones.<\/p>\n\n\n\n<p>\u201cEste compromiso financiero se adquirir\u00eda en un momento en el que las pensiones ya constituyen una parte significativa y creciente del gasto del sector p\u00fablico federal (22% del total, incluyendo las Pensiones para el Bienestar de las Personas Adultas Mayores), por lo que un incremento adicional limitar\u00eda a\u00fan m\u00e1s la capacidad del Estado para proveer bienes y servicios, en detrimento de distintos sectores de la poblaci\u00f3n y de la competitividad del pa\u00eds\u201d.<\/p>\n\n\n\n<p>Para garantizar la sostenibilidad de una reforma en pensiones, se demanda la implementaci\u00f3n de pol\u00edticas p\u00fablicas fiscalmente responsables, progresivas y con una perspectiva de g\u00e9nero que incrementen el n\u00famero de personas adultas mayores que acceden a una pensi\u00f3n, as\u00ed como sus montos.<\/p>\n\n\n\n<h2 class=\"wp-block-heading\">Falta de transparencia<\/h2>\n\n\n\n<p>Otra de las reformas del Ejecutivo plantea subir a rango constitucional el programa de J\u00f3venes Construyendo el Futuro, uno de los insignia en la actual gobernaci\u00f3n. El monto de dichas becas se calcula conforme el salario m\u00ednimo, el cual ha tenido un incremento real de 60% desde el 2019, record\u00f3 el IMCO.<\/p>\n\n\n\n<p>\u201cEl programa ha recibido cr\u00edticas por la falta de transparencia e inconsistencias en el registro del padr\u00f3n de becarios. Adem\u00e1s, la Auditor\u00eda Superior de la Federaci\u00f3n ha reportado irregularidades en el gasto\u201d, a\u00f1adi\u00f3.<\/p>\n\n\n\n<p>Para este a\u00f1o, el gasto aprobado fue de 24,200 millones de pesos, 85% del presupuesto de la Secretar\u00eda de Trabajo y Previsi\u00f3n Social (STPS). \u201cEste cambio legislativo pondr\u00eda una presi\u00f3n adicional en las finanzas p\u00fablicas del pa\u00eds sin tener informaci\u00f3n sobre cu\u00e1ntos j\u00f3venes que recibieron la capacitaci\u00f3n han logrado incorporarse al mercado laboral formal. Es decir, se seguir\u00e1n destinando recursos p\u00fablicos a un programa cuya efectividad para contribuir a la inclusi\u00f3n laboral de los j\u00f3venes no ha sido medida ni comprobada\u201d.<\/p>\n\n\n\n<p>Adem\u00e1s de las reformas en pensiones y de J\u00f3venes Construyendo el Futuro, el IMCO detall\u00f3 que otras seis m\u00e1s atentan contra la competitividad del pa\u00eds: el aumento anual por arriba de la inflaci\u00f3n del salario m\u00ednimo; desaparici\u00f3n de \u00f3rganos aut\u00f3nomos; la reforma al Poder Judicial; la electoral; y las reformas en materia de energ\u00eda y agua.<\/p>\n\n\n\n<h2 class=\"wp-block-heading\">Lo que tiene que saber de la iniciativa<\/h2>\n\n\n\n<ol class=\"wp-block-list\"><li>Se propone garantizar una pensi\u00f3n de retiro por vejez que sea igual al \u00faltimo salario del trabajador.<\/li><li>No se eliminan las Administradoras de Fondos para el Retiro (Afores) ni se tocan los recursos de las cuentas de los trabajadores.<\/li><li>Se crea un Fondo de Pensiones para el Bienestar que servir\u00e1 para completar las pensiones con el fin de que \u00e9stas asciendan a 100% del \u00faltimo salario del trabajador.<\/li><li>La garant\u00eda de una pensi\u00f3n igual al \u00faltimo salario s\u00f3lo aplica para aquellos trabajadores que ganen menos del salario promedio de cotizaci\u00f3n en el IMSS (16,777.78 pesos al mes).<\/li><li>El Fondo iniciar\u00e1 con un capital de&nbsp; \u200264,619 millones de pesos y se financiar\u00e1 de diversas fuentes, como los recursos que se obtengan de la extinci\u00f3n de los \u00f3rganos aut\u00f3nomos, as\u00ed como de la eliminaci\u00f3n de los fideicomisos del Poder Judicial.<\/li><\/ol>\n\n\n\n<p><a href=\"mailto:ana.martinez@eleconomista.mx\">ana.martinez@eleconomista.mx<\/a><\/p>\n\n\n\n<p>Fuente: <a href=\"https:\/\/www.eleconomista.com.mx\/economia\/Reforma-de-pensiones-va-contra-la-sostenibilidad-fiscal-del-pais-IMCO-20240206-0071.html\">https:\/\/www.eleconomista.com.mx\/economia\/Reforma-de-pensiones-va-contra-la-sostenibilidad-fiscal-del-pais-IMCO-20240206-0071.html<\/a><\/p>\n","protected":false},"excerpt":{"rendered":"<p>El Instituto Mexicano de Competitividad record\u00f3 que, actualmente, las pensiones ya aprietan a las finanzas p\u00fablicas. Este a\u00f1o, considerando las [&hellip;]<\/p>\n","protected":false},"author":1,"featured_media":67855,"comment_status":"open","ping_status":"open","sticky":false,"template":"","format":"standard","meta":{"site-sidebar-layout":"default","site-content-layout":"","ast-site-content-layout":"default","site-content-style":"default","site-sidebar-style":"default","ast-global-header-display":"","ast-banner-title-visibility":"","ast-main-header-display":"","ast-hfb-above-header-display":"","ast-hfb-below-header-display":"","ast-hfb-mobile-header-display":"","site-post-title":"","ast-breadcrumbs-content":"","ast-featured-img":"","footer-sml-layout":"","theme-transparent-header-meta":"","adv-header-id-meta":"","stick-header-meta":"","header-above-stick-meta":"","header-main-stick-meta":"","header-below-stick-meta":"","astra-migrate-meta-layouts":"default","ast-page-background-enabled":"default","ast-page-background-meta":{"desktop":{"background-color":"var(--ast-global-color-4)","background-image":"","background-repeat":"repeat","background-position":"center center","background-size":"auto","background-attachment":"scroll","background-type":"","background-media":"","overlay-type":"","overlay-color":"","overlay-opacity":"","overlay-gradient":""},"tablet":{"background-color":"","background-image":"","background-repeat":"repeat","background-position":"center center","background-size":"auto","background-attachment":"scroll","background-type":"","background-media":"","overlay-type":"","overlay-color":"","overlay-opacity":"","overlay-gradient":""},"mobile":{"background-color":"","background-image":"","background-repeat":"repeat","background-position":"center center","background-size":"auto","background-attachment":"scroll","background-type":"","background-media":"","overlay-type":"","overlay-color":"","overlay-opacity":"","overlay-gradient":""}},"ast-content-background-meta":{"desktop":{"background-color":"var(--ast-global-color-5)","background-image":"","background-repeat":"repeat","background-position":"center center","background-size":"auto","background-attachment":"scroll","background-type":"","background-media":"","overlay-type":"","overlay-color":"","overlay-opacity":"","overlay-gradient":""},"tablet":{"background-color":"var(--ast-global-color-5)","background-image":"","background-repeat":"repeat","background-position":"center center","background-size":"auto","background-attachment":"scroll","background-type":"","background-media":"","overlay-type":"","overlay-color":"","overlay-opacity":"","overlay-gradient":""},"mobile":{"background-color":"var(--ast-global-color-5)","background-image":"","background-repeat":"repeat","background-position":"center center","background-size":"auto","background-attachment":"scroll","background-type":"","background-media":"","overlay-type":"","overlay-color":"","overlay-opacity":"","overlay-gradient":""}},"footnotes":""},"categories":[8],"tags":[22095,22094,22096],"class_list":["post-67854","post","type-post","status-publish","format-standard","has-post-thumbnail","hentry","category-noticias","tag-becas-mexico","tag-pensiones-mexico","tag-presion-finanzas-publicas"],"_links":{"self":[{"href":"https:\/\/losperiodistas.com.mx\/portal\/wp-json\/wp\/v2\/posts\/67854","targetHints":{"allow":["GET"]}}],"collection":[{"href":"https:\/\/losperiodistas.com.mx\/portal\/wp-json\/wp\/v2\/posts"}],"about":[{"href":"https:\/\/losperiodistas.com.mx\/portal\/wp-json\/wp\/v2\/types\/post"}],"author":[{"embeddable":true,"href":"https:\/\/losperiodistas.com.mx\/portal\/wp-json\/wp\/v2\/users\/1"}],"replies":[{"embeddable":true,"href":"https:\/\/losperiodistas.com.mx\/portal\/wp-json\/wp\/v2\/comments?post=67854"}],"version-history":[{"count":1,"href":"https:\/\/losperiodistas.com.mx\/portal\/wp-json\/wp\/v2\/posts\/67854\/revisions"}],"predecessor-version":[{"id":67856,"href":"https:\/\/losperiodistas.com.mx\/portal\/wp-json\/wp\/v2\/posts\/67854\/revisions\/67856"}],"wp:featuredmedia":[{"embeddable":true,"href":"https:\/\/losperiodistas.com.mx\/portal\/wp-json\/wp\/v2\/media\/67855"}],"wp:attachment":[{"href":"https:\/\/losperiodistas.com.mx\/portal\/wp-json\/wp\/v2\/media?parent=67854"}],"wp:term":[{"taxonomy":"category","embeddable":true,"href":"https:\/\/losperiodistas.com.mx\/portal\/wp-json\/wp\/v2\/categories?post=67854"},{"taxonomy":"post_tag","embeddable":true,"href":"https:\/\/losperiodistas.com.mx\/portal\/wp-json\/wp\/v2\/tags?post=67854"}],"curies":[{"name":"wp","href":"https:\/\/api.w.org\/{rel}","templated":true}]}}