{"id":67834,"date":"2024-02-06T18:34:59","date_gmt":"2024-02-07T00:34:59","guid":{"rendered":"https:\/\/losperiodistas.com.mx\/portal\/?p=67834"},"modified":"2024-02-06T18:39:59","modified_gmt":"2024-02-07T00:39:59","slug":"opinion-el-paquete-de-iniciativas-del-presidente","status":"publish","type":"post","link":"https:\/\/losperiodistas.com.mx\/portal\/opinion-el-paquete-de-iniciativas-del-presidente\/","title":{"rendered":"Opini\u00f3n | El paquete de iniciativas del presidente"},"content":{"rendered":"\n<p class=\"has-vivid-red-color has-text-color\" style=\"font-size:26px\"><strong>Por Humberto Aguilar Coronado<\/strong><\/p>\n\n\n\n<p>Pues el presidente cumpli\u00f3 su amenaza y mando un paquete de 20 iniciativas de reforma constitucional a la C\u00e1mara de Diputados.<\/p>\n\n\n\n<p>En su discurso, nuevamente se plasma la polarizaci\u00f3n que lo ha caracterizado desde que inici\u00f3 su gobierno, comparando y encumbrando a Miguel Hidalgo y a Jos\u00e9 Mar\u00eda Morelos y culpando a Agust\u00edn de Iturbide de todas las culpas del pasado y echando culpas a los oligarcas realistas y a los neoliberales, pasando por los neoporfiristas.<\/p>\n\n\n\n<p>Afirm\u00f3 que han sido 36 a\u00f1os de oscuro periodo, porque desde el a\u00f1o 1983, nuestro pa\u00eds ha sido gobernada por una minor\u00eda rapaz que solo busc\u00f3 sus beneficios personales.<\/p>\n\n\n\n<p>Se le olvida que el perteneci\u00f3 al partido hegem\u00f3nico, del que fue su presidente en el estado de Tabasco entre el 83 y el 88, adem\u00e1s de ser el autor del himno del PRI.<\/p>\n\n\n\n<p>La lista de temas es larga, pero b\u00e1sicamente de lo que se trata es de debilitar a los contrapesos institucionales del ejecutivo, a los otros dos poderes y a los \u00f3rganos constitucionales aut\u00f3nomos, por considerar, seg\u00fan \u00e9l, que no sirven para nada.<\/p>\n\n\n\n<p>Claro que no le sirven a un presidente que de la opacidad en el ejercicio de su gobierno, hace su m\u00e1xima de actuaci\u00f3n.<\/p>\n\n\n\n<p>Claro que no le sirven a un presidente que no considera a la transparencia como un valor democr\u00e1tico y de respeto a los derechos humanos.<\/p>\n\n\n\n<p>Claro que no le sirven a un presidente que no respeta la autoridad electoral como garante de unas elecciones competidas, pero limpias y respetuosas del resultado.<\/p>\n\n\n\n<p>Lo triste del caso es que, sufriendo el gobierno m\u00e1s violento de la historia, en donde est\u00e1 claro que su pol\u00edtica de tolerancia al crimen organizado solo ha dado como resultado que, a la fecha, ya se hayan contabilizado m\u00e1s de 179 mil muertos en lo que va del sexenio, no haya presentado una sola iniciativa para tratar de revertir esa dolorosa realidad que l\u00e1stima a la mayor\u00eda de los mexicanos.<\/p>\n\n\n\n<p>Por otra parte, pareciera una broma que proponga atenci\u00f3n m\u00e9dica gratuita para todos los mexicanos, despu\u00e9s de haber desaparecido el seguro popular, haber creado el fracasado INSABI y haber propuesto el IMSS-Bienestar; despu\u00e9s de haber desmantelado el sistema de vacunaci\u00f3n; despu\u00e9s de haber cancelado recursos para la compra de medicinas para el tratamiento de los ni\u00f1os con c\u00e1ncer y despu\u00e9s de haber creado la \u201csuper farmacia\u201d para distribuir medicinas y que se sabe, no tiene medicinas para distribuir o garantizar su entrega.<\/p>\n\n\n\n<p>Sin embargo, en la oposici\u00f3n estamos dispuestos a analizar con responsabilidad las iniciativas presentadas, pero esperamos que las mismas, sean debatidas siguiendo el proceso legislativo correspondiente, para ser aprobadas en esta legislatura o en la siguiente, como acept\u00f3 el presidente.<\/p>\n\n\n\n<p>Por mi parte, yo defiendo la constituci\u00f3n, a las instituciones y a las pensiones.<\/p>\n\n\n\n<p>*Es Diputado Federal del PAN<\/p>\n","protected":false},"excerpt":{"rendered":"<p>Por Humberto Aguilar Coronado Pues el presidente cumpli\u00f3 su amenaza y mando un paquete de 20 iniciativas de reforma constitucional [&hellip;]<\/p>\n","protected":false},"author":1,"featured_media":67835,"comment_status":"open","ping_status":"open","sticky":false,"template":"","format":"standard","meta":{"site-sidebar-layout":"default","site-content-layout":"","ast-site-content-layout":"default","site-content-style":"default","site-sidebar-style":"default","ast-global-header-display":"","ast-banner-title-visibility":"","ast-main-header-display":"","ast-hfb-above-header-display":"","ast-hfb-below-header-display":"","ast-hfb-mobile-header-display":"","site-post-title":"","ast-breadcrumbs-content":"","ast-featured-img":"","footer-sml-layout":"","theme-transparent-header-meta":"","adv-header-id-meta":"","stick-header-meta":"","header-above-stick-meta":"","header-main-stick-meta":"","header-below-stick-meta":"","astra-migrate-meta-layouts":"default","ast-page-background-enabled":"default","ast-page-background-meta":{"desktop":{"background-color":"var(--ast-global-color-4)","background-image":"","background-repeat":"repeat","background-position":"center center","background-size":"auto","background-attachment":"scroll","background-type":"","background-media":"","overlay-type":"","overlay-color":"","overlay-opacity":"","overlay-gradient":""},"tablet":{"background-color":"","background-image":"","background-repeat":"repeat","background-position":"center center","background-size":"auto","background-attachment":"scroll","background-type":"","background-media":"","overlay-type":"","overlay-color":"","overlay-opacity":"","overlay-gradient":""},"mobile":{"background-color":"","background-image":"","background-repeat":"repeat","background-position":"center center","background-size":"auto","background-attachment":"scroll","background-type":"","background-media":"","overlay-type":"","overlay-color":"","overlay-opacity":"","overlay-gradient":""}},"ast-content-background-meta":{"desktop":{"background-color":"var(--ast-global-color-5)","background-image":"","background-repeat":"repeat","background-position":"center center","background-size":"auto","background-attachment":"scroll","background-type":"","background-media":"","overlay-type":"","overlay-color":"","overlay-opacity":"","overlay-gradient":""},"tablet":{"background-color":"var(--ast-global-color-5)","background-image":"","background-repeat":"repeat","background-position":"center center","background-size":"auto","background-attachment":"scroll","background-type":"","background-media":"","overlay-type":"","overlay-color":"","overlay-opacity":"","overlay-gradient":""},"mobile":{"background-color":"var(--ast-global-color-5)","background-image":"","background-repeat":"repeat","background-position":"center center","background-size":"auto","background-attachment":"scroll","background-type":"","background-media":"","overlay-type":"","overlay-color":"","overlay-opacity":"","overlay-gradient":""}},"footnotes":""},"categories":[8,18],"tags":[22092,199,10763],"class_list":["post-67834","post","type-post","status-publish","format-standard","has-post-thumbnail","hentry","category-noticias","category-palabra-de-tigre","tag-palabradetigre","tag-amlo","tag-reformas-constitucionales"],"_links":{"self":[{"href":"https:\/\/losperiodistas.com.mx\/portal\/wp-json\/wp\/v2\/posts\/67834","targetHints":{"allow":["GET"]}}],"collection":[{"href":"https:\/\/losperiodistas.com.mx\/portal\/wp-json\/wp\/v2\/posts"}],"about":[{"href":"https:\/\/losperiodistas.com.mx\/portal\/wp-json\/wp\/v2\/types\/post"}],"author":[{"embeddable":true,"href":"https:\/\/losperiodistas.com.mx\/portal\/wp-json\/wp\/v2\/users\/1"}],"replies":[{"embeddable":true,"href":"https:\/\/losperiodistas.com.mx\/portal\/wp-json\/wp\/v2\/comments?post=67834"}],"version-history":[{"count":1,"href":"https:\/\/losperiodistas.com.mx\/portal\/wp-json\/wp\/v2\/posts\/67834\/revisions"}],"predecessor-version":[{"id":67836,"href":"https:\/\/losperiodistas.com.mx\/portal\/wp-json\/wp\/v2\/posts\/67834\/revisions\/67836"}],"wp:featuredmedia":[{"embeddable":true,"href":"https:\/\/losperiodistas.com.mx\/portal\/wp-json\/wp\/v2\/media\/67835"}],"wp:attachment":[{"href":"https:\/\/losperiodistas.com.mx\/portal\/wp-json\/wp\/v2\/media?parent=67834"}],"wp:term":[{"taxonomy":"category","embeddable":true,"href":"https:\/\/losperiodistas.com.mx\/portal\/wp-json\/wp\/v2\/categories?post=67834"},{"taxonomy":"post_tag","embeddable":true,"href":"https:\/\/losperiodistas.com.mx\/portal\/wp-json\/wp\/v2\/tags?post=67834"}],"curies":[{"name":"wp","href":"https:\/\/api.w.org\/{rel}","templated":true}]}}