{"id":67818,"date":"2024-02-06T10:09:17","date_gmt":"2024-02-06T16:09:17","guid":{"rendered":"https:\/\/losperiodistas.com.mx\/portal\/?p=67818"},"modified":"2024-02-06T10:09:19","modified_gmt":"2024-02-06T16:09:19","slug":"sigourney-weaver-goya-internacional-la-versatil-actriz-que-inmortalizo-a-la-teniente-ripley-la-lectura","status":"publish","type":"post","link":"https:\/\/losperiodistas.com.mx\/portal\/sigourney-weaver-goya-internacional-la-versatil-actriz-que-inmortalizo-a-la-teniente-ripley-la-lectura\/","title":{"rendered":"Sigourney Weaver, Goya Internacional: la vers\u00e1til actriz que inmortaliz\u00f3 a la Teniente Ripley | La Lectura"},"content":{"rendered":"\n<h2 class=\"has-background has-medium-font-size wp-block-heading\" style=\"background-color:#f674da\">La estrella estadounidense recoger\u00e1 el premio este s\u00e1bado en Valladolid por \u201cinspirarnos creando personajes femeninos independientes, complejos y fuertes\u201d.<\/h2>\n\n\n\n<figure class=\"wp-block-image size-large\"><img fetchpriority=\"high\" decoding=\"async\" width=\"1024\" height=\"576\" src=\"https:\/\/losperiodistas.com.mx\/portal\/wp-content\/uploads\/2024\/02\/830677136_239703612_1706x960-1024x576.jpg\" alt=\"\" class=\"wp-image-67819\" srcset=\"https:\/\/losperiodistas.com.mx\/portal\/wp-content\/uploads\/2024\/02\/830677136_239703612_1706x960-1024x576.jpg 1024w, https:\/\/losperiodistas.com.mx\/portal\/wp-content\/uploads\/2024\/02\/830677136_239703612_1706x960-300x169.jpg 300w, https:\/\/losperiodistas.com.mx\/portal\/wp-content\/uploads\/2024\/02\/830677136_239703612_1706x960-768x432.jpg 768w, https:\/\/losperiodistas.com.mx\/portal\/wp-content\/uploads\/2024\/02\/830677136_239703612_1706x960-1536x864.jpg 1536w, https:\/\/losperiodistas.com.mx\/portal\/wp-content\/uploads\/2024\/02\/830677136_239703612_1706x960.jpg 1706w\" sizes=\"(max-width: 1024px) 100vw, 1024px\" \/><figcaption>Sigourney Weaver. Foto: Andrew H. Walker \/ Academia de Cine<\/figcaption><\/figure>\n\n\n\n<p class=\"has-vivid-red-color has-text-color has-medium-font-size\"><strong>J. YUSTE \/ EL CULTURAL<\/strong><\/p>\n\n\n\n<p id=\"paragraph_1\"><strong><a href=\"https:\/\/www.elespanol.com\/el-cultural\/cine\/20160719\/sigourney-weaver-premio-donostia-festival-san-sebastian\/141236938_0.html\">Sigourney Weaver<\/a><\/strong>, tres veces nominada al Oscar y ganadora del BAFTA y del Globo de Oro,&nbsp;<strong>recibir\u00e1 este s\u00e1bado en Valladolid el Goya Internacional,<\/strong>&nbsp;durante la gala de entrega de los premios de la Academia de Cine.&nbsp;Tras&nbsp;<a href=\"https:\/\/www.elespanol.com\/el-cultural\/cine\/20220204\/cate-blanchett-recibira-primer-goya-internacional\/647685404_0.html\">Cate Blanchett&nbsp;<\/a>y&nbsp;<a href=\"https:\/\/www.elespanol.com\/el-cultural\/cine\/20230201\/juliette-binoche-recibira-goya-internacional\/738176326_0.html\">Juliette Binoche<\/a>, el galard\u00f3n llegar\u00e1 a las manos de una de las actrices m\u00e1s reconocidas de la industria del cine.<\/p>\n\n\n\n<p id=\"paragraph_2\">En un comunicado, la instituci\u00f3n destaca que la actriz \u00ab<strong>ha creado un conjunto de personajes inolvidables, tanto en comedia como en drama<\/strong>, que abarcan desde la Teniente Ripley en&nbsp;<em><a href=\"https:\/\/www.elespanol.com\/el-cultural\/cine\/20060622\/alien-completo\/14499232_0.html\">Alien<\/a><\/em>&nbsp;hasta Dian Fossey en&nbsp;<em>Gorilas en la niebla<\/em>. A lo largo de los a\u00f1os, ha cautivado al p\u00fablico y se ha ganado su admiraci\u00f3n como una de las int\u00e9rpretes m\u00e1s queridas de los escenarios y las pantallas a nivel mundial\u00bb.<\/p>\n\n\n\n<p id=\"paragraph_3\">El trabajo ecl\u00e9ctico de Weaver es reflejo de<strong>&nbsp;su versatilidad, carisma y un talento indiscutible como actriz<\/strong>. Su carrera incluye \u00e9xitos de taquilla como<em>&nbsp;<a href=\"https:\/\/www.elespanol.com\/el-cultural\/cine\/20221213\/critica-avatar-sentido-accion-emocion-pelicula-original\/725677744_0.html\">Avatar<\/a><\/em>,&nbsp;<em>Los Cazafantasmas<\/em>&nbsp;o&nbsp;<em>Alien<\/em>; dramas de gran sensibilidad como&nbsp;<em>The Good House<\/em>,&nbsp;<em>Sue\u00f1os de una escritora en Nueva York<\/em>,&nbsp;<em><a href=\"https:\/\/www.elespanol.com\/el-cultural\/cine\/20230804\/todas-jane-solido-drama-favor-derecho-aborto\/783921966_0.html\">Todas somos Jane<\/a><\/em>,&nbsp;<em>El a\u00f1o que vivimos peligrosamente<\/em>,&nbsp;<em>Mi mapa del mundo<\/em>&nbsp;y&nbsp;<em>La tormenta de hielo<\/em>, por la que gan\u00f3 el BAFTA.<\/p>\n\n\n\n<p id=\"paragraph_4\"><em><a href=\"https:\/\/www.elespanol.com\/el-cultural\/cine\/20240205\/claves-no-perderse-goya-valladolid-duelo-veteranos-noveles-animacion\/830167021_0.html\">[Claves para no perderse en los Goya de Valladolid: el duelo, veteranos y noveles, animaci\u00f3n&#8230;]<\/a><\/em>Contenido Patrocinado<a href=\"https:\/\/www.outbrain.com\/what-is\/default\/es\">Recomendado por<\/a>https:\/\/imasdk.googleapis.com\/js\/core\/bridge3.617.1_es.html#goog_1649486593about:blank<a target=\"_blank\" href=\"https:\/\/www.amazon.com\/adprefs\/ref=cs_aap_592520507073981044\/?pn=1&amp;pg=daae\" rel=\"noreferrer noopener\">&nbsp;<\/a>00:19 \/ 00:20<video preload=\"none\" poster=\"data:image\/png;base64,iVBORw0KGgoAAAANSUhEUgAAAAEAAAABCAQAAAC1HAwCAAAAC0lEQVR42mNkYAAAAAYAAjCB0C8AAAAASUVORK5CYII=\"><\/video>F85A2<\/p>\n\n\n\n<p id=\"paragraph_5\">Tambi\u00e9n ha rodado apasionantes historias como<em>&nbsp;<a href=\"https:\/\/www.elespanol.com\/el-cultural\/cine\/20230609\/jardinero-luminoso-magnifica-trilogia-redencion-paul-schrader\/767423399_0.html\">El maestro jardinero<\/a><\/em>,&nbsp;<em>El bosque<\/em>,&nbsp;<em>La muerte y la doncella<\/em>&nbsp;y&nbsp;<em>Copycat<\/em>; y&nbsp;<strong>comedias en las que ha mostrado su vis c\u00f3mica como&nbsp;<em>H\u00e9roes fuera de \u00f3rbita<\/em>,&nbsp;<em>Las seductoras<\/em><\/strong>,&nbsp;<em>La maldici\u00f3n de los hoyos<\/em>&nbsp;o&nbsp;<em>Armas de mujer<\/em>, por la que se alz\u00f3 con el Globo de Oro a la mejor actriz de reparto en la misma gala en que se hizo con el premio a mejor actriz protagonista por&nbsp;<em>Gorilas en la niebla<\/em>.<\/p>\n\n\n\n<p id=\"paragraph_6\"><strong>Su trabajo se extiende m\u00e1s all\u00e1 de la gran pantalla, con series de televisi\u00f3n aclamadas<\/strong>&nbsp;por la cr\u00edtica como&nbsp;<em>Oraciones para Bobby<\/em>,&nbsp;<em>Las flores perdidas de Alice Hart<\/em>, C<em>all My Agent!<\/em>&nbsp;y&nbsp;<em>Political Animals<\/em>. El Goya Internacional celebrar\u00e1 su huella en el mundo del arte en las \u00faltimas d\u00e9cadas este s\u00e1bado en Valladolid.<\/p>\n\n\n\n<p id=\"paragraph_7\">Weaver (Nueva York, 1949), que estudi\u00f3 en las universidades de Stanford y Yale y recibi\u00f3 el Premio Donostia 2016 del Festival de San Sebasti\u00e1n, ser\u00e1 galardonada con el tercer Goya Internacional de la historia. Creado para reconocer a personalidades que contribuyen al cine como arte que une culturas y espectadores y espectadoras de todo el mundo, se le otorga por&nbsp;<strong>\u201csu impresionante trayectoria plagada de pel\u00edculas inolvidables e inspirarnos creando personajes femeninos complejos y fuertes\u201d.<\/strong><\/p>\n\n\n\n<p id=\"paragraph_8\"><strong>Debut\u00f3 con un peque\u00f1o papel en<em>&nbsp;Annie Hall<\/em>&nbsp;de<a href=\"https:\/\/www.elespanol.com\/el-cultural\/cine\/20230925\/woody-allen-peliculas-clasico\/796920317_0.html\">&nbsp;Woody Allen<\/a><\/strong>,<a href=\"https:\/\/www.elespanol.com\/el-cultural\/cine\/20231120\/ridley-scott-gran-demiurgo-universos-lejanos-tiempo-espacio\/810169344_0.html\">&nbsp;Ridley Scott&nbsp;<\/a>hizo de ella todo un s\u00edmbolo del cine de ciencia ficci\u00f3n y de la mano de<a href=\"https:\/\/www.elespanol.com\/el-cultural\/cine\/20230127\/james-cameron-rey-midas-hollywood-peliculas-taquilleras\/736176511_0.html\">&nbsp;James Cameron<\/a>&nbsp;particip\u00f3 en el filme m\u00e1s taquillero de la historia del cine.<\/p>\n\n\n\n<p id=\"paragraph_9\"><em><a href=\"https:\/\/www.elespanol.com\/el-cultural\/cine\/20240206\/estibaliz-urresola-directora-pelicula-nominada-goya-cine-hecho-mujeres-no-genero\/830417126_0.html\">[Estibaliz Urresola, directora de la pel\u00edcula m\u00e1s nominada a los Goya: \u00abEl cine hecho por mujeres no es un g\u00e9nero\u00bb]<\/a><\/em><\/p>\n\n\n\n<p id=\"paragraph_10\">Tambi\u00e9n se ha puesto<strong>\u00a0delante de la c\u00e1mara de\u00a0<a href=\"https:\/\/www.elespanol.com\/el-cultural\/cine\/20190925\/peter-weir-inaugura-temporada-maestros-filmoteca\/431957941_0.html\">Peter Weir<\/a>, Mike Nichols,\u00a0<a href=\"https:\/\/www.elespanol.com\/el-cultural\/cine\/20230818\/comedia-polemico-roman-polanski-anos-ironia-satira-personajes-caricaturescos\/787421498_0.html\">Roman Polanski<\/a>,\u00a0<a href=\"https:\/\/www.elespanol.com\/el-cultural\/cine\/20191011\/geminis-ang-lee-gana-definicion-pierde-alma\/435958170_0.html\">Ang Lee<\/a>,\u00a0<a href=\"https:\/\/www.elespanol.com\/el-cultural\/cine\/20231025\/david-fincher-maestro-suspense-dinamitado-todas-reglas-hollywood\/803419842_0.html\">David Fincher<\/a>, Ivan Reitman,<a href=\"https:\/\/www.elespanol.com\/el-cultural\/cine\/20230126\/night-shyamalan-hollywood-actual-utiliza-directores-dinero\/736426525_0.html\">\u00a0M. Night Shyamalan<\/a>\u00a0y\u00a0<a href=\"https:\/\/www.elespanol.com\/el-cultural\/cine\/20231215\/sociedad-nieve-arrojo-bayona-conquistar-imposible\/816168418_0.html\">J.A. Bayona<\/a><\/strong>, con el que rod\u00f3\u00a0<em>Un monstruo viene a verme<\/em>, trabajo por el que estuvo nominada al Goya a mejor actriz de reparto y su segunda incursi\u00f3n en el cine espa\u00f1ol, en el que debut\u00f3 con\u00a0<em>Luces rojas<\/em>, de Rodrigo Cort\u00e9s, junto a Robert de Niro y Cillian Murphy.<\/p>\n\n\n\n<p>Fuente: <a href=\"https:\/\/www.elespanol.com\/el-cultural\/cine\/20240206\/sigourney-weaver-goya-internacional-versatil-actriz-inmortalizo-teniente-ripley\/830667030_0.html\">https:\/\/www.elespanol.com\/el-cultural\/cine\/20240206\/sigourney-weaver-goya-internacional-versatil-actriz-inmortalizo-teniente-ripley\/830667030_0.html<\/a><\/p>\n","protected":false},"excerpt":{"rendered":"<p>La estrella estadounidense recoger\u00e1 el premio este s\u00e1bado en Valladolid por \u201cinspirarnos creando personajes femeninos independientes, complejos y fuertes\u201d. J. [&hellip;]<\/p>\n","protected":false},"author":1,"featured_media":67819,"comment_status":"open","ping_status":"open","sticky":false,"template":"","format":"standard","meta":{"site-sidebar-layout":"default","site-content-layout":"","ast-site-content-layout":"default","site-content-style":"default","site-sidebar-style":"default","ast-global-header-display":"","ast-banner-title-visibility":"","ast-main-header-display":"","ast-hfb-above-header-display":"","ast-hfb-below-header-display":"","ast-hfb-mobile-header-display":"","site-post-title":"","ast-breadcrumbs-content":"","ast-featured-img":"","footer-sml-layout":"","theme-transparent-header-meta":"","adv-header-id-meta":"","stick-header-meta":"","header-above-stick-meta":"","header-main-stick-meta":"","header-below-stick-meta":"","astra-migrate-meta-layouts":"default","ast-page-background-enabled":"default","ast-page-background-meta":{"desktop":{"background-color":"var(--ast-global-color-4)","background-image":"","background-repeat":"repeat","background-position":"center center","background-size":"auto","background-attachment":"scroll","background-type":"","background-media":"","overlay-type":"","overlay-color":"","overlay-opacity":"","overlay-gradient":""},"tablet":{"background-color":"","background-image":"","background-repeat":"repeat","background-position":"center center","background-size":"auto","background-attachment":"scroll","background-type":"","background-media":"","overlay-type":"","overlay-color":"","overlay-opacity":"","overlay-gradient":""},"mobile":{"background-color":"","background-image":"","background-repeat":"repeat","background-position":"center center","background-size":"auto","background-attachment":"scroll","background-type":"","background-media":"","overlay-type":"","overlay-color":"","overlay-opacity":"","overlay-gradient":""}},"ast-content-background-meta":{"desktop":{"background-color":"var(--ast-global-color-5)","background-image":"","background-repeat":"repeat","background-position":"center center","background-size":"auto","background-attachment":"scroll","background-type":"","background-media":"","overlay-type":"","overlay-color":"","overlay-opacity":"","overlay-gradient":""},"tablet":{"background-color":"var(--ast-global-color-5)","background-image":"","background-repeat":"repeat","background-position":"center center","background-size":"auto","background-attachment":"scroll","background-type":"","background-media":"","overlay-type":"","overlay-color":"","overlay-opacity":"","overlay-gradient":""},"mobile":{"background-color":"var(--ast-global-color-5)","background-image":"","background-repeat":"repeat","background-position":"center center","background-size":"auto","background-attachment":"scroll","background-type":"","background-media":"","overlay-type":"","overlay-color":"","overlay-opacity":"","overlay-gradient":""}},"footnotes":""},"categories":[8],"tags":[2214,7416,22091],"class_list":["post-67818","post","type-post","status-publish","format-standard","has-post-thumbnail","hentry","category-noticias","tag-cine","tag-goya-internacional","tag-sigourney-weaver"],"_links":{"self":[{"href":"https:\/\/losperiodistas.com.mx\/portal\/wp-json\/wp\/v2\/posts\/67818","targetHints":{"allow":["GET"]}}],"collection":[{"href":"https:\/\/losperiodistas.com.mx\/portal\/wp-json\/wp\/v2\/posts"}],"about":[{"href":"https:\/\/losperiodistas.com.mx\/portal\/wp-json\/wp\/v2\/types\/post"}],"author":[{"embeddable":true,"href":"https:\/\/losperiodistas.com.mx\/portal\/wp-json\/wp\/v2\/users\/1"}],"replies":[{"embeddable":true,"href":"https:\/\/losperiodistas.com.mx\/portal\/wp-json\/wp\/v2\/comments?post=67818"}],"version-history":[{"count":1,"href":"https:\/\/losperiodistas.com.mx\/portal\/wp-json\/wp\/v2\/posts\/67818\/revisions"}],"predecessor-version":[{"id":67820,"href":"https:\/\/losperiodistas.com.mx\/portal\/wp-json\/wp\/v2\/posts\/67818\/revisions\/67820"}],"wp:featuredmedia":[{"embeddable":true,"href":"https:\/\/losperiodistas.com.mx\/portal\/wp-json\/wp\/v2\/media\/67819"}],"wp:attachment":[{"href":"https:\/\/losperiodistas.com.mx\/portal\/wp-json\/wp\/v2\/media?parent=67818"}],"wp:term":[{"taxonomy":"category","embeddable":true,"href":"https:\/\/losperiodistas.com.mx\/portal\/wp-json\/wp\/v2\/categories?post=67818"},{"taxonomy":"post_tag","embeddable":true,"href":"https:\/\/losperiodistas.com.mx\/portal\/wp-json\/wp\/v2\/tags?post=67818"}],"curies":[{"name":"wp","href":"https:\/\/api.w.org\/{rel}","templated":true}]}}