{"id":67814,"date":"2024-02-06T09:08:59","date_gmt":"2024-02-06T15:08:59","guid":{"rendered":"https:\/\/losperiodistas.com.mx\/portal\/?p=67814"},"modified":"2024-02-06T09:09:01","modified_gmt":"2024-02-06T15:09:01","slug":"opinion-monologos-de-menade-la-verdadera-razon-de-la-designacion-de-xochitl-galvez","status":"publish","type":"post","link":"https:\/\/losperiodistas.com.mx\/portal\/opinion-monologos-de-menade-la-verdadera-razon-de-la-designacion-de-xochitl-galvez\/","title":{"rendered":"Opini\u00f3n | Mon\u00f3logos de M\u00e9nade: La verdadera raz\u00f3n de la designaci\u00f3n de X\u00f3chitl G\u00e1lvez"},"content":{"rendered":"\n<figure class=\"wp-block-image size-large\"><img fetchpriority=\"high\" decoding=\"async\" width=\"1024\" height=\"576\" src=\"https:\/\/losperiodistas.com.mx\/portal\/wp-content\/uploads\/2024\/02\/La-verdadera-razon-de-la-designacion-de-Xochitl-Galvez-1024x576.jpg\" alt=\"\" class=\"wp-image-67815\" srcset=\"https:\/\/losperiodistas.com.mx\/portal\/wp-content\/uploads\/2024\/02\/La-verdadera-razon-de-la-designacion-de-Xochitl-Galvez-1024x576.jpg 1024w, https:\/\/losperiodistas.com.mx\/portal\/wp-content\/uploads\/2024\/02\/La-verdadera-razon-de-la-designacion-de-Xochitl-Galvez-300x169.jpg 300w, https:\/\/losperiodistas.com.mx\/portal\/wp-content\/uploads\/2024\/02\/La-verdadera-razon-de-la-designacion-de-Xochitl-Galvez-768x432.jpg 768w, https:\/\/losperiodistas.com.mx\/portal\/wp-content\/uploads\/2024\/02\/La-verdadera-razon-de-la-designacion-de-Xochitl-Galvez.jpg 1200w\" sizes=\"(max-width: 1024px) 100vw, 1024px\" \/><\/figure>\n\n\n\n<p class=\"has-vivid-red-color has-text-color\" style=\"font-size:26px\"><strong><em>Por Itandehui Rodr\u00edguez Mart\u00ednez<\/em><\/strong><\/p>\n\n\n\n<p>@Itandehui_RoMa<\/p>\n\n\n\n<p>X\u00f3chitl G\u00e1lvez se convirti\u00f3 en un dolor de cabeza, no solo para Andr\u00e9s Manuel L\u00f3pez Obrador, tambi\u00e9n para un panista\u2026 Marko Cort\u00e9s. Y esta, es la historia de la verdadera raz\u00f3n de la designaci\u00f3n de la candidata presidencial de la oposici\u00f3n.<\/p>\n\n\n\n<p>El objetivo de la exsenadora, era convertirse en candidata a la Jefatura de Gobierno de la Ciudad de M\u00e9xico. Y ya le estaba ganando la jugada a Marko Cort\u00e9s.<\/p>\n\n\n\n<p>El dirigente nacional de Acci\u00f3n Nacional, siempre quiso impulsar a Santiago Taboada, pero X\u00f3chitl estorbaba.<\/p>\n\n\n\n<p>Fue entonces cuando a la legisladora no panista se le ocurri\u00f3 la idea de solicitar el derecho de r\u00e9plica al presidente L\u00f3pez Obrador. Luego, encadenarse en el Senado, ir a tocar la puerta de Palacio Nacional y todo lo que ya sabemos.<\/p>\n\n\n\n<p>\u201c\u00a1Si no puedes con ella, imp\u00falsala!\u201d, seguramente pens\u00f3 Marko Cort\u00e9s, pues impulsarla, implicaba sacarla de la jugada de la Ciudad de M\u00e9xico.<\/p>\n\n\n\n<p>Deber\u00edas leer:&nbsp;<a href=\"https:\/\/www.apartadomex.com\/opinion\/monologos-de-menade\/mas-malas-noticias-para-eduardo-rivera\/32784\/\">M\u00e1s malas noticias para Eduardo Rivera<\/a>.<\/p>\n\n\n\n<p>Y como hemos esperado a Quetzalc\u00f3atl, desde tiempos inmemoriables, a las y los mexicanos nos gustan las historias que incluyen a personas que puedan venir a salvarnos m\u00e1gicamente, pareci\u00f3 ser una gran opci\u00f3n para muchos ciudadanos con buenas intenciones que impulsaron desde la sociedad civil la idea. Entonces X\u00f3chitl G\u00e1lvez, se convirti\u00f3 en la personificaci\u00f3n de la esperanza, de algunos.<\/p>\n\n\n\n<p>\u00bfLa m\u00eda? \u00a1Para nada!<\/p>\n\n\n\n<p>Pero volvamos al punto, ya con el escenario libre para Taboada, comenz\u00f3 la operaci\u00f3n que en verdad le interesa el dirigente nacional de Acci\u00f3n Nacional.<\/p>\n\n\n\n<p>\u00bfCu\u00e1l es?<\/p>\n\n\n\n<p>Recuperar la Ciudad de M\u00e9xico, gobernada por la izquierda desde 1997.<\/p>\n\n\n\n<p>Esto implicar\u00e1 una \u201conda expansiva\u201d que sacudir\u00e1 a la Cuarta Circunscripci\u00f3n compuesta por lo estados de: Puebla, Tlaxcala, Morelos, Ciudad de M\u00e9xico y Guerrero.<\/p>\n\n\n\n<p>Esto redundar\u00e1 en que la oposici\u00f3n pudiera lograr ganar m\u00e1s diputaciones federales e impulsar legisladores plurinominales y, lograr los contrapesos que tanto aspiran.<\/p>\n\n\n\n<p>La misi\u00f3n de X\u00f3chitl G\u00e1lvez es realmente esa o, en verdad \u00bfalguien cree que va a ganar? Yo tampoco.<\/p>\n\n\n\n<p>La verdadera raz\u00f3n es clara.<\/p>\n\n\n\n<p>El objetivo de Marko Cort\u00e9s se cumpli\u00f3, es altamente probable que la meta de Santiago Taboada tambi\u00e9n se logre y X\u00f3chitl es la kamikaze del cuento.<\/p>\n\n\n\n<p>As\u00ed que si Usted, amiga y amigo lector, cre\u00eda en la buena fe de Marko Cort\u00e9s y sus aliados, lamento romperle el coraz\u00f3n.<\/p>\n\n\n\n<p><\/p>\n","protected":false},"excerpt":{"rendered":"<p>Por Itandehui Rodr\u00edguez Mart\u00ednez @Itandehui_RoMa X\u00f3chitl G\u00e1lvez se convirti\u00f3 en un dolor de cabeza, no solo para Andr\u00e9s Manuel L\u00f3pez [&hellip;]<\/p>\n","protected":false},"author":1,"featured_media":67815,"comment_status":"open","ping_status":"open","sticky":false,"template":"","format":"standard","meta":{"site-sidebar-layout":"default","site-content-layout":"","ast-site-content-layout":"default","site-content-style":"default","site-sidebar-style":"default","ast-global-header-display":"","ast-banner-title-visibility":"","ast-main-header-display":"","ast-hfb-above-header-display":"","ast-hfb-below-header-display":"","ast-hfb-mobile-header-display":"","site-post-title":"","ast-breadcrumbs-content":"","ast-featured-img":"","footer-sml-layout":"","theme-transparent-header-meta":"","adv-header-id-meta":"","stick-header-meta":"","header-above-stick-meta":"","header-main-stick-meta":"","header-below-stick-meta":"","astra-migrate-meta-layouts":"default","ast-page-background-enabled":"default","ast-page-background-meta":{"desktop":{"background-color":"var(--ast-global-color-4)","background-image":"","background-repeat":"repeat","background-position":"center center","background-size":"auto","background-attachment":"scroll","background-type":"","background-media":"","overlay-type":"","overlay-color":"","overlay-opacity":"","overlay-gradient":""},"tablet":{"background-color":"","background-image":"","background-repeat":"repeat","background-position":"center center","background-size":"auto","background-attachment":"scroll","background-type":"","background-media":"","overlay-type":"","overlay-color":"","overlay-opacity":"","overlay-gradient":""},"mobile":{"background-color":"","background-image":"","background-repeat":"repeat","background-position":"center center","background-size":"auto","background-attachment":"scroll","background-type":"","background-media":"","overlay-type":"","overlay-color":"","overlay-opacity":"","overlay-gradient":""}},"ast-content-background-meta":{"desktop":{"background-color":"var(--ast-global-color-5)","background-image":"","background-repeat":"repeat","background-position":"center center","background-size":"auto","background-attachment":"scroll","background-type":"","background-media":"","overlay-type":"","overlay-color":"","overlay-opacity":"","overlay-gradient":""},"tablet":{"background-color":"var(--ast-global-color-5)","background-image":"","background-repeat":"repeat","background-position":"center center","background-size":"auto","background-attachment":"scroll","background-type":"","background-media":"","overlay-type":"","overlay-color":"","overlay-opacity":"","overlay-gradient":""},"mobile":{"background-color":"var(--ast-global-color-5)","background-image":"","background-repeat":"repeat","background-position":"center center","background-size":"auto","background-attachment":"scroll","background-type":"","background-media":"","overlay-type":"","overlay-color":"","overlay-opacity":"","overlay-gradient":""}},"footnotes":""},"categories":[8,22],"tags":[2089,14772],"class_list":["post-67814","post","type-post","status-publish","format-standard","has-post-thumbnail","hentry","category-noticias","category-opinion-invitada","tag-marko-cortes","tag-xochitl-galvez"],"_links":{"self":[{"href":"https:\/\/losperiodistas.com.mx\/portal\/wp-json\/wp\/v2\/posts\/67814","targetHints":{"allow":["GET"]}}],"collection":[{"href":"https:\/\/losperiodistas.com.mx\/portal\/wp-json\/wp\/v2\/posts"}],"about":[{"href":"https:\/\/losperiodistas.com.mx\/portal\/wp-json\/wp\/v2\/types\/post"}],"author":[{"embeddable":true,"href":"https:\/\/losperiodistas.com.mx\/portal\/wp-json\/wp\/v2\/users\/1"}],"replies":[{"embeddable":true,"href":"https:\/\/losperiodistas.com.mx\/portal\/wp-json\/wp\/v2\/comments?post=67814"}],"version-history":[{"count":1,"href":"https:\/\/losperiodistas.com.mx\/portal\/wp-json\/wp\/v2\/posts\/67814\/revisions"}],"predecessor-version":[{"id":67816,"href":"https:\/\/losperiodistas.com.mx\/portal\/wp-json\/wp\/v2\/posts\/67814\/revisions\/67816"}],"wp:featuredmedia":[{"embeddable":true,"href":"https:\/\/losperiodistas.com.mx\/portal\/wp-json\/wp\/v2\/media\/67815"}],"wp:attachment":[{"href":"https:\/\/losperiodistas.com.mx\/portal\/wp-json\/wp\/v2\/media?parent=67814"}],"wp:term":[{"taxonomy":"category","embeddable":true,"href":"https:\/\/losperiodistas.com.mx\/portal\/wp-json\/wp\/v2\/categories?post=67814"},{"taxonomy":"post_tag","embeddable":true,"href":"https:\/\/losperiodistas.com.mx\/portal\/wp-json\/wp\/v2\/tags?post=67814"}],"curies":[{"name":"wp","href":"https:\/\/api.w.org\/{rel}","templated":true}]}}