{"id":67804,"date":"2024-02-06T07:54:48","date_gmt":"2024-02-06T13:54:48","guid":{"rendered":"https:\/\/losperiodistas.com.mx\/portal\/?p=67804"},"modified":"2024-02-06T07:54:51","modified_gmt":"2024-02-06T13:54:51","slug":"detras-de-20-reformas-de-amlo-hay-intencion-de-campana-expertos-la-silla-rota","status":"publish","type":"post","link":"https:\/\/losperiodistas.com.mx\/portal\/detras-de-20-reformas-de-amlo-hay-intencion-de-campana-expertos-la-silla-rota\/","title":{"rendered":"Detr\u00e1s de 20 reformas de AMLO hay intenci\u00f3n de campa\u00f1a: expertos | La Silla Rota"},"content":{"rendered":"\n<h2 class=\"has-light-green-cyan-background-color has-background has-medium-font-size wp-block-heading\">Expertos consultados por La Silla Rota coincidieron en que las reformas constitucionales presentadas por el presidente de la Rep\u00fablica esconden un trasfondo electoral, m\u00e1s que beneficios sociales con metas alcanzables<\/h2>\n\n\n\n<figure class=\"wp-block-image size-full\"><img fetchpriority=\"high\" decoding=\"async\" width=\"960\" height=\"540\" src=\"https:\/\/losperiodistas.com.mx\/portal\/wp-content\/uploads\/2024\/02\/f960x540-547374_621449_0.jpg\" alt=\"\" class=\"wp-image-67805\" srcset=\"https:\/\/losperiodistas.com.mx\/portal\/wp-content\/uploads\/2024\/02\/f960x540-547374_621449_0.jpg 960w, https:\/\/losperiodistas.com.mx\/portal\/wp-content\/uploads\/2024\/02\/f960x540-547374_621449_0-300x169.jpg 300w, https:\/\/losperiodistas.com.mx\/portal\/wp-content\/uploads\/2024\/02\/f960x540-547374_621449_0-768x432.jpg 768w\" sizes=\"(max-width: 960px) 100vw, 960px\" \/><figcaption>Cr\u00e9ditos: Cuartoscuro<\/figcaption><\/figure>\n\n\n\n<p><\/p>\n\n\n\n<p class=\"has-vivid-red-color has-text-color has-medium-font-size\"><strong>ARIEL RODR\u00cdGUEZ \/ MARCO A. MART\u00cdNEZ \/ LA SILLA ROTA<\/strong><\/p>\n\n\n\n<p>A unas cuantas horas de que el presidente Andr\u00e9s Manuel\u00a0<strong>L\u00f3pez Obrador<\/strong>\u00a0revelara que su paquete de\u00a0<strong>iniciativas<\/strong>\u00a0de\u00a0<strong>reformas constitucionales<\/strong>\u00a0para el \u00faltimo tramo su sexenio conlleva un total de 20 puntos claves \u2013entre los cuales destaca una reforma al Poder Judicial, la desaparici\u00f3n de organismos aut\u00f3nomos y una reforma electoral\u2013 expertos destacaron que la maniobra legislativa del Ejecutivo tiene m\u00e1s tintes\u00a0<strong>electorales<\/strong>\u00a0que de beneficios sociales. Lo anterior, de cara a las elecciones del 2 de junio, donde estar\u00e1n en disputa la Presidencia de la Rep\u00fablica, 8 gubernaturas y la Jefatura de Gobierno; y los 500 esca\u00f1os y 128 curules de la C\u00e1mara de Diputados y el Senado de la Rep\u00fablica.<\/p>\n\n\n\n<p>\u201cEs un tema m\u00e1s \u2018<strong>electorero<\/strong>\u2019 que realmente el buscar el bienestar social del pa\u00eds\u201d, dijo a La Silla Rota el abogado fiscalista y contador p\u00fablico, Mauricio Trahyn Bautista, quien adem\u00e1s es integrante del Colegio Nacional de Abogados.https:\/\/d-1129365765230424656.ampproject.net\/2401191523000\/frame.html<\/p>\n\n\n\n<h3 class=\"wp-block-heading\">TE PODR\u00cdA INTERESAR<\/h3>\n\n\n\n<ul class=\"wp-block-list\"><li><a href=\"https:\/\/lasillarota.com\/nacion\/2024\/2\/5\/los-20-puntos-de-las-reformas-constitucionales-de-amlo-llega-paquete-al-congreso-468412.html\"><em>REFORMAS CONSTITUCIONALES<\/em>Los 20 puntos de las reformas constitucionales de AMLO; llega paquete al Congreso<\/a><\/li><li><a href=\"https:\/\/lasillarota.com\/nacion\/2024\/2\/5\/reforma-de-amlo-vs-poder-judicial-busca-eleccion-de-jueces-magistrados-por-la-via-del-voto-468190.html\"><em>REFORMAS AMLO<\/em>Reforma de AMLO vs Poder Judicial; busca elecci\u00f3n de jueces y magistrados por la v\u00eda del voto<\/a><\/li><\/ul>\n\n\n\n<p>Por su parte, el Dr. Rogelio Rodr\u00edguez Gardu\u00f1o, catedr\u00e1tico en el postgrado en la rama constitucional de la Facultad de Derecho de la Universidad Nacional Aut\u00f3noma de M\u00e9xico (UNAM) se\u00f1al\u00f3 que \u201cLo que el Presidente est\u00e1 haciendo es marcar la agenda de la discusi\u00f3n&nbsp;<strong>electoral<\/strong>. Esto que hoy vimos parece m\u00e1s un discurso de toma de protesta de acciones o el discurso de un candidato a la presidencia. Est\u00e1 marcando la agenda\u201d.<\/p>\n\n\n\n<p>Adelant\u00f3 incluso que este paquete de&nbsp;<strong>reformas<\/strong>&nbsp;se convertir\u00e1n en el eje central de los deportes de las aspirantes a la Presidencia de la Rep\u00fablica, Claudia Sheinbaum de la coalici\u00f3n \u201cSigamos Haciendo Historia\u201d y X\u00f3chitl G\u00e1lvez de la coalici\u00f3n \u201cFierza y Coraz\u00f3n por M\u00e9xico\u201d.<\/p>\n\n\n\n<h3 class=\"wp-block-heading\">TE PODR\u00cdA INTERESAR<\/h3>\n\n\n\n<ul class=\"wp-block-list\"><li><a href=\"https:\/\/lasillarota.com\/nacion\/2024\/2\/5\/inai-ift-cofece-los-organismos-autonomos-que-pide-amlo-desaparecer-468294.html\"><em>REFORMAS ELECTORALES<\/em>INAI, IFT y Cofece, los organismos aut\u00f3nomos que pide AMLO desaparecer<\/a><\/li><\/ul>\n\n\n\n<p>Por otra parte, el abogado postulante, Tulio Salanueva, titular de la firma jur\u00eddica Salanueva y Asociados e integrante del Colegio Nacional de Abogados, dijo a La Silla Rota que con este paquete de&nbsp;<strong>reformas<\/strong>&nbsp;\u201chay una voluntad de hacer una reforma social\u201d.<\/p>\n\n\n\n<blockquote class=\"wp-block-quote is-layout-flow wp-block-quote-is-layout-flow\"><p>\u201cCreo que es una iniciativa que en lo general pareciera pugnar por un Estado m\u00e1s social, pugnar por la Democracia, por el bienestar social, por el bienestar p\u00fablico\u201d.<\/p><\/blockquote>\n\n\n\n<p>El paquete de \u201c<strong>reformas electorales<\/strong>\u201d ya fue entregado por parte de la secretaria de Gobernaci\u00f3n, Luisa Mar\u00eda Alcalde, esta tarde del 5 de febrero a la C\u00e1mara de Diputados, en donde se iniciar\u00e1 con los debates en comisiones.<\/p>\n\n\n\n<p>Entre las propuestas destacan las\u00a0<strong>reformas<\/strong>\u00a0al Poder Judicial, que pretende reducir de 11 a 9 los ministros de la Suprema Corte de Justicia de la Naci\u00f3n, adem\u00e1s de que vayan a elecciones a 2025; una reforma en materia electoral, que propone reducir el gasto para\u00a0<strong>campa\u00f1as<\/strong>\u00a0y la elecci\u00f3n directa de consejeros y magistrados\u00a0<strong>electorales<\/strong>; y la eliminaci\u00f3n de organismos aut\u00f3nomos como el INAI y la Cofece. Pero tambi\u00e9n se proponen varias reformas en temas sociales; por ejemplo, reafirmar el derecho a la pensi\u00f3n de adultos mayores a partir de los 65 a\u00f1os y aumentar le monto a\u00f1o con a\u00f1o, y lo mismo para personas con discapacidad que recibir\u00e1n pensi\u00f3n de car\u00e1cter universal.<\/p>\n\n\n\n<p>Las&nbsp;<strong>reformas<\/strong>&nbsp;\u201cson muy buenas a mi parecer. La reforma a las pensiones es una&nbsp;reforma muy buena porque se busca el bienestar social de los mexicanos, y uno de los principales motivos de los estados es distribuir el gasto social en una parte igualitaria. Entonces, las pensiones son parte importante del bienestar social. El problema es la econom\u00eda del pa\u00eds. Entonces, nos encontramos en una disyuntiva: se busca el bienestar social, \u00bfpero a base de que o en contra de quien? La econom\u00eda del pa\u00eds no tiene la capacidad para fomentar el gasto que pretende el Ejecutivo en esta reforma de pensiones\u201d, opin\u00f3 Trahyn Bautista.<\/p>\n\n\n\n<h2 class=\"wp-block-heading\">Largo camino<\/h2>\n\n\n\n<p>Los expertos recordaron que, al tratarse de&nbsp;<strong>reformas<\/strong>&nbsp;constitucionales, la apuesta del Presidente conlleva m\u00e1s que mucho esfuerzo por parte del Congreso de la Uni\u00f3n. Para empezar, se requerir\u00e1 de la aprobaci\u00f3n de la mayor\u00eda calificada, es decir, dos tercios o tres cuartas partes del n\u00famero total de los legisladores presentes en cada c\u00e1mara, adem\u00e1s de el aval de, al menos, 17 de las 32 legislaturas locales de la Rep\u00fablica.<\/p>\n\n\n\n<blockquote class=\"wp-block-quote is-layout-flow wp-block-quote-is-layout-flow\"><p>\u201cEs un hecho que hoy no van a pasar y van a llegar a la siguiente Legislatura, si es que la legislatura siguiente las toma, y hay que ver c\u00f3mo se conforma (&#8230;) Si no hay mayor\u00eda, pues se habr\u00e1n quedado en buenas intenciones del Presidente\u201d, dijo el catedr\u00e1tico de la UNAM, tras se\u00f1alar que Morena y sus aliados no cuentan con la mayor\u00eda calificada requerida, solo la simple.<\/p><\/blockquote>\n\n\n\n<p>Adem\u00e1s de la Presidencia de la Rep\u00fablica y las gubernaturas de nueve entidades federativas, incluyendo la Jefatura de Gobierno de la Ciudad de M\u00e9xico, este 2 de junio tambi\u00e9n se votar\u00e1 la renovaci\u00f3n de los 500 curules y 128 esca\u00f1os de la C\u00e1mara de Diputados y el Senado de la Rep\u00fablica. De lograr una mayor\u00eda calificada en la nueva legislatura que entra vigor en agosto, el Presidente tendr\u00eda entonces lo necesario para aprobar sus&nbsp;<strong>reformas<\/strong>, pero el panorama&nbsp;<strong>electoral<\/strong>&nbsp;para lograrlo sigue siendo complicado en los ojos de los expertos.<\/p>\n\n\n\n<blockquote class=\"wp-block-quote is-layout-flow wp-block-quote-is-layout-flow\"><p>\u201cEn este caso no se habla sobre la promulgaci\u00f3n de nuevas leyes, se habla directamente sobre la&nbsp;<strong>reforma<\/strong>&nbsp;a la Constituci\u00f3n y efectivamente nuestra Constituci\u00f3n es de un r\u00e9gimen duro, es decir, que se requiere una mayor\u00eda calificada del Congreso de la Uni\u00f3n, de la C\u00e1mara de Diputados y Senadores, y adem\u00e1s la aprobaci\u00f3n de la mayor\u00eda de las legislaturas de los estados. Es una reforma que, si bien la ideolog\u00eda es la misma, pues ya no podr\u00eda ser impugnada o discutida en cuanto al alcance de la Ley porque ahora lo que se pretende reformar es el texto constitucional, y en esa materia ya no cabr\u00eda lugar a la revisi\u00f3n por parte de (la Suprema Corte de Justicia de la Naci\u00f3n)\u201d.<\/p><\/blockquote>\n\n\n\n<h2 class=\"wp-block-heading\">Una bomba de tiempo<\/h2>\n\n\n\n<p>Jorge M\u00e1rquez, investigador del Centro de Estudios Pol\u00edticos de la Facultad de Ciencias Pol\u00edticas y Sociales de la UNAM consider\u00f3 que las iniciativas de&nbsp;<strong>reformas<\/strong>&nbsp;presentadas por el presidente Andr\u00e9s Manuel&nbsp;<strong>L\u00f3pez Obrador<\/strong>&nbsp;en su mayor\u00eda eran las esperadas.<\/p>\n\n\n\n<p>El analista no recuerda que otro presidente haya presentado tantas y lo m\u00e1s cercano podr\u00eda ser el caso de Enrique Pe\u00f1a Nieto cuando present\u00f3 las del Pacto por M\u00e9xico, pero fueron a lo largo de varios meses. Tambi\u00e9n observa que la forma en que el presidente las present\u00f3, con una descripci\u00f3n breve y sintetizada, le permiti\u00f3 no ser espec\u00edfico. \u201cAyuda a que te critiquen menos\u201d, dice el polit\u00f3logo en entrevista con&nbsp;<strong>La Silla Rota<\/strong>.<\/p>\n\n\n\n<p>Jorge M\u00e1rquez se refiere a la propuesta de&nbsp;<strong>reforma<\/strong>&nbsp;de la eliminaci\u00f3n de los \u00f3rganos aut\u00f3nomos considerados onerosos. Resalta que el presidente&nbsp;<strong>L\u00f3pez Obrador<\/strong>&nbsp;no explic\u00f3 a cu\u00e1les se refer\u00eda pero cuestiona si eliminar al INAI se puede comparar a lo que se ha gastado en Pemex sin tener productividad o al monto de la cancelaci\u00f3n del aeropuerto de Texcoco.<\/p>\n\n\n\n<p>Respecto a la&nbsp;<strong>reforma<\/strong>&nbsp;al Poder Judicial para que los ministros de la Suprema Corte de Justicia de la Naci\u00f3n sean electos, se\u00f1ala que eso solo har\u00eda que se destruya la divisi\u00f3n de poderes, pues participar\u00edan los partidos pol\u00edticos que adem\u00e1s le meter\u00edan dinero al proceso, adem\u00e1s de que se imitar\u00eda la forma en que se eligen a los otros dos poderes.<\/p>\n\n\n\n<p>Pero al proponerla al final de su sexenio, el presidente Andr\u00e9s Manuel&nbsp;<strong>L\u00f3pez Obrador<\/strong>&nbsp;sabe que no tiene la mayor\u00eda para sacarlas adelante, pero el paquete servir\u00e1 para apretar en la&nbsp;<strong>campa\u00f1a<\/strong>&nbsp;con los temas ya puestos sobre la mesa.<\/p>\n\n\n\n<blockquote class=\"wp-block-quote is-layout-flow wp-block-quote-is-layout-flow\"><p>\u201cTiene claro que la 4T no se concluy\u00f3 en este sexenio y va a hacer un llamado a que se sepulte a los conservadores y es la bandera de la&nbsp;<strong>campa\u00f1a<\/strong>&nbsp;que le hace a la candidata Claudia Sheinbaum\u201d, a\u00f1ade M\u00e1rquez.<\/p><\/blockquote>\n\n\n\n<p>Respecto a aumentar la pensi\u00f3n de adultos mayores y las becas para estudiantes, considera que es de las m\u00e1s terribles propuestas, porque esas quiz\u00e1 si pasen, ya que ser\u00eda suicida electoralmente para la oposici\u00f3n decir no.<\/p>\n\n\n\n<blockquote class=\"wp-block-quote is-layout-flow wp-block-quote-is-layout-flow\"><p>\u201cVan a activar una bomba de tiempo, esas de regalar dinero pueden pasar y eso puede generar un problem\u00f3n\u201d, alerta.<\/p><\/blockquote>\n\n\n\n<h2 class=\"wp-block-heading\">Es viable con&nbsp;<strong>reforma<\/strong>&nbsp;fiscal<\/h2>\n\n\n\n<p>Ignacio Mart\u00ednez, del Laboratorio de An\u00e1lisis en Comercio, Econom\u00eda y Negocios de la UNAM, ve viable la&nbsp;<strong>reforma<\/strong>&nbsp;de las pensiones propuesta por el presidente.<\/p>\n\n\n\n<p>Pero para ello es necesaria una&nbsp;<strong>reforma<\/strong>&nbsp;fiscal para ampliar la base de los contribuyentes, dice a&nbsp;<strong>La Silla Rota<\/strong>.<\/p>\n\n\n\n<blockquote class=\"wp-block-quote is-layout-flow wp-block-quote-is-layout-flow\"><p>\u201cLas plataformas por internet no pagan impuestos, como Uber u Airbnb, es ah\u00ed donde junto con esta serie de&nbsp;<strong>reformas<\/strong>&nbsp;habr\u00eda que revisar a la reforma fiscal para ampliar el espectro de tributantes en M\u00e9xico. El gobierno podr\u00eda hacer m\u00e1s recursos, no solo es ver el fondo. Es viable con tabuladores medios que tienen trabajadores en el IMSS como el ISSSTE\u201d.<\/p><\/blockquote>\n\n\n\n<p>La&nbsp;<strong>reforma<\/strong>&nbsp;fiscal -que no tributaria- tambi\u00e9n es necesaria para tener recursos para la de las becas y pensiones.<\/p>\n\n\n\n<blockquote class=\"wp-block-quote is-layout-flow wp-block-quote-is-layout-flow\"><p>\u201cDebe ir acompa\u00f1ado de la&nbsp;<strong>reforma<\/strong>&nbsp;fiscal porque lo que tenemos este a\u00f1o es un d\u00e9ficit de ingreso de casi 2 billones de pesos, no alcanza a cubrir los ingresos relacionados con egresos, que aumentan constantemente; si no se hace reforma fiscal vamos a tener aumento de egresos de manera constante\u201d, prev\u00e9.<\/p><\/blockquote>\n\n\n\n<p>Tambi\u00e9n se requiere que los grandes deudores paguen sus impuestos, y eso es lo que ha ido ocurriendo y ahora s\u00f3lo queda pendiente de pagar la empresa de Ricardo Salinas Pliego, dice Mart\u00ednez.<\/p>\n\n\n\n<h2 class=\"wp-block-heading\"><strong>Electorales<\/strong>&nbsp;y fantasiosas<\/h2>\n\n\n\n<p>El analista Jos\u00e9 Antonio Crespo no cree que el presidente Andr\u00e9s Manuel&nbsp;<strong>L\u00f3pez Obrador<\/strong>&nbsp;tenga los n\u00fameros suficientes en el Congreso de la Uni\u00f3n para aprobar las&nbsp;<strong>reformas<\/strong>, pero le servir\u00e1 para hacer&nbsp;<strong>campa\u00f1a<\/strong>&nbsp;y mostrar lo que ofrece la cuarta transformaci\u00f3n.<\/p>\n\n\n\n<p>El tambi\u00e9n autor del libro AMLO en la balanza, expresa que en varias&nbsp;<strong>reformas<\/strong>&nbsp;est\u00e1 de acuerdo pero a otras las desaprob\u00f3, como la de hacer cambios en el Poder Judicial, as\u00ed como la de eliminar a \u00f3rganos aut\u00f3nomos y a los legisladores plurinominales, y recuerda que la reforma que present\u00f3 Pablo G\u00f3mez era quitar a los de mayor\u00eda, no a los uninominales.<\/p>\n\n\n\n<p>Adem\u00e1s, Crespo considera que quitar a los plurinominales significa generar una sobrerrepresentaci\u00f3n en el Congreso con un porcentaje alt\u00edsimo de curules para quien obtenga mayor\u00eda, mientras que las dem\u00e1s fuerzas est\u00e1n subrepresentadas.<\/p>\n\n\n\n<p>Respecto a las&nbsp;<strong>reformas<\/strong>&nbsp;con aspectos positivos, menciona que son como una carta a Santa Claus, y las compara con el proyecto de&nbsp;<strong>L\u00f3pez Obrador<\/strong>&nbsp;de 2018.<\/p>\n\n\n\n<blockquote class=\"wp-block-quote is-layout-flow wp-block-quote-is-layout-flow\"><p>\u201cUno estaba de acuerdo en casi todo, ahora es igual con lo del 100% de las pensiones, a todo dar pero la mayor\u00eda de los analistas dice que no va a alcanzar. Al rato debe haber una&nbsp;<strong>reforma<\/strong>&nbsp;para ajustar lo que alcance, lo mismo que con otras, padr\u00edsimo, te lo firmo, pero \u00bfc\u00f3mo le vas a hacer? Que este en la Constituci\u00f3n no quiere decir que sea por magia\u201d, cuestiona.<\/p><\/blockquote>\n\n\n\n<blockquote class=\"wp-block-quote is-layout-flow wp-block-quote-is-layout-flow\"><p>\u201cVa a pasar como con su proyecto de crecimiento de 6% pues no fue, o que no se vayan m\u00e1s mexicanos de M\u00e9xico pero se fueron m\u00e1s, o que la salud sea como en Dinamarca, tampoco fue\u201d.<\/p><\/blockquote>\n\n\n\n<p>Menciona que algunas son factibles, otras le llamaron la atenci\u00f3n como esa de que campesinos y trabajadores sean due\u00f1os de sus viviendas.<\/p>\n\n\n\n<blockquote class=\"wp-block-quote is-layout-flow wp-block-quote-is-layout-flow\"><p>\u201cSi las compraron van a serlo, esa est\u00e1 rara\u201d.<\/p><\/blockquote>\n\n\n\n<p>Coincidi\u00f3 con M\u00e1rquez en que tienen un sentido&nbsp;<strong>electoral<\/strong>&nbsp;donde si la oposici\u00f3n decide ir en contra el presidente los va a culpar de no querer hacer cambios. Pero tambi\u00e9n es para mostrar al electorado lo que puede ofrecer Claudia Sheinbaum. \u201cLes veo intenci\u00f3n electoral y a otras las veo muy fantasiosas\u201d.<\/p>\n\n\n\n<h2 class=\"wp-block-heading\">Parece plan de gobierno<\/h2>\n\n\n\n<p>El profesor de Ciencia Pol\u00edtica en la Escuela de Ciencias Sociales y Gobierno del Instituto Tecnol\u00f3gico de Estudios Superiores Monterrey, Gustavo L\u00f3pez Montiel compar\u00f3 el paquete de 20 iniciativas del Andr\u00e9s Manuel&nbsp;<strong>L\u00f3pez Obrador<\/strong>&nbsp;con un plan de gobierno.<\/p>\n\n\n\n<blockquote class=\"wp-block-quote is-layout-flow wp-block-quote-is-layout-flow\"><p>\u201cEs un tipo de iniciativas que se presentan al inicio de gobierno, con lo que se ha planteado los \u00faltimos meses est\u00e1 poniendo las gu\u00edas o el corral a quien sea presidenta o presidente, independientemente de que sea Sheinbaum, son los principios o elementos que la cuarta transformaci\u00f3n requiere\u201d.<\/p><\/blockquote>\n\n\n\n<p>L\u00f3pez Montiel prev\u00e9 que algunas iniciativas ser\u00e1n aprobadas y las que no ser\u00e1n usadas para hacer&nbsp;<strong>campa\u00f1a<\/strong>.<\/p>\n\n\n\n<p>Nota que hay iniciativas en las que el presidente insiste, como es el caso de la&nbsp;<strong>reforma<\/strong>&nbsp;judicial que implica hacer cambios en la SCJN.<\/p>\n\n\n\n<blockquote class=\"wp-block-quote is-layout-flow wp-block-quote-is-layout-flow\"><p>\u201cYa sea que se apruebe o no en estos meses, s\u00ed pone el plan de gobierno para el siguiente\u201d.<\/p><\/blockquote>\n\n\n\n<p>En su opini\u00f3n entre las&nbsp;<strong>reformas<\/strong>&nbsp;inviables est\u00e1n la judicial, la de los \u00f3rganos aut\u00f3nomos y la de las pensiones.<\/p>\n\n\n\n<blockquote class=\"wp-block-quote is-layout-flow wp-block-quote-is-layout-flow\"><p>\u201cEsta \u00faltima pese a que plantea una especie de capital semilla es un plan inviable, se ha demostrado en otros pa\u00edses y en el pa\u00eds no hay estructura financiera para soportarlo\u201d, advierte L\u00f3pez Montiel.<\/p><\/blockquote>\n\n\n\n<p>Otras iniciativas son m\u00e1s sensibles y quiz\u00e1 sean aprobadas, como el tema de los grupos ind\u00edgenas o afroamericanos. \u201cAl final son temas\u00a0<strong>electorales<\/strong>\u201d. Sea cual sea el resultado, las\u00a0<strong>reformas<\/strong>\u00a0son una atadura para Claudia Sheinbaum. \u201cSi gana Sheinbaum se va a ver obligada a cumplir estos temas, como el de los ferrocarriles como parte de su plan de gobierno, si no lo hace se echa encima a los grupos duros de la cuarta transformaci\u00f3n\u201d, concluye.<\/p>\n\n\n\n<p>Fuente: <a href=\"https:\/\/lasillarota.com\/nacion\/2024\/2\/5\/detras-de-20-reformas-de-amlo-hay-intencion-de-campana-expertos-468455.html\">https:\/\/lasillarota.com\/nacion\/2024\/2\/5\/detras-de-20-reformas-de-amlo-hay-intencion-de-campana-expertos-468455.html<\/a><\/p>\n","protected":false},"excerpt":{"rendered":"<p>Expertos consultados por La Silla Rota coincidieron en que las reformas constitucionales presentadas por el presidente de la Rep\u00fablica esconden [&hellip;]<\/p>\n","protected":false},"author":1,"featured_media":67805,"comment_status":"open","ping_status":"open","sticky":false,"template":"","format":"standard","meta":{"site-sidebar-layout":"default","site-content-layout":"","ast-site-content-layout":"default","site-content-style":"default","site-sidebar-style":"default","ast-global-header-display":"","ast-banner-title-visibility":"","ast-main-header-display":"","ast-hfb-above-header-display":"","ast-hfb-below-header-display":"","ast-hfb-mobile-header-display":"","site-post-title":"","ast-breadcrumbs-content":"","ast-featured-img":"","footer-sml-layout":"","theme-transparent-header-meta":"","adv-header-id-meta":"","stick-header-meta":"","header-above-stick-meta":"","header-main-stick-meta":"","header-below-stick-meta":"","astra-migrate-meta-layouts":"default","ast-page-background-enabled":"default","ast-page-background-meta":{"desktop":{"background-color":"var(--ast-global-color-4)","background-image":"","background-repeat":"repeat","background-position":"center center","background-size":"auto","background-attachment":"scroll","background-type":"","background-media":"","overlay-type":"","overlay-color":"","overlay-opacity":"","overlay-gradient":""},"tablet":{"background-color":"","background-image":"","background-repeat":"repeat","background-position":"center center","background-size":"auto","background-attachment":"scroll","background-type":"","background-media":"","overlay-type":"","overlay-color":"","overlay-opacity":"","overlay-gradient":""},"mobile":{"background-color":"","background-image":"","background-repeat":"repeat","background-position":"center center","background-size":"auto","background-attachment":"scroll","background-type":"","background-media":"","overlay-type":"","overlay-color":"","overlay-opacity":"","overlay-gradient":""}},"ast-content-background-meta":{"desktop":{"background-color":"var(--ast-global-color-5)","background-image":"","background-repeat":"repeat","background-position":"center center","background-size":"auto","background-attachment":"scroll","background-type":"","background-media":"","overlay-type":"","overlay-color":"","overlay-opacity":"","overlay-gradient":""},"tablet":{"background-color":"var(--ast-global-color-5)","background-image":"","background-repeat":"repeat","background-position":"center center","background-size":"auto","background-attachment":"scroll","background-type":"","background-media":"","overlay-type":"","overlay-color":"","overlay-opacity":"","overlay-gradient":""},"mobile":{"background-color":"var(--ast-global-color-5)","background-image":"","background-repeat":"repeat","background-position":"center center","background-size":"auto","background-attachment":"scroll","background-type":"","background-media":"","overlay-type":"","overlay-color":"","overlay-opacity":"","overlay-gradient":""}},"footnotes":""},"categories":[8],"tags":[22088,199,5486],"class_list":["post-67804","post","type-post","status-publish","format-standard","has-post-thumbnail","hentry","category-noticias","tag-20-reformas-constitucion","tag-amlo","tag-elecciones-2024"],"_links":{"self":[{"href":"https:\/\/losperiodistas.com.mx\/portal\/wp-json\/wp\/v2\/posts\/67804","targetHints":{"allow":["GET"]}}],"collection":[{"href":"https:\/\/losperiodistas.com.mx\/portal\/wp-json\/wp\/v2\/posts"}],"about":[{"href":"https:\/\/losperiodistas.com.mx\/portal\/wp-json\/wp\/v2\/types\/post"}],"author":[{"embeddable":true,"href":"https:\/\/losperiodistas.com.mx\/portal\/wp-json\/wp\/v2\/users\/1"}],"replies":[{"embeddable":true,"href":"https:\/\/losperiodistas.com.mx\/portal\/wp-json\/wp\/v2\/comments?post=67804"}],"version-history":[{"count":1,"href":"https:\/\/losperiodistas.com.mx\/portal\/wp-json\/wp\/v2\/posts\/67804\/revisions"}],"predecessor-version":[{"id":67806,"href":"https:\/\/losperiodistas.com.mx\/portal\/wp-json\/wp\/v2\/posts\/67804\/revisions\/67806"}],"wp:featuredmedia":[{"embeddable":true,"href":"https:\/\/losperiodistas.com.mx\/portal\/wp-json\/wp\/v2\/media\/67805"}],"wp:attachment":[{"href":"https:\/\/losperiodistas.com.mx\/portal\/wp-json\/wp\/v2\/media?parent=67804"}],"wp:term":[{"taxonomy":"category","embeddable":true,"href":"https:\/\/losperiodistas.com.mx\/portal\/wp-json\/wp\/v2\/categories?post=67804"},{"taxonomy":"post_tag","embeddable":true,"href":"https:\/\/losperiodistas.com.mx\/portal\/wp-json\/wp\/v2\/tags?post=67804"}],"curies":[{"name":"wp","href":"https:\/\/api.w.org\/{rel}","templated":true}]}}