{"id":67796,"date":"2024-02-06T06:21:05","date_gmt":"2024-02-06T12:21:05","guid":{"rendered":"https:\/\/losperiodistas.com.mx\/portal\/?p=67796"},"modified":"2024-02-06T06:50:30","modified_gmt":"2024-02-06T12:50:30","slug":"garantizarian-pension-de-100-del-ultimo-salario-solo-a-unos-pocos-el-economista","status":"publish","type":"post","link":"https:\/\/losperiodistas.com.mx\/portal\/garantizarian-pension-de-100-del-ultimo-salario-solo-a-unos-pocos-el-economista\/","title":{"rendered":"Garantizar\u00edan pensi\u00f3n de 100% del \u00faltimo salario, solo a unos pocos | El Economista"},"content":{"rendered":"\n<p class=\"has-pale-cyan-blue-background-color has-background has-medium-font-size\">En la iniciativa de reforma se deja intactas a las Afores, adem\u00e1s de que se mantiene el nivel de las aportaciones obligatorias.\u00a0Se crea el Fondo de Pensiones para el Bienestar, gobierno federal lo financiar\u00eda.<a href=\"https:\/\/api.whatsapp.com\/send?text=https%3A%2F%2Fwww.eleconomista.com.mx%2Fsectorfinanciero%2FGarantizarian-pension-de-100-del-ultimo-salario-solo-a-unos-pocos-20240206-0010.html\" target=\"_blank\" rel=\"noreferrer noopener\"><\/a><a href=\"https:\/\/twitter.com\/intent\/tweet?text=Garantizar%C3%ADan%20pensi%C3%B3n%20de%20100%%20del%20%C3%BAltimo%20salario,%20solo%20a%20unos%20pocos?&amp;url=https%3A%2F%2Fwww.eleconomista.com.mx%2Fsectorfinanciero%2FGarantizarian-pension-de-100-del-ultimo-salario-solo-a-unos-pocos-20240206-0010.html\" target=\"_blank\" rel=\"noreferrer noopener\"><\/a><a href=\"https:\/\/www.facebook.com\/sharer\/sharer.php?u=https%3A%2F%2Fwww.eleconomista.com.mx%2Fsectorfinanciero%2FGarantizarian-pension-de-100-del-ultimo-salario-solo-a-unos-pocos-20240206-0010.html\" target=\"_blank\" rel=\"noreferrer noopener\"><\/a><a href=\"https:\/\/www.linkedin.com\/sharing\/share-offsite\/?url=https%3A%2F%2Fwww.eleconomista.com.mx%2Fsectorfinanciero%2FGarantizarian-pension-de-100-del-ultimo-salario-solo-a-unos-pocos-20240206-0010.html\" target=\"_blank\" rel=\"noreferrer noopener\"><\/a><\/p>\n\n\n\n<figure class=\"wp-block-image size-large\"><img fetchpriority=\"high\" decoding=\"async\" width=\"1024\" height=\"502\" src=\"https:\/\/losperiodistas.com.mx\/portal\/wp-content\/uploads\/2024\/02\/Captura-de-Pantalla-2024-02-06-a-las-6.45.01-1024x502.jpg\" alt=\"\" class=\"wp-image-67797\" srcset=\"https:\/\/losperiodistas.com.mx\/portal\/wp-content\/uploads\/2024\/02\/Captura-de-Pantalla-2024-02-06-a-las-6.45.01-1024x502.jpg 1024w, https:\/\/losperiodistas.com.mx\/portal\/wp-content\/uploads\/2024\/02\/Captura-de-Pantalla-2024-02-06-a-las-6.45.01-300x147.jpg 300w, https:\/\/losperiodistas.com.mx\/portal\/wp-content\/uploads\/2024\/02\/Captura-de-Pantalla-2024-02-06-a-las-6.45.01-768x376.jpg 768w, https:\/\/losperiodistas.com.mx\/portal\/wp-content\/uploads\/2024\/02\/Captura-de-Pantalla-2024-02-06-a-las-6.45.01.jpg 1510w\" sizes=\"(max-width: 1024px) 100vw, 1024px\" \/><\/figure>\n\n\n\n<p><\/p>\n\n\n\n<p class=\"has-vivid-red-color has-text-color has-medium-font-size\"><strong>SEBASTI\u00c1N D\u00cdAZ MORA \/ EL ECONOMISTA<\/strong><\/p>\n\n\n\n<p>El presidente Andr\u00e9s Manuel L\u00f3pez Obrador propone garantizar en la Constituci\u00f3n el que los trabajadores formales que empezaron a laborar en 1997 tengan derecho a una pensi\u00f3n de retiro por vejez que sea igual a su \u00faltimo salario, para lo cual se crear\u00eda un Fondo de Pensiones para el Bienestar con un capital inicial de 64,619 millones de pesos.<\/p>\n\n\n\n<p>La reforma al sistema de pensiones enviada por el mandatario al Congreso, no plantea la eliminaci\u00f3n de las Administradoras de Fondos para el Retiro (Afores) ni se tocan los recursos de las cuentas de los trabajadores, lo que reduce la incertidumbre que se hab\u00eda generado desde que se anunci\u00f3 la iniciativa, asegur\u00f3 Mois\u00e9s P\u00e9rez, director de retiro para Latinoam\u00e9rica en AON.<\/p>\n\n\n\n<p>De acuerdo con la iniciativa, el Fondo de Pensiones para el Bienestar (que ser\u00e1 constituido por la Secretar\u00eda de Hacienda y Cr\u00e9dito P\u00fablico) se financiar\u00e1 con aportaciones del gobierno federal y \u201ctendr\u00e1 por objeto complementar las pensiones\u201d para que sean de 100% del \u00faltimo salario.La iniciativa plantea un tope de que s\u00f3lo ser\u00e1n aquellos trabajadores que ganan menos del salario promedio de los trabajadores del Instituto Mexicano del Seguro Social (que actualmente es de 16,777.78 pesos) quienes tendr\u00e1n derecho a esa pensi\u00f3n de 100% de su \u00faltimo salario.<\/p>\n\n\n\n<p>\u201cLo importante es que la tasa de reemplazo de 100% no es para toda la poblaci\u00f3n, est\u00e1 acotado a quienes ganan el salario promedio del IMSS o menos\u201d, explic\u00f3 Mois\u00e9s P\u00e9rez.<\/p>\n\n\n\n<p>Los recursos que pondr\u00e1 el gobierno para completar la pensi\u00f3n provendr\u00e1n de diversas fuentes, entre ellas, la desaparici\u00f3n de los fideicomisos del Poder Judicial, y con los recursos que se obtengan de la extinci\u00f3n de \u00f3rganos aut\u00f3nomos y reguladores.<\/p>\n\n\n\n<p>Adicionalmente, se obtendr\u00e1n recursos de 75% de los ingresos del Instituto para Devolver al Pueblo lo Robado, de la liquidaci\u00f3n de la Financiera Rural, de la venta de bienes inmuebles del Fondo Nacional de Fomento al Turismo (Fonatur), as\u00ed como de adeudos que tengan las dependencias p\u00fablicas con el SAT, el ISSSTE o el IMSS.<\/p>\n\n\n\n<p>Igualmente, se financiar\u00e1 con 25% del remanente de las utilidades netas que obtengan entidades paraestatales sectorizadas en las secretar\u00edas de la Defensa Nacional (Sedena) y de Marina (Semar), y de las inversiones que se deriven del patrimonio del mismo Fondo.<\/p>\n\n\n\n<p>Carlos Ram\u00edrez, expresidente de la Comisi\u00f3n Nacional del Sistema de Ahorro para el Retiro (Consar), afirm\u00f3 que el Fondo de Pensiones para el Bienestar dif\u00edcilmente alcanzar\u00e1 para complementar las pensiones, pues es un fondo peque\u00f1o y de una sola vez.<\/p>\n\n\n\n<p>\u201cSi la idea es hacer un fondo colectivo, tendr\u00eda que tener una fuente de financiamiento de largo plazo\u201d, asegur\u00f3 Ram\u00edrez. \u201cEsos 65,000 millones de pesos no alcanzan para el copete de pensiones que se propone, ni siquiera para la primera semana del pago de las pensiones\u201d.<\/p>\n\n\n\n<p>Abraham Vela Dib expresidente de la Comisi\u00f3n Nacional del Sistema de Ahorro para el Retiro (Consar), dijo que un fondo de 64,619 millones de pesos \u201cno llega ni a un bimestre de aportaciones a las cuentas individuales de los trabajadores\u201d por lo que \u201csu efecto sobre las pensiones como porcentaje del \u00faltimo sueldo es insignificante\u201d.<\/p>\n\n\n\n<p>En el anuncio de \u00e9sta y otras 19 iniciativas de reformas constitucionales, el presidente L\u00f3pez Obrador dijo que con esta iniciativa se buscar\u00e1n revertir las reformas al sistema de pensiones de 1997 y el 2007.<\/p>\n\n\n\n<p>Explic\u00f3 que ser\u00e1 a partir del 1 de mayo de 2024 que se crear\u00e1 el fondo semilla con 64,619 millones de pesos \u201cque se ir\u00e1 incrementando poco a poco\u201d, y que esos recursos se utilizar\u00e1n \u201cpara compensar a los trabajadores afectados por las reformas anti laborales del periodo neoliberal\u201d.<\/p>\n\n\n\n<p>\u201cSe propone revertir las reformas de pensiones, tanto la aprobada durante el gobierno de Ernesto Zedillo en 1997, como la impuesta en el 2007 por Felipe Calder\u00f3n, porque afecta injustamente a trabajadores del Seguro Social y del ISSSTE, pues les impiden jubilarse con 100% de su salario\u201d, afirm\u00f3 el mandatario.<\/p>\n\n\n\n<p>Actualmente, hay dos tipos de reg\u00edmenes bajo los cuales los trabajadores formales se pueden pensionar en M\u00e9xico una vez que se jubilan: el de la ley de 1973 y de 1997.<\/p>\n\n\n\n<p>Quienes empezaron a trabajar a partir del 1 de julio de 1997 tienen una cuenta individual de ahorro para el retiro que se financia con aportaciones del trabajador, su empleador y el Estado, y que adem\u00e1s es dirigida por una Administradora de Ahorro para el Retiro (Afore).<\/p>\n\n\n\n<p>A partir de los recursos que se logren juntar por las aportaciones y los rendimientos que obtengan las Afores al administrarlos, se entrega una pensi\u00f3n vitalicia a los trabajadores. Sin embargo, el Presidente ha criticado que las tasas de reemplazo que dan las Afores son muy bajas.<\/p>\n\n\n\n<p>Con el r\u00e9gimen de 1973 (que es para los trabajadores que empezaron a trabajar antes del 1 de julio de 1997), las tasas de reemplazo de las pensiones de los trabajadores est\u00e1n predeterminadas y son m\u00e1s elevadas que las de las Afores.<\/p>\n\n\n\n<p>En la iniciativa de ley, se detalla que los efectos de esta reforma entrar\u00e1n en vigor una vez que se constituya el Fondo de Pensiones para el Bienestar y que aplicar\u00e1 s\u00f3lo para \u201cpara aquellas personas trabajadoras que se pensionen con posterioridad a esta fecha\u201d.<\/p>\n\n\n\n<h2 class=\"wp-block-heading\">Principales puntos de la reforma a las pensiones<\/h2>\n\n\n\n<ol class=\"wp-block-list\"><li>Se propone garantizar una pensi\u00f3n de retiro por vejez que sea igual al \u00faltimo salario del trabajador.<\/li><li>No se eliminan las Administradoras de Fondos para el Retiro (Afores) ni se tocan los recursos de las cuentas de los trabajadores.<\/li><li>Se crea un Fondo de Pensiones para el Bienestar que servir\u00e1 para completar las pensiones con el fin de que \u00e9stas asciendan a 100% del \u00faltimo salario del trabajador.<\/li><li>La garant\u00eda de una pensi\u00f3n igual al \u00faltimo salario s\u00f3lo aplica para aquellos trabajadores que ganen menos del salario promedio de cotizaci\u00f3n en el IMSS (16,777.78 pesos al mes).<\/li><li>El Fondo iniciar\u00e1 con un capital de&nbsp; \u200264,619 millones de pesos y se financiar\u00e1 de diversas fuentes, como los recursos que se obtengan de la extinci\u00f3n de los \u00f3rganos aut\u00f3nomos, as\u00ed como de la eliminaci\u00f3n de los fideicomisos del Poder Judicial.<\/li><\/ol>\n\n\n\n<p><em><strong>El Presidente present\u00f3 20 iniciativas que van desde el reconocimiento de los pueblos ind\u00edgenas hasta eliminar todas las dependencias u \u00f3rganos onerosos, en lo que llam\u00f3 \u201cLa revoluci\u00f3n de las conciencias\u201d.<\/strong><\/em><\/p>\n\n\n\n<h2 class=\"wp-block-heading\">Estatales energ\u00e9ticas, p\u00fablicas y preponderantes<\/h2>\n\n\n\n<p>El Ejecutivo mexicano pretende transformar la naturaleza legal de las empresas estatales energ\u00e9ticas y proteger su preponderancia de mercado sobre los participantes privados, particularmente la de la Comisi\u00f3n Federal de Electricidad (CFE).<\/p>\n\n\n\n<p>Para ello plantea reformar los Art\u00edculos 25, 27 y 28 de la Constituci\u00f3n mexicana.<\/p>\n\n\n\n<p>En cuanto al primero, propone modificar eliminar la definici\u00f3n de \u201cempresa productiva del Estado\u201d que se le dio en el 2013 a Petr\u00f3leos Mexicanos (Pemex) y a la CFE y cuyo prop\u00f3sito era asegurar que la misi\u00f3n de estas empresas era la generaci\u00f3n de valor. En su lugar, se propone la definici\u00f3n de \u201cempresa p\u00fablica del Estado\u201d, para asegurar que su principal objetivo sea la provisi\u00f3n de bienes y servicios p\u00fablicos.<\/p>\n\n\n\n<p>El Art\u00edculo 27 cambiar\u00eda para especificar que los privados pueden participar en el sector el\u00e9ctrico, pero \u201cen ning\u00fan caso tendr\u00e1n prevalencia sobre la empresa p\u00fablica del Estado\u201d.<\/p>\n\n\n\n<p>Finalmente, el Art\u00edculo 28 se modificar\u00eda para detallar los objetivos del control del sistema el\u00e9ctrico nacional, lo cuales ser\u00e1n \u201cpreservar la seguridad y autosuficiencia energ\u00e9tica de la naci\u00f3n y proveer al pueblo de la electricidad al menor precio posible, evitando el lucro\u201d.<\/p>\n\n\n\n<h2 class=\"wp-block-heading\">Reparten funciones de \u00f3rganos reguladores<\/h2>\n\n\n\n<p>Bajo el argumento de que surgieron bajo la \u201cl\u00f3gica neoliberal\u201d de desmantelar el Estado, el Ejecutivo plantea la desaparici\u00f3n de siete \u00f3rganos constitucionales aut\u00f3nomos y la transferencia de sus facultades y obligaciones a otras dependencias del gobierno o, incluso a otros \u00f3rganos aut\u00f3nomos.<\/p>\n\n\n\n<p>La lista la encabeza la Comisi\u00f3n Federal de Competencia Econ\u00f3mica (Cofece). Sus actuales funciones de persecuci\u00f3n y sanci\u00f3n de pr\u00e1cticas monop\u00f3licas ser\u00edan absorbidas por la Secretar\u00eda de Econom\u00eda. Tambi\u00e9n desaparecer\u00eda el Instituto Federal de Telecomunicaciones (IFT), que dejar\u00eda sus atribuciones de combate a los monopolios en telecomunicaciones y administraci\u00f3n del espectro radioel\u00e9ctrico a la Secretar\u00eda de Infraestructura, Comunicaciones y Transportes.<\/p>\n\n\n\n<p>La disoluci\u00f3n del Consejo Nacional de Evaluaci\u00f3n de la Pol\u00edtica de Desarrollo Social (Coneval) dar\u00eda lugar a que sea el tambi\u00e9n aut\u00f3nomo Instituto Nacional de Geograf\u00eda y Estad\u00edstica, quien se haga cargo de sus atribuciones de medici\u00f3n de la pobreza.<\/p>\n\n\n\n<p>Con la desaparici\u00f3n del Instituto Nacional de Transparencia, Acceso a la Informaci\u00f3n y Protecci\u00f3n de Datos Personales (Inai), Funci\u00f3n P\u00fablica absorber\u00eda las funciones de garante de derecho de acceso a la informaci\u00f3n y protecci\u00f3n de datos personales.<\/p>\n\n\n\n<h2 class=\"wp-block-heading\">Elecci\u00f3n de jueces a trav\u00e9s del voto popular<\/h2>\n\n\n\n<p>La propuesta de reforma al Poder Judicial de la Federaci\u00f3n que envi\u00f3 el presidente Andr\u00e9s Manuel L\u00f3pez Obrador a la C\u00e1mara de Diputados, plantea una reestructuraci\u00f3n de los \u00f3rganos administrativos y disciplinarios del Poder Judicial con el fin de garantizar su autonom\u00eda, independencia y especialidad t\u00e9cnica. Plantea que los integrantes de \u00e9ste sean elegidos por voto popular para garantizar la representaci\u00f3n de diferentes visiones de la sociedad.<\/p>\n\n\n\n<p>La reforma tambi\u00e9n buscar\u00e1 que los actuales ministros puedan postularse, nuevamente, al cargo que ostentan, para ser ratificados. El Ejecutivo federal propuso que los magistrados y magistradas de Circuito, as\u00ed como jueces y juezas de Distrito, tengan un periodo de nueve a\u00f1os en el cargo con posibilidad de reelegirse. En el caso de los ministros, se buscar\u00eda que no tengan un periodo mayor a 12 a\u00f1os.<\/p>\n\n\n\n<p>Se plantea la creaci\u00f3n de un nuevo \u00f3rgano de administraci\u00f3n judicial, independiente y separado de la SCJN, para sustituir al actual Consejo de la Judicatura Federal, as\u00ed como un Tribunal de Disciplina Judicial con amplias facultades.<\/p>\n\n\n\n<p>Se propone vincular a las autoridades judiciales para emitir resoluciones fundadas y motivadas en un periodo razonable, garantizando as\u00ed el derecho de acceso a una justicia pronta y expedita. (Con informaci\u00f3n de Arturo Rojas)<\/p>\n\n\n\n<h2 class=\"wp-block-heading\">Menos legisladores y dinero a partidos<\/h2>\n\n\n\n<p>El titular del Ejecutivo federal, Andr\u00e9s Manuel L\u00f3pez Obrador, inform\u00f3 que buscar\u00e1, con las modificaciones constitucionales enviadas a la C\u00e1mara de Diputados, eliminar a los legisladores plurinominales en el Congreso de la Uni\u00f3n.<\/p>\n\n\n\n<p>\u201c(Se busca) eliminar las candidaturas plurinominales. El Congreso de la Uni\u00f3n se integrar\u00e1 por 300 diputados y no por 500, y el Senado se conformar\u00e1 con 64 y no con 128 legisladores, como ocurre ahora.<\/p>\n\n\n\n<p>\u201cAsimismo, tanto los consejeros como los magistrados de los organismos electorales ser\u00e1n electos por el voto libre, directo y secreto de todos los ciudadanos\u201d, afirm\u00f3 el Presidente de M\u00e9xico durante el evento donde present\u00f3 el paquete de reformas propuestas.<\/p>\n\n\n\n<p>En el documento que se envi\u00f3 a los y las diputadas federales se estableci\u00f3 que es necesario mejorar la representaci\u00f3n ciudadana en las C\u00e1maras del Congreso mediante la reducci\u00f3n del n\u00famero de integrantes y la implementaci\u00f3n del sistema de mayor\u00eda relativa uninominal.<\/p>\n\n\n\n<p>Adem\u00e1s, el mandatario mexicano explic\u00f3 que, tambi\u00e9n, la reforma electoral contemplar\u00e1 la reducci\u00f3n del financiamiento destinado a campa\u00f1as y a las actividades ordinarias de los partidos pol\u00edticos.<\/p>\n\n\n\n<p>En el documento del Ejecutivo federal se estableci\u00f3 que, actualmente, se asignan m\u00e1s de 11,000 millones de pesos anuales en subsidios p\u00fablicos a las actividades regulares de los partidos pol\u00edticos.<\/p>\n\n\n\n<h2 class=\"wp-block-heading\">Limitan Concesiones de agua a la industria<\/h2>\n\n\n\n<p>En un escenario de sequ\u00edas persistentes y lluvias escasas, limitar las concesiones de agua se vuelve un tema crucial para garantizar el consumo personal y uso dom\u00e9stico. El presidente de M\u00e9xico, Andr\u00e9s Manuel L\u00f3pez Obrador, present\u00f3 una iniciativa de reforma constitucional que busca reforzar este derecho y limitar los permisos para la industria como la minera.<\/p>\n\n\n\n<p>El contenido de la iniciativa pretende modificar el p\u00e1rrafo sexto del Art\u00edculo 4 de la Constituci\u00f3n para establecer la preferencia del consumo personal y dom\u00e9stico de agua sobre cualquier otro uso.<\/p>\n\n\n\n<p>\u201cDe igual forma, la iniciativa propone reformar el p\u00e1rrafo sexto del Art\u00edculo 27 de la Constituci\u00f3n para prohibir el otorgamiento de concesiones de agua en aquellas zonas con escasez de agua, es decir, que est\u00e9 en riesgo la disponibilidad de agua para consumo de las personas y uso dom\u00e9stico\u201d.<\/p>\n\n\n\n<p>De acuerdo con los datos expuestos en la iniciativa, M\u00e9xico tiene en promedio una disponibilidad natural media de agua de aproximadamente 4,471.5 km3 al a\u00f1o. Esta cifra ubica a nuestro pa\u00eds en una situaci\u00f3n de estr\u00e9s h\u00eddrico alto.<\/p>\n\n\n\n<p>El gobierno federal estima que actualmente, 66% de las concesiones de agua se ubican en acu\u00edferos sin disponibilidad.<\/p>\n\n\n\n<p>A\u00fan se deber\u00e1n publicar una serie de reglamentos. (Con informaci\u00f3n de Iv\u00e1n Rodr\u00edgue)<\/p>\n\n\n\n<p><a href=\"mailto:valores@eleconomista.mx\">valores@eleconomista.mx<\/a><\/p>\n\n\n\n<p>Fuente: <a href=\"https:\/\/www.eleconomista.com.mx\/sectorfinanciero\/Garantizarian-pension-de-100-del-ultimo-salario-solo-a-unos-pocos-20240206-0010.html\">https:\/\/www.eleconomista.com.mx\/sectorfinanciero\/Garantizarian-pension-de-100-del-ultimo-salario-solo-a-unos-pocos-20240206-0010.html<\/a><\/p>\n","protected":false},"excerpt":{"rendered":"<p>En la iniciativa de reforma se deja intactas a las Afores, adem\u00e1s de que se mantiene el nivel de las [&hellip;]<\/p>\n","protected":false},"author":1,"featured_media":67797,"comment_status":"open","ping_status":"open","sticky":false,"template":"","format":"standard","meta":{"site-sidebar-layout":"default","site-content-layout":"","ast-site-content-layout":"default","site-content-style":"default","site-sidebar-style":"default","ast-global-header-display":"","ast-banner-title-visibility":"","ast-main-header-display":"","ast-hfb-above-header-display":"","ast-hfb-below-header-display":"","ast-hfb-mobile-header-display":"","site-post-title":"","ast-breadcrumbs-content":"","ast-featured-img":"","footer-sml-layout":"","theme-transparent-header-meta":"","adv-header-id-meta":"","stick-header-meta":"","header-above-stick-meta":"","header-main-stick-meta":"","header-below-stick-meta":"","astra-migrate-meta-layouts":"default","ast-page-background-enabled":"default","ast-page-background-meta":{"desktop":{"background-color":"var(--ast-global-color-4)","background-image":"","background-repeat":"repeat","background-position":"center center","background-size":"auto","background-attachment":"scroll","background-type":"","background-media":"","overlay-type":"","overlay-color":"","overlay-opacity":"","overlay-gradient":""},"tablet":{"background-color":"","background-image":"","background-repeat":"repeat","background-position":"center center","background-size":"auto","background-attachment":"scroll","background-type":"","background-media":"","overlay-type":"","overlay-color":"","overlay-opacity":"","overlay-gradient":""},"mobile":{"background-color":"","background-image":"","background-repeat":"repeat","background-position":"center center","background-size":"auto","background-attachment":"scroll","background-type":"","background-media":"","overlay-type":"","overlay-color":"","overlay-opacity":"","overlay-gradient":""}},"ast-content-background-meta":{"desktop":{"background-color":"var(--ast-global-color-5)","background-image":"","background-repeat":"repeat","background-position":"center center","background-size":"auto","background-attachment":"scroll","background-type":"","background-media":"","overlay-type":"","overlay-color":"","overlay-opacity":"","overlay-gradient":""},"tablet":{"background-color":"var(--ast-global-color-5)","background-image":"","background-repeat":"repeat","background-position":"center center","background-size":"auto","background-attachment":"scroll","background-type":"","background-media":"","overlay-type":"","overlay-color":"","overlay-opacity":"","overlay-gradient":""},"mobile":{"background-color":"var(--ast-global-color-5)","background-image":"","background-repeat":"repeat","background-position":"center center","background-size":"auto","background-attachment":"scroll","background-type":"","background-media":"","overlay-type":"","overlay-color":"","overlay-opacity":"","overlay-gradient":""}},"footnotes":""},"categories":[8],"tags":[22085,199,22084,22086],"class_list":["post-67796","post","type-post","status-publish","format-standard","has-post-thumbnail","hentry","category-noticias","tag-afores","tag-amlo","tag-fondo-de-pensiones-mexico","tag-reformas-constitucion-mexico"],"_links":{"self":[{"href":"https:\/\/losperiodistas.com.mx\/portal\/wp-json\/wp\/v2\/posts\/67796","targetHints":{"allow":["GET"]}}],"collection":[{"href":"https:\/\/losperiodistas.com.mx\/portal\/wp-json\/wp\/v2\/posts"}],"about":[{"href":"https:\/\/losperiodistas.com.mx\/portal\/wp-json\/wp\/v2\/types\/post"}],"author":[{"embeddable":true,"href":"https:\/\/losperiodistas.com.mx\/portal\/wp-json\/wp\/v2\/users\/1"}],"replies":[{"embeddable":true,"href":"https:\/\/losperiodistas.com.mx\/portal\/wp-json\/wp\/v2\/comments?post=67796"}],"version-history":[{"count":1,"href":"https:\/\/losperiodistas.com.mx\/portal\/wp-json\/wp\/v2\/posts\/67796\/revisions"}],"predecessor-version":[{"id":67798,"href":"https:\/\/losperiodistas.com.mx\/portal\/wp-json\/wp\/v2\/posts\/67796\/revisions\/67798"}],"wp:featuredmedia":[{"embeddable":true,"href":"https:\/\/losperiodistas.com.mx\/portal\/wp-json\/wp\/v2\/media\/67797"}],"wp:attachment":[{"href":"https:\/\/losperiodistas.com.mx\/portal\/wp-json\/wp\/v2\/media?parent=67796"}],"wp:term":[{"taxonomy":"category","embeddable":true,"href":"https:\/\/losperiodistas.com.mx\/portal\/wp-json\/wp\/v2\/categories?post=67796"},{"taxonomy":"post_tag","embeddable":true,"href":"https:\/\/losperiodistas.com.mx\/portal\/wp-json\/wp\/v2\/tags?post=67796"}],"curies":[{"name":"wp","href":"https:\/\/api.w.org\/{rel}","templated":true}]}}