{"id":67793,"date":"2024-02-06T06:00:13","date_gmt":"2024-02-06T12:00:13","guid":{"rendered":"https:\/\/losperiodistas.com.mx\/portal\/?p=67793"},"modified":"2024-02-06T06:40:38","modified_gmt":"2024-02-06T12:40:38","slug":"dirigente-de-morena-abre-la-puerta-a-diputados-y-alcaldes-expulsados-del-pri-ljo","status":"publish","type":"post","link":"https:\/\/losperiodistas.com.mx\/portal\/dirigente-de-morena-abre-la-puerta-a-diputados-y-alcaldes-expulsados-del-pri-ljo\/","title":{"rendered":"Dirigente de Morena abre la puerta a diputados y alcaldes expulsados del PRI | LJO"},"content":{"rendered":"\n<figure class=\"wp-block-embed is-type-video is-provider-youtube wp-block-embed-youtube wp-embed-aspect-16-9 wp-has-aspect-ratio\"><div class=\"wp-block-embed__wrapper\">\n<iframe title=\"Abre la puerta, dirigente estatal de #Morena a alcaldes y diputados expulsados del PRI\" width=\"500\" height=\"281\" src=\"https:\/\/www.youtube.com\/embed\/5_NzzHHeIcY?feature=oembed\" frameborder=\"0\" allow=\"accelerometer; autoplay; clipboard-write; encrypted-media; gyroscope; picture-in-picture; web-share\" referrerpolicy=\"strict-origin-when-cross-origin\" allowfullscreen><\/iframe>\n<\/div><\/figure>\n\n\n\n<p><\/p>\n\n\n\n<p class=\"has-vivid-red-color has-text-color has-medium-font-size\"><strong>M\u00d3NICA CAMACHO \/ LA JORNADA DE ORIENTE<\/strong><\/p>\n\n\n\n<p>La\u00a0<strong>presidente estatal de Morena,\u00a0<a href=\"https:\/\/twitter.com\/OlgaRomeroGC\" target=\"_blank\" rel=\"noreferrer noopener\">Olga Luc\u00eda Romero Garci-Crespo<\/a>, se\u00f1al\u00f3 que el partido de izquierda tiene las puertas abiertas para los diputados y alcaldes expulsados por el PRI<\/strong>\u00a0que asuman como propia la ideolog\u00eda de la Cuarta Transformaci\u00f3n (4T).<\/p>\n\n\n\n<blockquote class=\"wp-block-quote is-layout-flow wp-block-quote-is-layout-flow\"><p>\u201cTodos los que tengan esos buenos sentimientos y esos buenos deseos, ser\u00e1n bienvenidos\u201d, manifest\u00f3 en conferencia de medios conjunta con el candidato virtual a la gubernatura Alejandro Armenta Mier.<\/p><\/blockquote>\n\n\n\n<p>La dirigente estatal aclar\u00f3 que ninguno de ellos se ha acercado al Comit\u00e9 Ejecutivo Estatal (CEE) de Morena para expresar su adhesi\u00f3n a esa fuerza pol\u00edtica.<\/p>\n\n\n\n<p class=\"has-cyan-bluish-gray-background-color has-background\"><strong>Puedes ver:&nbsp;<\/strong><a href=\"https:\/\/www.lajornadadeoriente.com.mx\/puebla\/renuncia-isabel-merlo-a-su-militancia-en-el-pri-seguira-al-frente-de-la-sep-hasta-que-el-gobernador-lo-decida\/\" target=\"_blank\" rel=\"noreferrer noopener\">Renuncia Isabel Merlo a su militancia en el PRI; seguir\u00e1 al frente de la SEP hasta que el gobernador lo decida<\/a><\/p>\n\n\n\n<p>Semanas atr\u00e1s, Olga Luc\u00eda Romero tambi\u00e9n expres\u00f3 la misma apertura hacia la participaci\u00f3n del empresario y exdirigente del PRI Jos\u00e9 Chedraui Budib, en el proceso de selecci\u00f3n de abanderado del partido obradorista a la presidencia municipal de Puebla.- Advertisement &#8211;<\/p>\n\n\n\n<p>Argument\u00f3 que el presidente del pa\u00eds y fundador de Regeraci\u00f3n Nacional, Andr\u00e9s Manuel L\u00f3pez Obrador, dio muestra de esa pol\u00edtica de puertas abiertas en la elecci\u00f3n de 2018, en la que Morena arrop\u00f3 a liderazgos de distinto origen partidista.<\/p>\n\n\n\n<h2 class=\"wp-block-heading\">Fuera del PRI, 12 liderazgos en las \u00faltimas semanas<\/h2>\n\n\n\n<p>La semana pasada la Comisi\u00f3n Nacional de Justicia Partidaria del&nbsp;<strong>PRI inform\u00f3 la expulsi\u00f3n de 11 legisladores y presidentes municipales<\/strong>&nbsp;que se declararon representantes populares sin partido.- Advertisement &#8211;<\/p>\n\n\n\n<p>El Revolucionario Institucional expuls\u00f3 a los diputados locales&nbsp;<a href=\"https:\/\/twitter.com\/EstefanChidiac\" target=\"_blank\" rel=\"noreferrer noopener\">Jorge Estefan Chidiac<\/a>, Laura Ivonne Zapata Mart\u00ednez, Silvia Tan\u00fas Osorio, Enrique Rivera Reyes, Adolfo Alatriste Cant\u00fa y Norma Sirley Reyes Cabrera.<\/p>\n\n\n\n<p>Tambi\u00e9n dio de baja del padr\u00f3n de afiliados a los alcaldes Jos\u00e9 Luis M\u00e1rquez Mart\u00ednez de Zacatl\u00e1n, Guadalupe Vargas Vargas de Xicotepec, Manuel Orato V\u00e9lez de San Salvador El Seco, Aurelio Flores Solano de Guadalupe Victoria y Emiliano V\u00e1zquez Bonilla de Zapotitl\u00e1n de M\u00e9ndez.<\/p>\n\n\n\n<p>En respuesta a esas expulsiones, la diputada priista con licencia y actual secretaria de Educaci\u00f3n del gobierno estatal de Morena, Isabel Merlo Talavera, anunci\u00f3 este 5 de febrero la renuncia a su militancia.<\/p>\n\n\n\n<p>Fuente: <a href=\"https:\/\/www.lajornadadeoriente.com.mx\/puebla\/dirigente-de-morena-abre-la-puerta-a-diputados-y-alcaldes-expulsados-del-pri\/\">https:\/\/www.lajornadadeoriente.com.mx\/puebla\/dirigente-de-morena-abre-la-puerta-a-diputados-y-alcaldes-expulsados-del-pri\/<\/a><\/p>\n","protected":false},"excerpt":{"rendered":"<p>M\u00d3NICA CAMACHO \/ LA JORNADA DE ORIENTE La\u00a0presidente estatal de Morena,\u00a0Olga Luc\u00eda Romero Garci-Crespo, se\u00f1al\u00f3 que el partido de izquierda [&hellip;]<\/p>\n","protected":false},"author":1,"featured_media":67794,"comment_status":"open","ping_status":"open","sticky":false,"template":"","format":"standard","meta":{"site-sidebar-layout":"default","site-content-layout":"","ast-site-content-layout":"default","site-content-style":"default","site-sidebar-style":"default","ast-global-header-display":"","ast-banner-title-visibility":"","ast-main-header-display":"","ast-hfb-above-header-display":"","ast-hfb-below-header-display":"","ast-hfb-mobile-header-display":"","site-post-title":"","ast-breadcrumbs-content":"","ast-featured-img":"","footer-sml-layout":"","theme-transparent-header-meta":"","adv-header-id-meta":"","stick-header-meta":"","header-above-stick-meta":"","header-main-stick-meta":"","header-below-stick-meta":"","astra-migrate-meta-layouts":"default","ast-page-background-enabled":"default","ast-page-background-meta":{"desktop":{"background-color":"var(--ast-global-color-4)","background-image":"","background-repeat":"repeat","background-position":"center center","background-size":"auto","background-attachment":"scroll","background-type":"","background-media":"","overlay-type":"","overlay-color":"","overlay-opacity":"","overlay-gradient":""},"tablet":{"background-color":"","background-image":"","background-repeat":"repeat","background-position":"center center","background-size":"auto","background-attachment":"scroll","background-type":"","background-media":"","overlay-type":"","overlay-color":"","overlay-opacity":"","overlay-gradient":""},"mobile":{"background-color":"","background-image":"","background-repeat":"repeat","background-position":"center center","background-size":"auto","background-attachment":"scroll","background-type":"","background-media":"","overlay-type":"","overlay-color":"","overlay-opacity":"","overlay-gradient":""}},"ast-content-background-meta":{"desktop":{"background-color":"var(--ast-global-color-5)","background-image":"","background-repeat":"repeat","background-position":"center center","background-size":"auto","background-attachment":"scroll","background-type":"","background-media":"","overlay-type":"","overlay-color":"","overlay-opacity":"","overlay-gradient":""},"tablet":{"background-color":"var(--ast-global-color-5)","background-image":"","background-repeat":"repeat","background-position":"center center","background-size":"auto","background-attachment":"scroll","background-type":"","background-media":"","overlay-type":"","overlay-color":"","overlay-opacity":"","overlay-gradient":""},"mobile":{"background-color":"var(--ast-global-color-5)","background-image":"","background-repeat":"repeat","background-position":"center center","background-size":"auto","background-attachment":"scroll","background-type":"","background-media":"","overlay-type":"","overlay-color":"","overlay-opacity":"","overlay-gradient":""}},"footnotes":""},"categories":[8],"tags":[11449,725,22082,22083],"class_list":["post-67793","post","type-post","status-publish","format-standard","has-post-thumbnail","hentry","category-noticias","tag-4t-puebla","tag-morena-puebla","tag-priistas-expulsados","tag-puebla-pri"],"_links":{"self":[{"href":"https:\/\/losperiodistas.com.mx\/portal\/wp-json\/wp\/v2\/posts\/67793","targetHints":{"allow":["GET"]}}],"collection":[{"href":"https:\/\/losperiodistas.com.mx\/portal\/wp-json\/wp\/v2\/posts"}],"about":[{"href":"https:\/\/losperiodistas.com.mx\/portal\/wp-json\/wp\/v2\/types\/post"}],"author":[{"embeddable":true,"href":"https:\/\/losperiodistas.com.mx\/portal\/wp-json\/wp\/v2\/users\/1"}],"replies":[{"embeddable":true,"href":"https:\/\/losperiodistas.com.mx\/portal\/wp-json\/wp\/v2\/comments?post=67793"}],"version-history":[{"count":1,"href":"https:\/\/losperiodistas.com.mx\/portal\/wp-json\/wp\/v2\/posts\/67793\/revisions"}],"predecessor-version":[{"id":67795,"href":"https:\/\/losperiodistas.com.mx\/portal\/wp-json\/wp\/v2\/posts\/67793\/revisions\/67795"}],"wp:featuredmedia":[{"embeddable":true,"href":"https:\/\/losperiodistas.com.mx\/portal\/wp-json\/wp\/v2\/media\/67794"}],"wp:attachment":[{"href":"https:\/\/losperiodistas.com.mx\/portal\/wp-json\/wp\/v2\/media?parent=67793"}],"wp:term":[{"taxonomy":"category","embeddable":true,"href":"https:\/\/losperiodistas.com.mx\/portal\/wp-json\/wp\/v2\/categories?post=67793"},{"taxonomy":"post_tag","embeddable":true,"href":"https:\/\/losperiodistas.com.mx\/portal\/wp-json\/wp\/v2\/tags?post=67793"}],"curies":[{"name":"wp","href":"https:\/\/api.w.org\/{rel}","templated":true}]}}