{"id":67790,"date":"2024-02-06T06:26:41","date_gmt":"2024-02-06T12:26:41","guid":{"rendered":"https:\/\/losperiodistas.com.mx\/portal\/?p=67790"},"modified":"2024-02-06T06:26:43","modified_gmt":"2024-02-06T12:26:43","slug":"opinion-polarizacion-la-droga-oculta","status":"publish","type":"post","link":"https:\/\/losperiodistas.com.mx\/portal\/opinion-polarizacion-la-droga-oculta\/","title":{"rendered":"Opini\u00f3n | Polarizaci\u00f3n, la \u00a0droga oculta"},"content":{"rendered":"\n<p class=\"has-medium-font-size\">*Un estudio alerta sobre el poder adictivo de este fen\u00f3meno del debate p\u00fablico<\/p>\n\n\n\n<p><\/p>\n\n\n\n<figure class=\"wp-block-image size-full\"><img fetchpriority=\"high\" decoding=\"async\" width=\"900\" height=\"528\" src=\"https:\/\/losperiodistas.com.mx\/portal\/wp-content\/uploads\/2024\/02\/LA-POLARIZACIO\u0301N.jpeg\" alt=\"\" class=\"wp-image-67791\" srcset=\"https:\/\/losperiodistas.com.mx\/portal\/wp-content\/uploads\/2024\/02\/LA-POLARIZACIO\u0301N.jpeg 900w, https:\/\/losperiodistas.com.mx\/portal\/wp-content\/uploads\/2024\/02\/LA-POLARIZACIO\u0301N-300x176.jpeg 300w, https:\/\/losperiodistas.com.mx\/portal\/wp-content\/uploads\/2024\/02\/LA-POLARIZACIO\u0301N-768x451.jpeg 768w\" sizes=\"(max-width: 900px) 100vw, 900px\" \/><\/figure>\n\n\n\n<p class=\"has-vivid-red-color has-text-color\" style=\"font-size:26px\"><strong><em>Por Ra\u00fal Torres Salmer\u00f3n<\/em><\/strong><\/p>\n\n\n\n<p>Una nueva droga oculta que se consume a diario sin saberlo es la polarizaci\u00f3n. La p\u00e9rdida del control es el primer s\u00edntoma de todas las adicciones. Y precisamente el mundo est\u00e1 as\u00ed, incontrolable.<\/p>\n\n\n\n<p>Y es que la polarizaci\u00f3n se ha convertido en una de las grandes amenazas del siglo XXI. Solo en los \u00faltimos 5 a\u00f1os este fen\u00f3meno que genera divisi\u00f3n, enfado y enfrentamiento en la sociedad ha crecido hasta un 40 por ciento.<\/p>\n\n\n\n<p>Los cientos de millones de mensajes incendiarios generan en el organismo -como algunas drogas-, la activaci\u00f3n de sustancias como dopamina o endorfinas, que activan los receptores opioides del cuerpo y se hacen adictos a su consumo.<\/p>\n\n\n\n<p>Este efecto de contacto diario con la polarizaci\u00f3n radicaliza el pensamiento de las personas creando rechazo por la opini\u00f3n contraria.<\/p>\n\n\n\n<p>El estudio The Hidden Drug (THD), en espa\u00f1ol La Droga Oculta, fue elaborado en 2022, por Llorente y Cuenca (LLYC), una consultora espa\u00f1ola global de Asuntos Corporativos y Marketing. El estudio se desarroll\u00f3 con M\u00e1s Democracia, una organizaci\u00f3n pol\u00edtica ciudadana, plural y diversa, para mejorar la calidad democr\u00e1tica e incrementar la participaci\u00f3n, as\u00ed como la colaboraci\u00f3n con neurocient\u00edficos, soci\u00f3logos, psic\u00f3logos y expertos en big data e Inteligencia Artificial.<\/p>\n\n\n\n<p>Al hacer una anatom\u00eda de la polarizaci\u00f3n, el estudio dice lo siguiente:<\/p>\n\n\n\n<p>-Como toda droga, la polarizaci\u00f3n genera efectos a corto y largo plazo a nivel f\u00edsico e individual y tambi\u00e9n afecta a la sociedad.<\/p>\n\n\n\n<p>-Los efectos f\u00edsicos son la p\u00e9rdida de memoria y atenci\u00f3n, la mala toma de decisiones, el trastorno del sue\u00f1o, ansiedad y estr\u00e9s, deterioro relaciones personales, euforia, desinhibici\u00f3n, exaltaci\u00f3n de la amistad, taquicardia, fatiga y dependencia.<\/p>\n\n\n\n<p>-Los efectos individuales son una falsa sensaci\u00f3n de confort y bienestar, distorsi\u00f3n de pensamiento, mala toma de decisiones, impulsividad, dependencia, abstinencia, ansiedad, miedo y alteraci\u00f3n del comportamiento.<\/p>\n\n\n\n<p>-Los efectos sociales son una crispaci\u00f3n generalizada, falta de acuerdos sociales, distanciamiento social y aumento discursos de odio.<\/p>\n\n\n\n<p>-Los datos son alarmantes: La polarizaci\u00f3n ha crecido en un 39 por ciento en los \u00faltimos 5 a\u00f1os.<\/p>\n\n\n\n<p>-La evoluci\u00f3n de la polarizaci\u00f3n en Iberoam\u00e9rica se ha agudizado un 8 por ciento al a\u00f1o y con ello la adicci\u00f3n al conflicto y a mantener conversaciones cada vez m\u00e1s incendiadas en las redes sociales.<\/p>\n\n\n\n<p>-Hoy, 1 de cada 4 personas est\u00e1 expuesta a polarizaci\u00f3n extrema. No es solo una cifra inquietante. Estos n\u00fameros son una alerta por la alta susceptibilidad que tienen los seres humanos a desarrollar una adicci\u00f3n. En 2040 ascender\u00e1 a 2 de cada 4<\/p>\n\n\n\n<p>-Seguir\u00e1 creciendo si no hay conciencia del uso de mensajes incendiarios y no se abren las puertas al di\u00e1logo y a un debate tan necesario, la sociedad se convertir\u00e1 cada vez m\u00e1s tribal e intolerante.<\/p>\n\n\n\n<p>-La adicci\u00f3n a la polarizaci\u00f3n crece un 11 por ciento al declararse la pandemia y no ha parado de crecer desde entonces. Con el Covid llegan niveles de adicci\u00f3n m\u00e1s altos y cada vez m\u00e1s acelerados. M\u00e1s de lo que parece, la pandemia lo cambi\u00f3 todo y en parte ha hecho que hoy la gente es menos tolerante.<\/p>\n\n\n\n<p>-La conversaci\u00f3n social en X, (antes Twitter), en 12 pa\u00edses de Iberoam\u00e9rica y Estados Unidos, los temas (territorios les llama el estudio), de mayor polarizaci\u00f3n son en este orden: Aborto. Cambio clim\u00e1tico. Derechos humanos. Inmigraci\u00f3n. Feminismo. Libertad de expresi\u00f3n. Pena de muerte. Racismo. Salario m\u00ednimo. Sindicatos.<\/p>\n\n\n\n<p>-Los datos son de 5 a\u00f1os, del 1 de septiembre de 2017 al 31 de agosto de 2022, con 601 millones de mensajes analizados en 12 pa\u00edses: Espa\u00f1a, Portugal, Estados Unidos, Argentina, Brasil, Colombia, Chile, Ecuador, M\u00e9xico, Panam\u00e1, Per\u00fa y Rep\u00fablica Dominicana.<\/p>\n\n\n\n<p>-Por lo que se refiere a M\u00e9xico, el rasgo diferencial lo marca el bajo \u00edndice de polarizaci\u00f3n en comparaci\u00f3n con los otros pa\u00edses analizados. El debate m\u00e1s polarizado es el referido a la libertad de expresi\u00f3n, muy relacionado con el gen\u00e9rico de derechos humanos que muestra el mayor volumen de conversaci\u00f3n. Los asesinatos de periodistas, los atentados de los narcos o las violaciones de derechos por ciertas autoridades justifican este estado de opini\u00f3n.<\/p>\n\n\n\n<p>-Al analizar el proceso evolutivo de las conversaciones en los diferentes pa\u00edses, se advierte la existencia de \u201cdisparadores\u201d que agitan el debate en las redes, tales como decisiones judiciales, sucesos o nuevas leyes, por ejemplo. Sin embargo, otros temas se mantienen en el foro p\u00fablico al margen de hitos puntuales.<\/p>\n\n\n\n<p>-X (antes Twitter), en particular, es un foro donde se recogen y amplifican las tensiones, consensos y pol\u00e9micas que sacuden a las comunidades, pero el debate sobre si las redes son causantes de la polarizaci\u00f3n sigue abierto.<\/p>\n\n\n\n<p>-Derechos humanos, el que m\u00e1s volumen de conversaci\u00f3n moviliza, est\u00e1 muy ligada a libertad de expresi\u00f3n (88 por ciento de correlaci\u00f3n), pero con un 28 por ciento menos de polarizaci\u00f3n.<\/p>\n\n\n\n<p>-Debido a la situaci\u00f3n fronteriza con Estados Unidos, se observan pocas connotaciones negativas respecto a la inmigraci\u00f3n y es uno de los temas con menos notoriedad en el pa\u00eds.<\/p>\n\n\n\n<p>-El orden descendente de los temas en M\u00e9xico son: Libertad de expresi\u00f3n. Derechos Humanos. Aborto. Feminismo. Salario M\u00ednimo. Sindicatos. Racismo. Inmigraci\u00f3n. Cambio Clim\u00e1tico. Pena de Muerte.<\/p>\n\n\n\n<p>-Solamente aborto y salario m\u00ednimo muestran una polarizaci\u00f3n y adicci\u00f3n superior a la media global.<\/p>\n\n\n\n<p>-Aunque tienen un considerable volumen, existe un mayor consenso en el feminismo y cambio clim\u00e1tico respecto al resto de pa\u00edses iberoamericanos, mostrando una mucho m\u00e1s baja polaridad y una adicci\u00f3n m\u00e1s moderada.<\/p>\n\n\n\n<p>-Las voces conservadoras tienen una ligera ventaja sobre las progresistas desde la toma de posesi\u00f3n de Andr\u00e9s Manuel L\u00f3pez obrador.<\/p>\n\n\n\n<p>Como dir\u00eda el fil\u00f3sofo, cualquier parecido con lo que pasa en M\u00e9xico y muchos pa\u00edses del mundo, no es mera coincidencia\u2026<\/p>\n\n\n\n<p>En fin, como escribi\u00f3 Amado Nervo (Nayarit, M\u00e9xico, 1870-1919), en su poema Qui\u00e9n Sabe por qu\u00e9:<\/p>\n\n\n\n<p>Perd\u00ed tu presencia,<\/p>\n\n\n\n<p>pero la hallar\u00e9;<\/p>\n\n\n\n<p>pues oculta ciencia<\/p>\n\n\n\n<p>dice a mi conciencia<\/p>\n\n\n\n<p>que en otra existencia<\/p>\n\n\n\n<p>te recobrar\u00e9.<\/p>\n\n\n\n<p>raultorress@hotmail.com<\/p>\n","protected":false},"excerpt":{"rendered":"<p>*Un estudio alerta sobre el poder adictivo de este fen\u00f3meno del debate p\u00fablico Por Ra\u00fal Torres Salmer\u00f3n Una nueva droga [&hellip;]<\/p>\n","protected":false},"author":1,"featured_media":67791,"comment_status":"open","ping_status":"open","sticky":false,"template":"","format":"standard","meta":{"site-sidebar-layout":"default","site-content-layout":"","ast-site-content-layout":"default","site-content-style":"default","site-sidebar-style":"default","ast-global-header-display":"","ast-banner-title-visibility":"","ast-main-header-display":"","ast-hfb-above-header-display":"","ast-hfb-below-header-display":"","ast-hfb-mobile-header-display":"","site-post-title":"","ast-breadcrumbs-content":"","ast-featured-img":"","footer-sml-layout":"","theme-transparent-header-meta":"","adv-header-id-meta":"","stick-header-meta":"","header-above-stick-meta":"","header-main-stick-meta":"","header-below-stick-meta":"","astra-migrate-meta-layouts":"default","ast-page-background-enabled":"default","ast-page-background-meta":{"desktop":{"background-color":"var(--ast-global-color-4)","background-image":"","background-repeat":"repeat","background-position":"center center","background-size":"auto","background-attachment":"scroll","background-type":"","background-media":"","overlay-type":"","overlay-color":"","overlay-opacity":"","overlay-gradient":""},"tablet":{"background-color":"","background-image":"","background-repeat":"repeat","background-position":"center center","background-size":"auto","background-attachment":"scroll","background-type":"","background-media":"","overlay-type":"","overlay-color":"","overlay-opacity":"","overlay-gradient":""},"mobile":{"background-color":"","background-image":"","background-repeat":"repeat","background-position":"center center","background-size":"auto","background-attachment":"scroll","background-type":"","background-media":"","overlay-type":"","overlay-color":"","overlay-opacity":"","overlay-gradient":""}},"ast-content-background-meta":{"desktop":{"background-color":"var(--ast-global-color-5)","background-image":"","background-repeat":"repeat","background-position":"center center","background-size":"auto","background-attachment":"scroll","background-type":"","background-media":"","overlay-type":"","overlay-color":"","overlay-opacity":"","overlay-gradient":""},"tablet":{"background-color":"var(--ast-global-color-5)","background-image":"","background-repeat":"repeat","background-position":"center center","background-size":"auto","background-attachment":"scroll","background-type":"","background-media":"","overlay-type":"","overlay-color":"","overlay-opacity":"","overlay-gradient":""},"mobile":{"background-color":"var(--ast-global-color-5)","background-image":"","background-repeat":"repeat","background-position":"center center","background-size":"auto","background-attachment":"scroll","background-type":"","background-media":"","overlay-type":"","overlay-color":"","overlay-opacity":"","overlay-gradient":""}},"footnotes":""},"categories":[8,19],"tags":[22079,22081,10363,22080],"class_list":["post-67790","post","type-post","status-publish","format-standard","has-post-thumbnail","hentry","category-noticias","category-sin-limites-2","tag-droga-oculta","tag-llorente-y-cuenca","tag-polarizacion","tag-the-hidden-drug"],"_links":{"self":[{"href":"https:\/\/losperiodistas.com.mx\/portal\/wp-json\/wp\/v2\/posts\/67790","targetHints":{"allow":["GET"]}}],"collection":[{"href":"https:\/\/losperiodistas.com.mx\/portal\/wp-json\/wp\/v2\/posts"}],"about":[{"href":"https:\/\/losperiodistas.com.mx\/portal\/wp-json\/wp\/v2\/types\/post"}],"author":[{"embeddable":true,"href":"https:\/\/losperiodistas.com.mx\/portal\/wp-json\/wp\/v2\/users\/1"}],"replies":[{"embeddable":true,"href":"https:\/\/losperiodistas.com.mx\/portal\/wp-json\/wp\/v2\/comments?post=67790"}],"version-history":[{"count":1,"href":"https:\/\/losperiodistas.com.mx\/portal\/wp-json\/wp\/v2\/posts\/67790\/revisions"}],"predecessor-version":[{"id":67792,"href":"https:\/\/losperiodistas.com.mx\/portal\/wp-json\/wp\/v2\/posts\/67790\/revisions\/67792"}],"wp:featuredmedia":[{"embeddable":true,"href":"https:\/\/losperiodistas.com.mx\/portal\/wp-json\/wp\/v2\/media\/67791"}],"wp:attachment":[{"href":"https:\/\/losperiodistas.com.mx\/portal\/wp-json\/wp\/v2\/media?parent=67790"}],"wp:term":[{"taxonomy":"category","embeddable":true,"href":"https:\/\/losperiodistas.com.mx\/portal\/wp-json\/wp\/v2\/categories?post=67790"},{"taxonomy":"post_tag","embeddable":true,"href":"https:\/\/losperiodistas.com.mx\/portal\/wp-json\/wp\/v2\/tags?post=67790"}],"curies":[{"name":"wp","href":"https:\/\/api.w.org\/{rel}","templated":true}]}}