{"id":67787,"date":"2024-02-06T06:22:19","date_gmt":"2024-02-06T12:22:19","guid":{"rendered":"https:\/\/losperiodistas.com.mx\/portal\/?p=67787"},"modified":"2024-02-06T06:22:21","modified_gmt":"2024-02-06T12:22:21","slug":"el-principe-harry-viajara-a-londres-para-ver-a-su-padre-carlos-iii-tras-conocer-que-padece-cancer-loc","status":"publish","type":"post","link":"https:\/\/losperiodistas.com.mx\/portal\/el-principe-harry-viajara-a-londres-para-ver-a-su-padre-carlos-iii-tras-conocer-que-padece-cancer-loc\/","title":{"rendered":"El pr\u00edncipe Harry viajar\u00e1 a Londres para ver a su padre, Carlos III, tras conocer que padece c\u00e1ncer | LOC"},"content":{"rendered":"\n<p class=\"has-pale-pink-background-color has-background has-medium-font-size\">No se sabe si ir\u00e1 solo o acompa\u00f1ado por su mujer, Meghan Markle. \u00abHa hablado con el rey sobre su diagn\u00f3stico de c\u00e1ncer y viajar\u00e1 al Reino Unido para verlo en los pr\u00f3ximos d\u00edas\u00bb, revel\u00f3 una fuente cercana.<\/p>\n\n\n\n<figure class=\"wp-block-image size-large\"><img fetchpriority=\"high\" decoding=\"async\" width=\"1024\" height=\"682\" src=\"https:\/\/losperiodistas.com.mx\/portal\/wp-content\/uploads\/2024\/02\/17023156062300-1024x682.jpg\" alt=\"\" class=\"wp-image-67788\" srcset=\"https:\/\/losperiodistas.com.mx\/portal\/wp-content\/uploads\/2024\/02\/17023156062300-1024x682.jpg 1024w, https:\/\/losperiodistas.com.mx\/portal\/wp-content\/uploads\/2024\/02\/17023156062300-300x200.jpg 300w, https:\/\/losperiodistas.com.mx\/portal\/wp-content\/uploads\/2024\/02\/17023156062300-768x512.jpg 768w, https:\/\/losperiodistas.com.mx\/portal\/wp-content\/uploads\/2024\/02\/17023156062300.jpg 1220w\" sizes=\"(max-width: 1024px) 100vw, 1024px\" \/><figcaption>El pr\u00edncipe Harry en 2023 GTRES<\/figcaption><\/figure>\n\n\n\n<p class=\"has-vivid-red-color has-text-color has-medium-font-size\"><strong>LOC \/ BANG<\/strong><\/p>\n\n\n\n<p>El palacio de Buckingham ha anunciado hoy lunes por la tarde que<a href=\"https:\/\/www.elmundo.es\/internacional\/2024\/02\/05\/65c12433fc6c8316528b45a1.html\">&nbsp;al rey Carlos III (75) le han diagnosticado c\u00e1ncer.<\/a>&nbsp;Una noticia que los cercanos al rey de Reino Unido&nbsp;<strong>conocieron de antemano.&nbsp;<\/strong>Entre ellos, su hijo,&nbsp;<a href=\"https:\/\/www.elmundo.es\/loc\/casa-real\/2023\/05\/06\/64565892e4d4d8d3068b45b3.html\">el pr\u00edncipe Harry<\/a>&nbsp;(39), que est\u00e1&nbsp;<strong>preparando un viaje a Londres<\/strong>&nbsp;en los pr\u00f3ximos d\u00edas para&nbsp;<strong>estar con su padre.<\/strong><\/p>\n\n\n\n<p>\u00abEl duque de Sussex\u00a0<strong>ha hablado con el rey sobre su diagn\u00f3stico de c\u00e1ncer\u00a0<\/strong>y viajar\u00e1 al Reino Unido para verlo en los pr\u00f3ximos d\u00edas\u00bb, dijo una fuente cercana a Harry al\u00a0<em>Daily Mail.<\/em>\u00a0Harry lleva sin pisar su pa\u00eds natal desde que el pasado verano asisti\u00f3 a un evento de una organizaci\u00f3n ben\u00e9fica para ni\u00f1os. Ocasi\u00f3n en la que\u00a0<strong>no visit\u00f3 a su familia,<\/strong>\u00a0como en otras muchas.<\/p>\n\n\n\n<p>El alarmante comunicado, donde se recalca que el monarca&nbsp;<strong>no padece c\u00e1ncer de pr\u00f3stata<\/strong>, parece haber propiciado&nbsp;<strong>un acercamiento entre el pr\u00edncipe su padre.<\/strong>&nbsp;Del que se distanci\u00f3 por las p\u00fablicas y noticias diferencias entre la Familia Real su mujer,&nbsp;<a href=\"https:\/\/www.elmundo.es\/loc\/celebrities\/2022\/09\/07\/63176197fdddff70818b45a4.html\">Meghan Markle<\/a>&nbsp;(42). De hecho, se desconoce si esta acompa\u00f1ar\u00e1 a su marido o se quedar\u00e1 con sus hijos,&nbsp;<strong>Archie (4) y Lilibet (2), en Estados Unidos.<\/strong><\/p>\n\n\n\n<h2 class=\"wp-block-heading\">LA SALUD DEL REY CARLOS<\/h2>\n\n\n\n<p>Hace m\u00e1s de una semana, Carlos III se someti\u00f3 a&nbsp;<strong>una operaci\u00f3n de pr\u00f3stata<\/strong>&nbsp;en un hospital privado de Londres debido a una condici\u00f3n conocida como&nbsp;<strong>hiperplasia prost\u00e1tica benigna<\/strong>&nbsp;provocada por el agrandamiento de esta gl\u00e1ndula y que es muy com\u00fan entre los hombres de su edad. El monarca de 75 a\u00f1os&nbsp;<strong>decidi\u00f3 hacer p\u00fablica esta informaci\u00f3n<\/strong>&nbsp;con el objetivo de animar a m\u00e1s hombres a someterse a revisiones peri\u00f3dicas.<\/p>\n\n\n\n<p>Por el momento no se ha revelado&nbsp;<strong>ni el tipo ni el estadio del c\u00e1ncer que padece,<\/strong>&nbsp;aunque s\u00ed se ha hecho p\u00fablico que le fue detectado precisamente durante las pruebas que le hicieron en su \u00faltima estancia hospitalaria.<\/p>\n\n\n\n<p>Carlos regres\u00f3 a Londres desde Sandringham, en Norfolk, el lunes por la ma\u00f1ana para comenzar a recibir&nbsp;<strong>\u00abtratamiento regular\u00bb<\/strong>&nbsp;como paciente externo ese mismo d\u00eda. El Palacio de Buckingham afirma que<strong>&nbsp;el Rey se muestra totalmente positivo<\/strong>&nbsp;acerca de su pron\u00f3stico y que espera retomar sus obligaciones p\u00fablicas lo antes posible\u00bb.<\/p>\n\n\n\n<p>De momento,&nbsp;<strong>pospondr\u00e1 sus compromisos oficiales&nbsp;<\/strong>y se espera que otros miembros de la realeza le sustituyan mientras recibe tratamiento. Lo que s\u00ed har\u00e1 ser\u00e1 continuar con&nbsp;<strong>su papel constitucional como jefe de Estado<\/strong>, incluyendo tr\u00e1mites y reuniones privadas.<\/p>\n\n\n\n<p>El domingo se le vio asistiendo\u00a0<strong>un servicio religioso en Sandringham<\/strong>, donde salud\u00f3 a la multitud y se mostr\u00f3 muy animado. Ahora, la presencia de su hijo podr\u00eda darle el aliento necesario para afrontar el complicado proceso que le aguarda.<\/p>\n\n\n\n<p>Fuente: <a href=\"https:\/\/www.elmundo.es\/loc\/famosos\/2024\/02\/05\/65c12bcfe4d4d828478b45bd.html\">https:\/\/www.elmundo.es\/loc\/famosos\/2024\/02\/05\/65c12bcfe4d4d828478b45bd.html<\/a><\/p>\n","protected":false},"excerpt":{"rendered":"<p>No se sabe si ir\u00e1 solo o acompa\u00f1ado por su mujer, Meghan Markle. \u00abHa hablado con el rey sobre su [&hellip;]<\/p>\n","protected":false},"author":1,"featured_media":67788,"comment_status":"open","ping_status":"open","sticky":false,"template":"","format":"standard","meta":{"site-sidebar-layout":"default","site-content-layout":"","ast-site-content-layout":"default","site-content-style":"default","site-sidebar-style":"default","ast-global-header-display":"","ast-banner-title-visibility":"","ast-main-header-display":"","ast-hfb-above-header-display":"","ast-hfb-below-header-display":"","ast-hfb-mobile-header-display":"","site-post-title":"","ast-breadcrumbs-content":"","ast-featured-img":"","footer-sml-layout":"","theme-transparent-header-meta":"","adv-header-id-meta":"","stick-header-meta":"","header-above-stick-meta":"","header-main-stick-meta":"","header-below-stick-meta":"","astra-migrate-meta-layouts":"default","ast-page-background-enabled":"default","ast-page-background-meta":{"desktop":{"background-color":"var(--ast-global-color-4)","background-image":"","background-repeat":"repeat","background-position":"center center","background-size":"auto","background-attachment":"scroll","background-type":"","background-media":"","overlay-type":"","overlay-color":"","overlay-opacity":"","overlay-gradient":""},"tablet":{"background-color":"","background-image":"","background-repeat":"repeat","background-position":"center center","background-size":"auto","background-attachment":"scroll","background-type":"","background-media":"","overlay-type":"","overlay-color":"","overlay-opacity":"","overlay-gradient":""},"mobile":{"background-color":"","background-image":"","background-repeat":"repeat","background-position":"center center","background-size":"auto","background-attachment":"scroll","background-type":"","background-media":"","overlay-type":"","overlay-color":"","overlay-opacity":"","overlay-gradient":""}},"ast-content-background-meta":{"desktop":{"background-color":"var(--ast-global-color-5)","background-image":"","background-repeat":"repeat","background-position":"center center","background-size":"auto","background-attachment":"scroll","background-type":"","background-media":"","overlay-type":"","overlay-color":"","overlay-opacity":"","overlay-gradient":""},"tablet":{"background-color":"var(--ast-global-color-5)","background-image":"","background-repeat":"repeat","background-position":"center center","background-size":"auto","background-attachment":"scroll","background-type":"","background-media":"","overlay-type":"","overlay-color":"","overlay-opacity":"","overlay-gradient":""},"mobile":{"background-color":"var(--ast-global-color-5)","background-image":"","background-repeat":"repeat","background-position":"center center","background-size":"auto","background-attachment":"scroll","background-type":"","background-media":"","overlay-type":"","overlay-color":"","overlay-opacity":"","overlay-gradient":""}},"footnotes":""},"categories":[8],"tags":[10725,15423,2395,230],"class_list":["post-67787","post","type-post","status-publish","format-standard","has-post-thumbnail","hentry","category-noticias","tag-cancer-de-prostata","tag-carlos-iii-de-inglaterra","tag-familia-real-britanica","tag-principe-harry"],"_links":{"self":[{"href":"https:\/\/losperiodistas.com.mx\/portal\/wp-json\/wp\/v2\/posts\/67787","targetHints":{"allow":["GET"]}}],"collection":[{"href":"https:\/\/losperiodistas.com.mx\/portal\/wp-json\/wp\/v2\/posts"}],"about":[{"href":"https:\/\/losperiodistas.com.mx\/portal\/wp-json\/wp\/v2\/types\/post"}],"author":[{"embeddable":true,"href":"https:\/\/losperiodistas.com.mx\/portal\/wp-json\/wp\/v2\/users\/1"}],"replies":[{"embeddable":true,"href":"https:\/\/losperiodistas.com.mx\/portal\/wp-json\/wp\/v2\/comments?post=67787"}],"version-history":[{"count":1,"href":"https:\/\/losperiodistas.com.mx\/portal\/wp-json\/wp\/v2\/posts\/67787\/revisions"}],"predecessor-version":[{"id":67789,"href":"https:\/\/losperiodistas.com.mx\/portal\/wp-json\/wp\/v2\/posts\/67787\/revisions\/67789"}],"wp:featuredmedia":[{"embeddable":true,"href":"https:\/\/losperiodistas.com.mx\/portal\/wp-json\/wp\/v2\/media\/67788"}],"wp:attachment":[{"href":"https:\/\/losperiodistas.com.mx\/portal\/wp-json\/wp\/v2\/media?parent=67787"}],"wp:term":[{"taxonomy":"category","embeddable":true,"href":"https:\/\/losperiodistas.com.mx\/portal\/wp-json\/wp\/v2\/categories?post=67787"},{"taxonomy":"post_tag","embeddable":true,"href":"https:\/\/losperiodistas.com.mx\/portal\/wp-json\/wp\/v2\/tags?post=67787"}],"curies":[{"name":"wp","href":"https:\/\/api.w.org\/{rel}","templated":true}]}}