{"id":67773,"date":"2024-02-05T20:17:06","date_gmt":"2024-02-06T02:17:06","guid":{"rendered":"https:\/\/losperiodistas.com.mx\/portal\/?p=67773"},"modified":"2024-02-05T20:17:08","modified_gmt":"2024-02-06T02:17:08","slug":"devolverle-a-la-constitucion-su-dignidad-humanismo-y-franqueza-amlo-la-jornada","status":"publish","type":"post","link":"https:\/\/losperiodistas.com.mx\/portal\/devolverle-a-la-constitucion-su-dignidad-humanismo-y-franqueza-amlo-la-jornada\/","title":{"rendered":"Devolverle a la Constituci\u00f3n \u00absu dignidad, humanismo y franqueza\u00bb: AMLO | La Jornada"},"content":{"rendered":"\n<figure class=\"wp-block-image size-large\"><img fetchpriority=\"high\" decoding=\"async\" width=\"1024\" height=\"691\" src=\"https:\/\/losperiodistas.com.mx\/portal\/wp-content\/uploads\/2024\/02\/Captura-de-pantalla-2024-02-05-a-las-8.08.55\u202fp.m.-1024x691.jpg\" alt=\"\" class=\"wp-image-67774\" srcset=\"https:\/\/losperiodistas.com.mx\/portal\/wp-content\/uploads\/2024\/02\/Captura-de-pantalla-2024-02-05-a-las-8.08.55\u202fp.m.-1024x691.jpg 1024w, https:\/\/losperiodistas.com.mx\/portal\/wp-content\/uploads\/2024\/02\/Captura-de-pantalla-2024-02-05-a-las-8.08.55\u202fp.m.-300x203.jpg 300w, https:\/\/losperiodistas.com.mx\/portal\/wp-content\/uploads\/2024\/02\/Captura-de-pantalla-2024-02-05-a-las-8.08.55\u202fp.m.-768x518.jpg 768w, https:\/\/losperiodistas.com.mx\/portal\/wp-content\/uploads\/2024\/02\/Captura-de-pantalla-2024-02-05-a-las-8.08.55\u202fp.m.-1536x1037.jpg 1536w, https:\/\/losperiodistas.com.mx\/portal\/wp-content\/uploads\/2024\/02\/Captura-de-pantalla-2024-02-05-a-las-8.08.55\u202fp.m..jpg 1594w\" sizes=\"(max-width: 1024px) 100vw, 1024px\" \/><figcaption>Foto. Cristina Rodr\u00edguez<\/figcaption><\/figure>\n\n\n\n<p class=\"has-vivid-red-color has-text-color has-medium-font-size\"><strong>EMIR OLIVARES \/ ALONSO URRUTIA \/ LA JORNADA<\/strong><\/p>\n\n\n\n<p><em>Ciudad de M\u00e9xico.<\/em>\u00a0En esencia, la intenci\u00f3n de enviar 20 iniciativas de reforma constitucional al Congreso de la Uni\u00f3n es \u2014en caso que sean aprobadas\u2014 devolver a la Constituci\u00f3n de 1917 \u201ctoda su dignidad, su humanismo y su grandeza\u201d, plante\u00f3 el presidente Andr\u00e9s Manuel L\u00f3pez Obrador.<\/p>\n\n\n\n<p>Desde el Recinto Parlamentario de Palacio Nacional, el mandatario cerr\u00f3 su discurso de exposici\u00f3n de las reformas planteadas subrayando que \u00e9stas buscan que si en un futuro \u201clos reaccionarios\u201d regresaran al poder, les sea imposible cancelar los beneficios que conlleva su veintena de propuestas.<\/p>\n\n\n\n<p>Refiri\u00f3 que las normas a la Constituci\u00f3n y nuevos derechos que dio a conocer esta tarde buscan reencauzar la vida p\u00fablica por la senda de la libertad, la justicia y la democracia, \u201ccomo lo demandaron y exigieron con sus luchas, nuestros antepasados y sus abnegados dirigentes\u201d.<\/p>\n\n\n\n<p>Y advirti\u00f3: \u201cNo olvidemos que si por nuestros errores, desidia o desviaciones, y vali\u00e9ndose del dinero y la manipulaci\u00f3n que llevan a cabo en los medios de manipulaci\u00f3n, que no de informaci\u00f3n, los reaccionarios logran regresar al poder, que sea mucho lo que tengan que echar atr\u00e1s, y que la regresi\u00f3n les resulte muy dif\u00edcil, ardua, hasta el punto que les sea imposible el cancelar los beneficios que estamos estableciendo en bien del pueblo.<\/p>\n\n\n\n<p>\u201cY que con esa certeza, si (en ese momento toc\u00f3 con sus nudillos la madera del atril desde el que hablaba) regresan los corruptos, las nuevas generaciones puedan, llegando el momento, recuperar el camino de la justicia, la paz, la democracia y la soberan\u00eda. Pero no se malinterprete, no estoy hablando del futuro inmediato, hasta donde alcanzamos a ver y a o\u00edr en la calle, el porvenir vendr\u00e1 acompa\u00f1ado de la justicia\u201d.<\/p>\n\n\n\n<p>Dijo que su reflexi\u00f3n va m\u00e1s all\u00e1 de los pr\u00f3ximos a\u00f1os, pues nada en pol\u00edtica es eterno. \u201cEn la democracia se gana o se pierde y el pueblo es el que manda y si se equivoca vuelve a mandar\u201d.<\/p>\n\n\n\n<p>El jefe del Ejecutivo se\u00f1al\u00f3 que sus propuestas son, \u201ca todas luces\u201d, distintas y contrapuestas a las reformas que se aprobaron durante los 36 a\u00f1os del r\u00e9gimen neoliberal, cuando \u201cjam\u00e1s en ese oscuro periodo se pens\u00f3 en beneficiar al pueblo, sino fundamentalmente en ajustar el marco legal para facilitar el despojo, la corrupci\u00f3n y la entrega de bienes del pueblo y de la naci\u00f3n a una minor\u00eda\u201d.<\/p>\n\n\n\n<p>Subray\u00f3 que nunca en las m\u00e1s tres d\u00e9cadas \u201cde dominio olig\u00e1rquico\u201d se reformaron los art\u00edculos de la Constituci\u00f3n para procurar la justicia. \u201cNo hay nada que lo demuestre, todo lo aprobado por los legisladores en ese largo y nefasto periodo tuvo como distintivo el af\u00e1n de lucro y el desprecio por las mayor\u00edas\u201d.<\/p>\n\n\n\n<p>Hoy, asever\u00f3, se vive otro momento hist\u00f3rico en el pa\u00eds, y en caso de no actuar consecuentemente con los principios e ideales de los h\u00e9roes y m\u00e1rtires nacionales, \u201cnos juzgar\u00eda mal la historia\u201d.<\/p>\n\n\n\n<p>Se dijo consciente que el \u00e9xito de la transformaci\u00f3n en marcha no depende exclusivamente de las reformas a la Constituci\u00f3n y a las leyes, sino que hay otros elementos fundamentales, como el cambio de mentalidad del pueblo, \u201clo cual en buena medida hemos conseguido entre todos y desde abajo, y que conocemos como la revoluci\u00f3n de las conciencias, porque de ello depende en mucho evitar cualquier retroceso antipopular en el futuro\u201d.<\/p>\n\n\n\n<p>Refiri\u00f3 que el movimiento que encabeza predica y gobierna \u201ccon el ejemplo\u201d y ha dejado de manifiesto \u201cque somos partidarios del humanismo\u201d.<\/p>\n\n\n\n<p>Sin embargo, advirti\u00f3 que ser\u00eda un error que hubiera confianza y se deje pasar la oportunidad hist\u00f3rica \u201cpara hacer todo lo que est\u00e9 a nuestro alcance con el prop\u00f3sito de alcanzar valores, ideales, y volver a imprimirle a la Constituci\u00f3n su car\u00e1cter democr\u00e1tico y, sobre todo, eminentemente social\u201d.<\/p>\n\n\n\n<p>El Presidente exhort\u00f3 a quienes forman parte de su movimiento a seguir avanzando y no dejar de luchar un solo d\u00eda. \u201cPensemos siempre que nuestros esfuerzos y fatigas de la actualidad, fatigas de hoy, significan construir la defensa de lo alcanzado en beneficio de las nuevas generaciones, no perder el tiempo, no caer en el inmovilismo\u201d<\/p>\n\n\n\n<p>Finalmente, se\u00f1al\u00f3: \u201cEn s\u00edntesis, mi propuesta es que nuestra generaci\u00f3n honre el legado del Constituyente del 1917, de \u00e9l recibimos una carta magna y a pesar de las graves adulteraciones que sufri\u00f3 durante el neoliberalismo, nos ha resultado fundamental para recuperar el pa\u00eds, limpiar la podredumbre de las instituciones y reorientar al Estado para ponerlo al servicio del pueblo.<\/p>\n\n\n\n<p>\u201cGracias a nuestra Constituci\u00f3n de 1917 hemos podido emprender esta haza\u00f1a nacional en forma pac\u00edfica y democr\u00e1tica, y ahora es justo y necesario, como nuestra aportaci\u00f3n a la historia y a las nuevas generaciones: que le devolvamos a la Constituci\u00f3n del 17 toda su dignidad, su humanismo y su grandeza. \u00a1Que viva la Constituci\u00f3n de 1824, que viva la Constituci\u00f3n de 1857, que viva la Constituci\u00f3n de 1917. Viva la transformaci\u00f3n, viva M\u00e9xico, viva M\u00e9xico, viva M\u00e9xico\u201d, cerr\u00f3.<\/p>\n\n\n\n<p>Fuente: <a href=\"https:\/\/www.jornada.com.mx\/noticia\/2024\/02\/05\/politica\/devolverle-a-la-constitucion-su-dignidad-humanismo-y-franqueza-amlo-9859\">https:\/\/www.jornada.com.mx\/noticia\/2024\/02\/05\/politica\/devolverle-a-la-constitucion-su-dignidad-humanismo-y-franqueza-amlo-9859<\/a><\/p>\n","protected":false},"excerpt":{"rendered":"<p>EMIR OLIVARES \/ ALONSO URRUTIA \/ LA JORNADA Ciudad de M\u00e9xico.\u00a0En esencia, la intenci\u00f3n de enviar 20 iniciativas de reforma [&hellip;]<\/p>\n","protected":false},"author":1,"featured_media":67774,"comment_status":"open","ping_status":"open","sticky":false,"template":"","format":"standard","meta":{"site-sidebar-layout":"default","site-content-layout":"","ast-site-content-layout":"default","site-content-style":"default","site-sidebar-style":"default","ast-global-header-display":"","ast-banner-title-visibility":"","ast-main-header-display":"","ast-hfb-above-header-display":"","ast-hfb-below-header-display":"","ast-hfb-mobile-header-display":"","site-post-title":"","ast-breadcrumbs-content":"","ast-featured-img":"","footer-sml-layout":"","theme-transparent-header-meta":"","adv-header-id-meta":"","stick-header-meta":"","header-above-stick-meta":"","header-main-stick-meta":"","header-below-stick-meta":"","astra-migrate-meta-layouts":"default","ast-page-background-enabled":"default","ast-page-background-meta":{"desktop":{"background-color":"var(--ast-global-color-4)","background-image":"","background-repeat":"repeat","background-position":"center center","background-size":"auto","background-attachment":"scroll","background-type":"","background-media":"","overlay-type":"","overlay-color":"","overlay-opacity":"","overlay-gradient":""},"tablet":{"background-color":"","background-image":"","background-repeat":"repeat","background-position":"center center","background-size":"auto","background-attachment":"scroll","background-type":"","background-media":"","overlay-type":"","overlay-color":"","overlay-opacity":"","overlay-gradient":""},"mobile":{"background-color":"","background-image":"","background-repeat":"repeat","background-position":"center center","background-size":"auto","background-attachment":"scroll","background-type":"","background-media":"","overlay-type":"","overlay-color":"","overlay-opacity":"","overlay-gradient":""}},"ast-content-background-meta":{"desktop":{"background-color":"var(--ast-global-color-5)","background-image":"","background-repeat":"repeat","background-position":"center center","background-size":"auto","background-attachment":"scroll","background-type":"","background-media":"","overlay-type":"","overlay-color":"","overlay-opacity":"","overlay-gradient":""},"tablet":{"background-color":"var(--ast-global-color-5)","background-image":"","background-repeat":"repeat","background-position":"center center","background-size":"auto","background-attachment":"scroll","background-type":"","background-media":"","overlay-type":"","overlay-color":"","overlay-opacity":"","overlay-gradient":""},"mobile":{"background-color":"var(--ast-global-color-5)","background-image":"","background-repeat":"repeat","background-position":"center center","background-size":"auto","background-attachment":"scroll","background-type":"","background-media":"","overlay-type":"","overlay-color":"","overlay-opacity":"","overlay-gradient":""}},"footnotes":""},"categories":[8],"tags":[199,22076,2186,1136],"class_list":["post-67773","post","type-post","status-publish","format-standard","has-post-thumbnail","hentry","category-noticias","tag-amlo","tag-constitucion-reforma","tag-diputados-plurinominales","tag-scjn"],"_links":{"self":[{"href":"https:\/\/losperiodistas.com.mx\/portal\/wp-json\/wp\/v2\/posts\/67773","targetHints":{"allow":["GET"]}}],"collection":[{"href":"https:\/\/losperiodistas.com.mx\/portal\/wp-json\/wp\/v2\/posts"}],"about":[{"href":"https:\/\/losperiodistas.com.mx\/portal\/wp-json\/wp\/v2\/types\/post"}],"author":[{"embeddable":true,"href":"https:\/\/losperiodistas.com.mx\/portal\/wp-json\/wp\/v2\/users\/1"}],"replies":[{"embeddable":true,"href":"https:\/\/losperiodistas.com.mx\/portal\/wp-json\/wp\/v2\/comments?post=67773"}],"version-history":[{"count":1,"href":"https:\/\/losperiodistas.com.mx\/portal\/wp-json\/wp\/v2\/posts\/67773\/revisions"}],"predecessor-version":[{"id":67775,"href":"https:\/\/losperiodistas.com.mx\/portal\/wp-json\/wp\/v2\/posts\/67773\/revisions\/67775"}],"wp:featuredmedia":[{"embeddable":true,"href":"https:\/\/losperiodistas.com.mx\/portal\/wp-json\/wp\/v2\/media\/67774"}],"wp:attachment":[{"href":"https:\/\/losperiodistas.com.mx\/portal\/wp-json\/wp\/v2\/media?parent=67773"}],"wp:term":[{"taxonomy":"category","embeddable":true,"href":"https:\/\/losperiodistas.com.mx\/portal\/wp-json\/wp\/v2\/categories?post=67773"},{"taxonomy":"post_tag","embeddable":true,"href":"https:\/\/losperiodistas.com.mx\/portal\/wp-json\/wp\/v2\/tags?post=67773"}],"curies":[{"name":"wp","href":"https:\/\/api.w.org\/{rel}","templated":true}]}}