{"id":67763,"date":"2024-02-05T10:19:44","date_gmt":"2024-02-05T16:19:44","guid":{"rendered":"https:\/\/losperiodistas.com.mx\/portal\/?p=67763"},"modified":"2024-02-05T10:58:05","modified_gmt":"2024-02-05T16:58:05","slug":"alves-pide-anular-su-juicio-por-violacion-por-vulneracion-de-derechos-abc","status":"publish","type":"post","link":"https:\/\/losperiodistas.com.mx\/portal\/alves-pide-anular-su-juicio-por-violacion-por-vulneracion-de-derechos-abc\/","title":{"rendered":"Alves pide anular su juicio por violaci\u00f3n por vulneraci\u00f3n de derechos | ABC"},"content":{"rendered":"\n<h2 class=\"has-background has-medium-font-size wp-block-heading\" style=\"background-color:#f561f3\">La defensa del brasile\u00f1o reprocha el juicio paralelo y las \u00abfiltraciones\u00bb as\u00ed como una investigaci\u00f3n \u00aba sus espaldas\u00bb<\/h2>\n\n\n\n<figure class=\"wp-block-image size-large\"><img fetchpriority=\"high\" decoding=\"async\" width=\"1024\" height=\"717\" src=\"https:\/\/losperiodistas.com.mx\/portal\/wp-content\/uploads\/2024\/02\/EuropaPress_5739150_exfutbolista_dani_alves_juicio_audiencia_barcelona_febrero_2024_barcelona-RK110N0AhAcYOjqFeuwGxmL-1200x840@abc-1024x717.jpg\" alt=\"\" class=\"wp-image-67764\" srcset=\"https:\/\/losperiodistas.com.mx\/portal\/wp-content\/uploads\/2024\/02\/EuropaPress_5739150_exfutbolista_dani_alves_juicio_audiencia_barcelona_febrero_2024_barcelona-RK110N0AhAcYOjqFeuwGxmL-1200x840@abc-1024x717.jpg 1024w, https:\/\/losperiodistas.com.mx\/portal\/wp-content\/uploads\/2024\/02\/EuropaPress_5739150_exfutbolista_dani_alves_juicio_audiencia_barcelona_febrero_2024_barcelona-RK110N0AhAcYOjqFeuwGxmL-1200x840@abc-300x210.jpg 300w, https:\/\/losperiodistas.com.mx\/portal\/wp-content\/uploads\/2024\/02\/EuropaPress_5739150_exfutbolista_dani_alves_juicio_audiencia_barcelona_febrero_2024_barcelona-RK110N0AhAcYOjqFeuwGxmL-1200x840@abc-768x538.jpg 768w, https:\/\/losperiodistas.com.mx\/portal\/wp-content\/uploads\/2024\/02\/EuropaPress_5739150_exfutbolista_dani_alves_juicio_audiencia_barcelona_febrero_2024_barcelona-RK110N0AhAcYOjqFeuwGxmL-1200x840@abc.jpg 1200w\" sizes=\"(max-width: 1024px) 100vw, 1024px\" \/><figcaption>El futbolista brasile\u00f1o Dani Alves, en el banquillo de la Audiencia de Barcelona, durante el primer d\u00eda del juicio&nbsp;EP<\/figcaption><\/figure>\n\n\n\n<p class=\"has-vivid-red-color has-text-color has-medium-font-size\"><strong>ELENA BUR\u00c9S \/ ABC<\/strong><\/p>\n\n\n\n<p>Con media hora de retraso y evitando el recorrido habitual de cualquier otro preso com\u00fan,&nbsp;<strong>Dani Alves<\/strong>&nbsp;llegaba a la&nbsp;<a href=\"https:\/\/www.abc.es\/deportes\/alves-pide-anular-juicio-violacion-vulneracion-derechos-20240205134854-nt.html\">Audiencia de Barcelona<\/a>&nbsp;este lunes, para afrontar el primer d\u00eda de<strong>&nbsp;juicio por la violaci\u00f3n a una joven<\/strong>&nbsp;en una discoteca de Barcelona, la madrugada del 30 al 31 de diciembre de 2022. Ataviado con camisa blanca, pantalones vaqueros y deportivas, tambi\u00e9n blancas, se sentaba en el banquillo. En ocasiones, la mayor\u00eda, cabizbajo, escuchando como su defensa solicitaba, durante las cuestiones previas, la suspensi\u00f3n del juicio, al considerar que se hab\u00edan vulnerado los derechos de su cliente. Entre otros argumentos, al entender su abogada In\u00e9s Guardiola que \u00abse le impidi\u00f3 el acceso a las actuaciones\u00bb y que \u00abse inici\u00f3 una investigaci\u00f3n policial sin su conocimiento, priv\u00e1ndole de hechos de prueba\u00bb.<\/p>\n\n\n\n<p>Seg\u00fan ha detallado la abogada, fue el director de la discoteca quien \u00abcomunic\u00f3 a los Mossos la identidad del autor,&nbsp;<strong>Dani Alves<\/strong>\u00bb, de la presunta agresi\u00f3n sexual. Y es que el mismo 31 de diciembre el caso lleg\u00f3 al juzgado, pero la&nbsp;<strong>v\u00edctima a\u00fan no hab\u00eda formalizado la denuncia<\/strong>&nbsp;-en un inicio no quer\u00eda hacerlo porque ten\u00eda miedo de que no la creyesen, ha recordado la fiscal-. Seg\u00fan Guardiola, los Mossos lo investigaron, presentando \u00abingente informaci\u00f3n\u00bb ante el juzgado, pero sin notific\u00e1rselo a Alves, al no ostentar \u00abformalmente la condici\u00f3n de investigado\u00bb. Ha sostenido as\u00ed la defensa que, tras neg\u00e1rsele el acceso a la informaci\u00f3n, el 20 de enero fue detenido y, posteriormente, entr\u00f3 en&nbsp;<strong>prisi\u00f3n provisional<\/strong>, donde se encuentra desde entonces.<\/p>\n\n\n\n<p>Seg\u00fan la abogada, Alves no sab\u00eda nada que lo estaban investigando, a pesar de que el mismo 31 de diciembre, horas despu\u00e9s de la supuesta agresi\u00f3n, su representante, preguntando por este diario, apunt\u00f3 a ABC que el brasile\u00f1o hab\u00eda estado en el local, Sutton, pero \u00abdurante poco rato\u00bb y que \u00aball\u00ed no pas\u00f3 nada\u00bb. Es decir, desde la fecha de los hechos, el futbolista sab\u00eda que los Mossos lo investigaban por agresi\u00f3n sexual, tal y como avanz\u00f3 este diario. Seg\u00fan Guardiola, no fue hasta el 17 de enero cuando Alves \u00abse enter\u00f3 por la prensa\u00bb.<\/p>\n\n\n\n<p>Esa fecha, el brasile\u00f1o decidi\u00f3 \u00abcomparecer\u00bb ante la Unidad Central de Agresiones Sexuales (UCAS), algo que hice tres d\u00edas m\u00e1s tarde, cuando fue detenido. Como primera vulneraci\u00f3n, la defensa ha aludido a la falta de acceso a los autos de prueba. Tambi\u00e9n a la \u00abcampa\u00f1a medi\u00e1tica y el sometimiento tendencioso de informaci\u00f3n\u00bb en este caso, con un \u00abjuicio paralelo y filtraciones\u00bb. Guardiola tambi\u00e9n ha alegado falta de imparcialidad en la instrucci\u00f3n, al entender que varios de los autos hacen referencia a manifestaciones de Alves en medios de comunicaci\u00f3n. Tambi\u00e9n a sus diferentes versiones -hasta cinco-, pese a que \u00e9ste solo declar\u00f3 dos veces ante la juez.<\/p>\n\n\n\n<p>NOTICIA RELACIONADA<\/p>\n\n\n\n<figure class=\"wp-block-image\"><a href=\"https:\/\/www.abc.es\/deportes\/victima-amiga-tras-presunta-violacion-alves-dano-20240205152144-nt.html#vca=modulo-rel-uno&amp;vso=abc&amp;vmc=noticias-rel&amp;vli=deportes\"><img decoding=\"async\" src=\"https:\/\/s2.abcstatics.com\/abc\/www\/multimedia\/deportes\/2024\/02\/05\/DAMBin_20240205152031-U21411136038GyQ-366x256@abc.jpg\" alt=\"La v\u00edctima a su amiga, tras la presunta violaci\u00f3n de Alves: \u00abMe ha hecho mucho da\u00f1o\u00bb\"\/><\/a><\/figure>\n\n\n\n<h3 class=\"wp-block-heading\"><a href=\"https:\/\/www.abc.es\/deportes\/victima-amiga-tras-presunta-violacion-alves-dano-20240205152144-nt.html#vca=modulo-rel-uno&amp;vso=abc&amp;vmc=noticias-rel&amp;vli=deportes\">La v\u00edctima a su amiga, tras la presunta violaci\u00f3n de Alves: \u00abMe ha hecho mucho da\u00f1o\u00bb<\/a><\/h3>\n\n\n\n<p>ELENA BUR\u00c9S<\/p>\n\n\n\n<p>La acompa\u00f1ante de la joven relata que \u00e9sta no quer\u00eda denunciar y que ten\u00eda p\u00e1nico a que no la creyesen<\/p>\n\n\n\n<p>La falta de \u00abun juez imparcial merma el derecho de defensa y debe comportar la&nbsp;<strong>nulidad del auto prisi\u00f3n y puesta en libertad de mi defendido<\/strong>\u00bb, ha sostenido ante la sala, donde tambi\u00e9n ha protestado porque la declaraci\u00f3n de la denunciante, que ha comenzado sobre la una de la tarde, se haga a puerta cerrada, evitando la confrontaci\u00f3n visual con el acusado. Adem\u00e1s, la grabaci\u00f3n de la declaraci\u00f3n se har\u00e1, a decisi\u00f3n del tribunal con la imagen pixelada y la voz distorsionada. Una decisi\u00f3n que para la letrada \u00abahonda en el trato injusto al investigado, vulnerado el principio de igualdad de armas\u00bb.<\/p>\n\n\n\n<p>Tambi\u00e9n ha esgrimido que la capacidad econ\u00f3mica de su defendido -uno de los argumentos para sustentar el riesgo de fuga, por el que se deneg\u00f3 su libertad provisional- \u00abse ha visto mermada\u00bb. De hecho, ha apuntado que su saldo en el banco de Brasil es negativo en 20.000 euros. De todas sus peticiones, la \u00fanica que ha aceptado el tribunal de la Secci\u00f3n 21 es la de que Alves declare en \u00faltimo lugar -previsiblemente, el mi\u00e9rcoles, 7 de febrero- para que pueda conocer as\u00ed todos los testimonios y pruebas que se expongan en la sala.<\/p>\n\n\n\n<h3 class=\"wp-block-heading\">De baja<\/h3>\n\n\n\n<p>En cuanto a las peticiones de la acusaci\u00f3n particular, que ejerce Ester Garc\u00eda, el tribunal ha aceptado nueva documental, entre estas, la que hace referencia a que&nbsp;<strong>la denunciante se encuentra de baja por el impacto emocional de la agresi\u00f3n sexual<\/strong>. No as\u00ed la denuncia contra la madre de Alves por difundir a trav\u00e9s de redes sociales la imagen e identidad de la v\u00edctima.<\/p>\n\n\n\n<p>Tanto la fiscal como Garcia han rechazado que se haya vulnerado ning\u00fan derecho del acusado, algo en lo que ha coincidido el tribunal al proseguir con la vista. \u00abNo se observa ninguna anomal\u00eda que indique indefensi\u00f3n\u00bb y que, por tanto \u00abimpida seguir el juicio\u00bb contra el exlateral del F. C. Barcelona, ha apuntando la magistrada presidenta del tribunal. Cerca de la una de la tarde comenzaba la declaraci\u00f3n de la denunciante, a puerta cerrada.<\/p>\n\n\n\n<p>Fuente: <a href=\"https:\/\/www.abc.es\/deportes\/alves-pide-anular-juicio-violacion-vulneracion-derechos-20240205134854-nt.html\">https:\/\/www.abc.es\/deportes\/alves-pide-anular-juicio-violacion-vulneracion-derechos-20240205134854-nt.html<\/a><\/p>\n","protected":false},"excerpt":{"rendered":"<p>La defensa del brasile\u00f1o reprocha el juicio paralelo y las \u00abfiltraciones\u00bb as\u00ed como una investigaci\u00f3n \u00aba sus espaldas\u00bb ELENA BUR\u00c9S [&hellip;]<\/p>\n","protected":false},"author":1,"featured_media":67764,"comment_status":"open","ping_status":"open","sticky":false,"template":"","format":"standard","meta":{"site-sidebar-layout":"default","site-content-layout":"","ast-site-content-layout":"default","site-content-style":"default","site-sidebar-style":"default","ast-global-header-display":"","ast-banner-title-visibility":"","ast-main-header-display":"","ast-hfb-above-header-display":"","ast-hfb-below-header-display":"","ast-hfb-mobile-header-display":"","site-post-title":"","ast-breadcrumbs-content":"","ast-featured-img":"","footer-sml-layout":"","theme-transparent-header-meta":"","adv-header-id-meta":"","stick-header-meta":"","header-above-stick-meta":"","header-main-stick-meta":"","header-below-stick-meta":"","astra-migrate-meta-layouts":"default","ast-page-background-enabled":"default","ast-page-background-meta":{"desktop":{"background-color":"var(--ast-global-color-4)","background-image":"","background-repeat":"repeat","background-position":"center center","background-size":"auto","background-attachment":"scroll","background-type":"","background-media":"","overlay-type":"","overlay-color":"","overlay-opacity":"","overlay-gradient":""},"tablet":{"background-color":"","background-image":"","background-repeat":"repeat","background-position":"center center","background-size":"auto","background-attachment":"scroll","background-type":"","background-media":"","overlay-type":"","overlay-color":"","overlay-opacity":"","overlay-gradient":""},"mobile":{"background-color":"","background-image":"","background-repeat":"repeat","background-position":"center center","background-size":"auto","background-attachment":"scroll","background-type":"","background-media":"","overlay-type":"","overlay-color":"","overlay-opacity":"","overlay-gradient":""}},"ast-content-background-meta":{"desktop":{"background-color":"var(--ast-global-color-5)","background-image":"","background-repeat":"repeat","background-position":"center center","background-size":"auto","background-attachment":"scroll","background-type":"","background-media":"","overlay-type":"","overlay-color":"","overlay-opacity":"","overlay-gradient":""},"tablet":{"background-color":"var(--ast-global-color-5)","background-image":"","background-repeat":"repeat","background-position":"center center","background-size":"auto","background-attachment":"scroll","background-type":"","background-media":"","overlay-type":"","overlay-color":"","overlay-opacity":"","overlay-gradient":""},"mobile":{"background-color":"var(--ast-global-color-5)","background-image":"","background-repeat":"repeat","background-position":"center center","background-size":"auto","background-attachment":"scroll","background-type":"","background-media":"","overlay-type":"","overlay-color":"","overlay-opacity":"","overlay-gradient":""}},"footnotes":""},"categories":[8],"tags":[15200,22075,6388],"class_list":["post-67763","post","type-post","status-publish","format-standard","has-post-thumbnail","hentry","category-noticias","tag-dani-alves","tag-juicio-futbolista","tag-violacion"],"_links":{"self":[{"href":"https:\/\/losperiodistas.com.mx\/portal\/wp-json\/wp\/v2\/posts\/67763","targetHints":{"allow":["GET"]}}],"collection":[{"href":"https:\/\/losperiodistas.com.mx\/portal\/wp-json\/wp\/v2\/posts"}],"about":[{"href":"https:\/\/losperiodistas.com.mx\/portal\/wp-json\/wp\/v2\/types\/post"}],"author":[{"embeddable":true,"href":"https:\/\/losperiodistas.com.mx\/portal\/wp-json\/wp\/v2\/users\/1"}],"replies":[{"embeddable":true,"href":"https:\/\/losperiodistas.com.mx\/portal\/wp-json\/wp\/v2\/comments?post=67763"}],"version-history":[{"count":2,"href":"https:\/\/losperiodistas.com.mx\/portal\/wp-json\/wp\/v2\/posts\/67763\/revisions"}],"predecessor-version":[{"id":67767,"href":"https:\/\/losperiodistas.com.mx\/portal\/wp-json\/wp\/v2\/posts\/67763\/revisions\/67767"}],"wp:featuredmedia":[{"embeddable":true,"href":"https:\/\/losperiodistas.com.mx\/portal\/wp-json\/wp\/v2\/media\/67764"}],"wp:attachment":[{"href":"https:\/\/losperiodistas.com.mx\/portal\/wp-json\/wp\/v2\/media?parent=67763"}],"wp:term":[{"taxonomy":"category","embeddable":true,"href":"https:\/\/losperiodistas.com.mx\/portal\/wp-json\/wp\/v2\/categories?post=67763"},{"taxonomy":"post_tag","embeddable":true,"href":"https:\/\/losperiodistas.com.mx\/portal\/wp-json\/wp\/v2\/tags?post=67763"}],"curies":[{"name":"wp","href":"https:\/\/api.w.org\/{rel}","templated":true}]}}