{"id":67760,"date":"2024-02-05T09:56:32","date_gmt":"2024-02-05T15:56:32","guid":{"rendered":"https:\/\/losperiodistas.com.mx\/portal\/?p=67760"},"modified":"2024-02-05T09:56:34","modified_gmt":"2024-02-05T15:56:34","slug":"opinion-monologos-de-menade-mas-malas-noticias-para-eduardo-rivera","status":"publish","type":"post","link":"https:\/\/losperiodistas.com.mx\/portal\/opinion-monologos-de-menade-mas-malas-noticias-para-eduardo-rivera\/","title":{"rendered":"Opini\u00f3n | Mon\u00f3logos de M\u00e9nade: M\u00e1s malas noticias para Eduardo Rivera"},"content":{"rendered":"\n<p class=\"has-medium-font-size\">Hay m\u00e1s malas noticias en el futuro de Eduardo Rivera y no es un tema de clarividencia, es un tema de comprobaci\u00f3n de cuentas.<\/p>\n\n\n\n<figure class=\"wp-block-image size-large\"><img fetchpriority=\"high\" decoding=\"async\" width=\"1024\" height=\"576\" src=\"https:\/\/losperiodistas.com.mx\/portal\/wp-content\/uploads\/2024\/02\/Mas-malas-noticias-para-Eduardo-Rivera-1024x576.jpg\" alt=\"\" class=\"wp-image-67761\" srcset=\"https:\/\/losperiodistas.com.mx\/portal\/wp-content\/uploads\/2024\/02\/Mas-malas-noticias-para-Eduardo-Rivera-1024x576.jpg 1024w, https:\/\/losperiodistas.com.mx\/portal\/wp-content\/uploads\/2024\/02\/Mas-malas-noticias-para-Eduardo-Rivera-300x169.jpg 300w, https:\/\/losperiodistas.com.mx\/portal\/wp-content\/uploads\/2024\/02\/Mas-malas-noticias-para-Eduardo-Rivera-768x432.jpg 768w, https:\/\/losperiodistas.com.mx\/portal\/wp-content\/uploads\/2024\/02\/Mas-malas-noticias-para-Eduardo-Rivera.jpg 1200w\" sizes=\"(max-width: 1024px) 100vw, 1024px\" \/><\/figure>\n\n\n\n<p><\/p>\n\n\n\n<p class=\"has-vivid-red-color has-text-color\" style=\"font-size:26px\"><strong><em>Por Itandehui Rodr\u00edguez Mart\u00ednez<\/em><\/strong><\/p>\n\n\n\n<p>@Itandehui_RoMa<\/p>\n\n\n\n<p>\u00a1Ay, pero qu\u00e9 calamidad!\u00a0<a href=\"https:\/\/www.apartadomex.com\/opinion\/monologos-de-menade\/el-costo-de-las-vacaciones-de-eduardo-rivara\/30769\/\">No debe ser nada sencillo ver c\u00f3mo se le van los aliados a Morena, aunque tampoco est\u00e1 haciendo mucho por retenerlos<\/a>. Debe ser muy complicado saber que la diferencia que lo separa en las preferencias electorales se ampl\u00eda y se ampl\u00eda y que Alejandro Armenta va en caballo de hacienda. Pero aqu\u00ed no acaba el problema, vienen m\u00e1s malas noticias para Eduardo Rivera.<\/p>\n\n\n\n<p>As\u00ed como lo leen, vienen m\u00e1s malas noticias para el exalcalde.<\/p>\n\n\n\n<p>\u00bfC\u00f3mo?<\/p>\n\n\n\n<p>Pues s\u00ed, es que no le salen las cuentas.<\/p>\n\n\n\n<p>\u00bfCu\u00e1ndo?<\/p>\n\n\n\n<p>En marzo.<\/p>\n\n\n\n<p>\u00bfD\u00f3nde?<\/p>\n\n\n\n<p>En su casa, bueno, la que fue su casa hasta hace unas semanas, en el Sal\u00f3n de Cabildos del Palacio Municipal, para ser exactos.<\/p>\n\n\n\n<p>Ah\u00ed es d\u00f3nde no le van a salir las cuentas.<\/p>\n\n\n\n<p>\u00bfPor qu\u00e9?<\/p>\n\n\n\n<p>Les explico, en marzo se votar\u00e1n las cuentas p\u00fablicas del ejercicio 2023. Pero, \u00bfcu\u00e1l es el problema?<\/p>\n\n\n\n<p>Pues el problema es que varios regidores est\u00e1n enojados con \u00e9l por los acuerdos que gener\u00f3 para ceder distritos al PRI, PRD y PSI. Porque a\u00fan sabiendo que ellos estaban haciendo trabajo en tierra y d\u00f3nde, entreg\u00f3 esos distritos a los aliados.<\/p>\n\n\n\n<p>Cuando inviertes tiempo, dinero y esfuerzo y qui\u00e9n se supone, debe considerar eso para negociar con sus aliados, no lo hace, cualquiera se enoja.<\/p>\n\n\n\n<p>Pero volvamos a las cuentas.<br><br>La aprobaci\u00f3n de las cuentas p\u00fablicas requiere de la votaci\u00f3n a favor de dos terceras partes del Cabildo.<\/p>\n\n\n\n<p>Con seguridad los regidores de oposici\u00f3n votar\u00e1n en contra, as\u00ed que necesitan solo de dos de los regidores de Acci\u00f3n Nacional, PRD o PRI para que no pasen las dichosas cuentas.<\/p>\n\n\n\n<p>El problema es que no son solo dos los regidores molestos con el expresidente municipal, son cinco cuando menos, aunque podr\u00edan ser seis. Una o uno, por cierto, pertenece al Yunque.<\/p>\n\n\n\n<p>El esc\u00e1ndalo podr\u00eda ser MAY\u00daSCULO si no se ponen a operar a la brevedad.<\/p>\n\n\n\n<p>Y es que las cosas no andan bien, ya que hay muchas, muchas observaciones.<\/p>\n\n\n\n<p>Uno de los presupuestos para el que se vot\u00f3 la mayor ampliaci\u00f3n presupuestal est\u00e1 observado, nada m\u00e1s y nada menos que por la Auditor\u00eda Superior de la Federaci\u00f3n.<\/p>\n\n\n\n<p>Seguramente Ustedes dir\u00e1n que las observaciones de la ASF son el pan nuestro de cada d\u00eda, el problema es que no es una, ni dos observaciones, ni tres, \u00a1es todo el presupuesto del ejercicio anterior!<\/p>\n\n\n\n<p>\u00bfEs grave? \u00a1No! \u00a1Es grav\u00edsimo! Esto podr\u00eda traer repercuciones hasta penales para algunos de los involucrados.<\/p>\n\n\n\n<p>El reloj juega en contra y la falta de cumplimiento de los acuerdos, peor.<\/p>\n\n\n\n<p>Es as\u00ed como se avecinan m\u00e1s malas noticias para Eduardo Rivera.<\/p>\n","protected":false},"excerpt":{"rendered":"<p>Hay m\u00e1s malas noticias en el futuro de Eduardo Rivera y no es un tema de clarividencia, es un tema [&hellip;]<\/p>\n","protected":false},"author":1,"featured_media":67761,"comment_status":"open","ping_status":"open","sticky":false,"template":"","format":"standard","meta":{"site-sidebar-layout":"default","site-content-layout":"","ast-site-content-layout":"default","site-content-style":"default","site-sidebar-style":"default","ast-global-header-display":"","ast-banner-title-visibility":"","ast-main-header-display":"","ast-hfb-above-header-display":"","ast-hfb-below-header-display":"","ast-hfb-mobile-header-display":"","site-post-title":"","ast-breadcrumbs-content":"","ast-featured-img":"","footer-sml-layout":"","theme-transparent-header-meta":"","adv-header-id-meta":"","stick-header-meta":"","header-above-stick-meta":"","header-main-stick-meta":"","header-below-stick-meta":"","astra-migrate-meta-layouts":"default","ast-page-background-enabled":"default","ast-page-background-meta":{"desktop":{"background-color":"var(--ast-global-color-4)","background-image":"","background-repeat":"repeat","background-position":"center center","background-size":"auto","background-attachment":"scroll","background-type":"","background-media":"","overlay-type":"","overlay-color":"","overlay-opacity":"","overlay-gradient":""},"tablet":{"background-color":"","background-image":"","background-repeat":"repeat","background-position":"center center","background-size":"auto","background-attachment":"scroll","background-type":"","background-media":"","overlay-type":"","overlay-color":"","overlay-opacity":"","overlay-gradient":""},"mobile":{"background-color":"","background-image":"","background-repeat":"repeat","background-position":"center center","background-size":"auto","background-attachment":"scroll","background-type":"","background-media":"","overlay-type":"","overlay-color":"","overlay-opacity":"","overlay-gradient":""}},"ast-content-background-meta":{"desktop":{"background-color":"var(--ast-global-color-5)","background-image":"","background-repeat":"repeat","background-position":"center center","background-size":"auto","background-attachment":"scroll","background-type":"","background-media":"","overlay-type":"","overlay-color":"","overlay-opacity":"","overlay-gradient":""},"tablet":{"background-color":"var(--ast-global-color-5)","background-image":"","background-repeat":"repeat","background-position":"center center","background-size":"auto","background-attachment":"scroll","background-type":"","background-media":"","overlay-type":"","overlay-color":"","overlay-opacity":"","overlay-gradient":""},"mobile":{"background-color":"var(--ast-global-color-5)","background-image":"","background-repeat":"repeat","background-position":"center center","background-size":"auto","background-attachment":"scroll","background-type":"","background-media":"","overlay-type":"","overlay-color":"","overlay-opacity":"","overlay-gradient":""}},"footnotes":""},"categories":[8,22],"tags":[22074,8711,12115],"class_list":["post-67760","post","type-post","status-publish","format-standard","has-post-thumbnail","hentry","category-noticias","category-opinion-invitada","tag-centas-publicas","tag-elecciones-puebla-2024","tag-lalo-rivera"],"_links":{"self":[{"href":"https:\/\/losperiodistas.com.mx\/portal\/wp-json\/wp\/v2\/posts\/67760","targetHints":{"allow":["GET"]}}],"collection":[{"href":"https:\/\/losperiodistas.com.mx\/portal\/wp-json\/wp\/v2\/posts"}],"about":[{"href":"https:\/\/losperiodistas.com.mx\/portal\/wp-json\/wp\/v2\/types\/post"}],"author":[{"embeddable":true,"href":"https:\/\/losperiodistas.com.mx\/portal\/wp-json\/wp\/v2\/users\/1"}],"replies":[{"embeddable":true,"href":"https:\/\/losperiodistas.com.mx\/portal\/wp-json\/wp\/v2\/comments?post=67760"}],"version-history":[{"count":1,"href":"https:\/\/losperiodistas.com.mx\/portal\/wp-json\/wp\/v2\/posts\/67760\/revisions"}],"predecessor-version":[{"id":67762,"href":"https:\/\/losperiodistas.com.mx\/portal\/wp-json\/wp\/v2\/posts\/67760\/revisions\/67762"}],"wp:featuredmedia":[{"embeddable":true,"href":"https:\/\/losperiodistas.com.mx\/portal\/wp-json\/wp\/v2\/media\/67761"}],"wp:attachment":[{"href":"https:\/\/losperiodistas.com.mx\/portal\/wp-json\/wp\/v2\/media?parent=67760"}],"wp:term":[{"taxonomy":"category","embeddable":true,"href":"https:\/\/losperiodistas.com.mx\/portal\/wp-json\/wp\/v2\/categories?post=67760"},{"taxonomy":"post_tag","embeddable":true,"href":"https:\/\/losperiodistas.com.mx\/portal\/wp-json\/wp\/v2\/tags?post=67760"}],"curies":[{"name":"wp","href":"https:\/\/api.w.org\/{rel}","templated":true}]}}