{"id":67756,"date":"2024-02-05T09:47:43","date_gmt":"2024-02-05T15:47:43","guid":{"rendered":"https:\/\/losperiodistas.com.mx\/portal\/?p=67756"},"modified":"2024-02-05T09:47:45","modified_gmt":"2024-02-05T15:47:45","slug":"es-absolutamente-falso-que-haya-recibido-dinero-del-crimen-organizado-responde-nico-mollinedo-a-ciro-gomez-leyva","status":"publish","type":"post","link":"https:\/\/losperiodistas.com.mx\/portal\/es-absolutamente-falso-que-haya-recibido-dinero-del-crimen-organizado-responde-nico-mollinedo-a-ciro-gomez-leyva\/","title":{"rendered":"\u00abEs absolutamente falso que haya recibido dinero del crimen organizado\u00bb, responde Nico Mollinedo a Ciro G\u00f3mez Leyva"},"content":{"rendered":"\n<figure class=\"wp-block-image size-large\"><img fetchpriority=\"high\" decoding=\"async\" width=\"1024\" height=\"580\" src=\"https:\/\/losperiodistas.com.mx\/portal\/wp-content\/uploads\/2024\/02\/Captura-de-Pantalla-2024-02-05-a-las-9.40.41-1024x580.jpg\" alt=\"\" class=\"wp-image-67758\" srcset=\"https:\/\/losperiodistas.com.mx\/portal\/wp-content\/uploads\/2024\/02\/Captura-de-Pantalla-2024-02-05-a-las-9.40.41-1024x580.jpg 1024w, https:\/\/losperiodistas.com.mx\/portal\/wp-content\/uploads\/2024\/02\/Captura-de-Pantalla-2024-02-05-a-las-9.40.41-300x170.jpg 300w, https:\/\/losperiodistas.com.mx\/portal\/wp-content\/uploads\/2024\/02\/Captura-de-Pantalla-2024-02-05-a-las-9.40.41-768x435.jpg 768w, https:\/\/losperiodistas.com.mx\/portal\/wp-content\/uploads\/2024\/02\/Captura-de-Pantalla-2024-02-05-a-las-9.40.41.jpg 1066w\" sizes=\"(max-width: 1024px) 100vw, 1024px\" \/><figcaption>X: @CiroGomezL<\/figcaption><\/figure>\n\n\n\n<p class=\"has-vivid-red-color has-text-color has-medium-font-size\"><strong>TOMADO DE RADIO F\u00d3RMULA<\/strong><\/p>\n\n\n\n<p><\/p>\n\n\n\n<p>En entrevista con Ciro Gomez Leyva esta ma\u00f1ana del 5 de febrero, Nico Mollinedo quien fuera chofer personal del candidato Andr\u00e9s Manuel L\u00f3pez Obrador responde en amplia entrevista a los supuestos de que habr\u00eda recibido dinero de narcotr\u00e1fico para financiar la campa\u00f1a presidencial.<\/p>\n\n\n\n<p>Aqu\u00ed la entrevista completa subida a sus redes sociales:<\/p>\n\n\n\n<p><a href=\"https:\/\/x.com\/CiroGomezL\/status\/1754506166397264113?s=20\">https:\/\/x.com\/CiroGomezL\/status\/1754506166397264113?s=20<\/a><\/p>\n\n\n\n<p><\/p>\n","protected":false},"excerpt":{"rendered":"<p>TOMADO DE RADIO F\u00d3RMULA En entrevista con Ciro Gomez Leyva esta ma\u00f1ana del 5 de febrero, Nico Mollinedo quien fuera [&hellip;]<\/p>\n","protected":false},"author":1,"featured_media":67758,"comment_status":"open","ping_status":"open","sticky":false,"template":"","format":"standard","meta":{"site-sidebar-layout":"default","site-content-layout":"","ast-site-content-layout":"default","site-content-style":"default","site-sidebar-style":"default","ast-global-header-display":"","ast-banner-title-visibility":"","ast-main-header-display":"","ast-hfb-above-header-display":"","ast-hfb-below-header-display":"","ast-hfb-mobile-header-display":"","site-post-title":"","ast-breadcrumbs-content":"","ast-featured-img":"","footer-sml-layout":"","theme-transparent-header-meta":"","adv-header-id-meta":"","stick-header-meta":"","header-above-stick-meta":"","header-main-stick-meta":"","header-below-stick-meta":"","astra-migrate-meta-layouts":"default","ast-page-background-enabled":"default","ast-page-background-meta":{"desktop":{"background-color":"var(--ast-global-color-4)","background-image":"","background-repeat":"repeat","background-position":"center center","background-size":"auto","background-attachment":"scroll","background-type":"","background-media":"","overlay-type":"","overlay-color":"","overlay-opacity":"","overlay-gradient":""},"tablet":{"background-color":"","background-image":"","background-repeat":"repeat","background-position":"center center","background-size":"auto","background-attachment":"scroll","background-type":"","background-media":"","overlay-type":"","overlay-color":"","overlay-opacity":"","overlay-gradient":""},"mobile":{"background-color":"","background-image":"","background-repeat":"repeat","background-position":"center center","background-size":"auto","background-attachment":"scroll","background-type":"","background-media":"","overlay-type":"","overlay-color":"","overlay-opacity":"","overlay-gradient":""}},"ast-content-background-meta":{"desktop":{"background-color":"var(--ast-global-color-5)","background-image":"","background-repeat":"repeat","background-position":"center center","background-size":"auto","background-attachment":"scroll","background-type":"","background-media":"","overlay-type":"","overlay-color":"","overlay-opacity":"","overlay-gradient":""},"tablet":{"background-color":"var(--ast-global-color-5)","background-image":"","background-repeat":"repeat","background-position":"center center","background-size":"auto","background-attachment":"scroll","background-type":"","background-media":"","overlay-type":"","overlay-color":"","overlay-opacity":"","overlay-gradient":""},"mobile":{"background-color":"var(--ast-global-color-5)","background-image":"","background-repeat":"repeat","background-position":"center center","background-size":"auto","background-attachment":"scroll","background-type":"","background-media":"","overlay-type":"","overlay-color":"","overlay-opacity":"","overlay-gradient":""}},"footnotes":""},"categories":[8],"tags":[22073,22072],"class_list":["post-67756","post","type-post","status-publish","format-standard","has-post-thumbnail","hentry","category-noticias","tag-amlo-financiamiento-campanas-presidenciales","tag-nico-mollinedo"],"_links":{"self":[{"href":"https:\/\/losperiodistas.com.mx\/portal\/wp-json\/wp\/v2\/posts\/67756","targetHints":{"allow":["GET"]}}],"collection":[{"href":"https:\/\/losperiodistas.com.mx\/portal\/wp-json\/wp\/v2\/posts"}],"about":[{"href":"https:\/\/losperiodistas.com.mx\/portal\/wp-json\/wp\/v2\/types\/post"}],"author":[{"embeddable":true,"href":"https:\/\/losperiodistas.com.mx\/portal\/wp-json\/wp\/v2\/users\/1"}],"replies":[{"embeddable":true,"href":"https:\/\/losperiodistas.com.mx\/portal\/wp-json\/wp\/v2\/comments?post=67756"}],"version-history":[{"count":1,"href":"https:\/\/losperiodistas.com.mx\/portal\/wp-json\/wp\/v2\/posts\/67756\/revisions"}],"predecessor-version":[{"id":67759,"href":"https:\/\/losperiodistas.com.mx\/portal\/wp-json\/wp\/v2\/posts\/67756\/revisions\/67759"}],"wp:featuredmedia":[{"embeddable":true,"href":"https:\/\/losperiodistas.com.mx\/portal\/wp-json\/wp\/v2\/media\/67758"}],"wp:attachment":[{"href":"https:\/\/losperiodistas.com.mx\/portal\/wp-json\/wp\/v2\/media?parent=67756"}],"wp:term":[{"taxonomy":"category","embeddable":true,"href":"https:\/\/losperiodistas.com.mx\/portal\/wp-json\/wp\/v2\/categories?post=67756"},{"taxonomy":"post_tag","embeddable":true,"href":"https:\/\/losperiodistas.com.mx\/portal\/wp-json\/wp\/v2\/tags?post=67756"}],"curies":[{"name":"wp","href":"https:\/\/api.w.org\/{rel}","templated":true}]}}