{"id":67746,"date":"2024-02-05T07:25:22","date_gmt":"2024-02-05T13:25:22","guid":{"rendered":"https:\/\/losperiodistas.com.mx\/portal\/?p=67746"},"modified":"2024-02-05T07:25:24","modified_gmt":"2024-02-05T13:25:24","slug":"aplastante-victoria-para-bukele-con-22-del-conteo-preliminar-en-el-salvador-el-se-declara-ganador-forbes","status":"publish","type":"post","link":"https:\/\/losperiodistas.com.mx\/portal\/aplastante-victoria-para-bukele-con-22-del-conteo-preliminar-en-el-salvador-el-se-declara-ganador-forbes\/","title":{"rendered":"Aplastante victoria para Bukele con 22% del conteo preliminar en El Salvador; \u00e9l se declara ganador | Forbes"},"content":{"rendered":"\n<p class=\"has-light-green-cyan-background-color has-background has-medium-font-size\"><em>Bukele, de 42 a\u00f1os, se autoproclam\u00f3 la noche del domingo triunfador de las elecciones &#8216;con m\u00e1s del 85% de los votos y un m\u00ednimo de 58 de 60 diputados de su Asamblea legislativa&#8217;, lo que consider\u00f3 un &#8216;r\u00e9cord en toda la historia democr\u00e1tica del mundo&#8217;.<\/em><\/p>\n\n\n\n<figure class=\"wp-block-image size-large\"><img fetchpriority=\"high\" decoding=\"async\" width=\"1024\" height=\"576\" src=\"https:\/\/losperiodistas.com.mx\/portal\/wp-content\/uploads\/2024\/02\/bukele-1024x576.jpg\" alt=\"\" class=\"wp-image-67747\" srcset=\"https:\/\/losperiodistas.com.mx\/portal\/wp-content\/uploads\/2024\/02\/bukele-1024x576.jpg 1024w, https:\/\/losperiodistas.com.mx\/portal\/wp-content\/uploads\/2024\/02\/bukele-300x169.jpg 300w, https:\/\/losperiodistas.com.mx\/portal\/wp-content\/uploads\/2024\/02\/bukele-768x432.jpg 768w, https:\/\/losperiodistas.com.mx\/portal\/wp-content\/uploads\/2024\/02\/bukele.jpg 1280w\" sizes=\"(max-width: 1024px) 100vw, 1024px\" \/><figcaption><em>El actual presidente y ganador de la reelecci\u00f3n, Nayib Bukele, habla desde el Palacio Nacional junto a su esposa Gabriela Rodr\u00edguez de Bukele, en San Salvador Foto: EFE\/ Bienvenido Velasco<\/em><\/figcaption><\/figure>\n\n\n\n<p class=\"has-vivid-red-color has-text-color has-medium-font-size\"><strong>FORBES STAFF<\/strong><\/p>\n\n\n\n<p>El escrutinio preliminar de las elecciones presidenciales celebradas este domingo en\u00a0El Salvador\u00a0da una aplastante victoria al presidente y candidato a la reelecci\u00f3n,\u00a0Nayib Bukele, con un mill\u00f3n 90 mil 522 votos para su partido, Nuevas Ideas (NI).<\/p>\n\n\n\n<p>Se sit\u00faa muy por delante del\u00a0Frente Farabundo Mart\u00ed para la Liberaci\u00f3n Nacional (FMLN, izquierda), con 93 mil 846, y la\u00a0Alianza Republicana Nacionalista (Arena, derecha), con 81 mil 102, seg\u00fan datos divulgados por el Tribunal Supremo Electoral (TSE), que deben ser ratificadas en un escrutinio final.<\/p>\n\n\n\n<p>Se sit\u00faa muy por delante del\u00a0Frente Farabundo Mart\u00ed para la Liberaci\u00f3n Nacional (FMLN, izquierda), con 93 mil 846, y la\u00a0Alianza Republicana Nacionalista (Arena, derecha), con 81 mil 102, seg\u00fan datos divulgados por el Tribunal Supremo Electoral (TSE), que deben ser ratificadas en un escrutinio final.<\/p>\n\n\n\n<p>\u201cConfiamos en seguir construyendo un futuro de cooperaci\u00f3n y desarrollo mutuo entre nuestras naciones\u201d, agreg\u00f3.<\/p>\n\n\n\n<p>Por su parte, la canciller mexicana, Alicia B\u00e1rcena, tambi\u00e9n public\u00f3 en las redes sociales un mensaje de congratulaci\u00f3n por el modo en que se desarrollaron los comicos presidenciales y legislativos.<\/p>\n\n\n\n<p>\u201cFelicito a El Salvador por la exitosa y pac\u00edfica jornada electoral y al presidente Nayib Bukele por su victoria\u201d.<\/p>\n\n\n\n<p>\u201cM\u00e9xico se mantiene comprometido a empe\u00f1ar esfuerzo y voluntad por un futuro regional pr\u00f3spero y fortalecer a\u00fan m\u00e1s nuestros lazos y cooperaci\u00f3n bilateral\u201d, subray\u00f3 la jefa de la diplomacia mexicana.<\/p>\n\n\n\n<p>A falta de datos oficiales, Bukele, de 42 a\u00f1os, se autoproclam\u00f3 la noche del domingo triunfador de las elecciones \u201ccon m\u00e1s del 85% de los votos y un m\u00ednimo de 58 de 60 diputados de su Asamblea legislativa\u201d, lo que consider\u00f3 un \u201cr\u00e9cord en toda la historia democr\u00e1tica del mundo\u201d.<\/p>\n\n\n\n<p>La gesti\u00f3n de Bukele se ha caracterizado por un combate frontal a las pandillas y el crimen organizado, una pol\u00edtica con la que El Salvador dej\u00f3 de encabezar la lista de los pa\u00edses m\u00e1s violentos del mundo y que le sirvi\u00f3 de base para postularse a la reelecci\u00f3n. <\/p>\n\n\n\n<p>EFE<\/p>\n\n\n\n<p>Fuente: <a href=\"https:\/\/www.forbes.com.mx\/aplastante-victoria-para-bukele-con-22-del-conteo-preliminar-en-el-salvador-el-se-declara-ganador\/\">https:\/\/www.forbes.com.mx\/aplastante-victoria-para-bukele-con-22-del-conteo-preliminar-en-el-salvador-el-se-declara-ganador\/<\/a><\/p>\n","protected":false},"excerpt":{"rendered":"<p>Bukele, de 42 a\u00f1os, se autoproclam\u00f3 la noche del domingo triunfador de las elecciones &#8216;con m\u00e1s del 85% de los [&hellip;]<\/p>\n","protected":false},"author":1,"featured_media":67747,"comment_status":"open","ping_status":"open","sticky":false,"template":"","format":"standard","meta":{"site-sidebar-layout":"default","site-content-layout":"","ast-site-content-layout":"default","site-content-style":"default","site-sidebar-style":"default","ast-global-header-display":"","ast-banner-title-visibility":"","ast-main-header-display":"","ast-hfb-above-header-display":"","ast-hfb-below-header-display":"","ast-hfb-mobile-header-display":"","site-post-title":"","ast-breadcrumbs-content":"","ast-featured-img":"","footer-sml-layout":"","theme-transparent-header-meta":"","adv-header-id-meta":"","stick-header-meta":"","header-above-stick-meta":"","header-main-stick-meta":"","header-below-stick-meta":"","astra-migrate-meta-layouts":"default","ast-page-background-enabled":"default","ast-page-background-meta":{"desktop":{"background-color":"var(--ast-global-color-4)","background-image":"","background-repeat":"repeat","background-position":"center center","background-size":"auto","background-attachment":"scroll","background-type":"","background-media":"","overlay-type":"","overlay-color":"","overlay-opacity":"","overlay-gradient":""},"tablet":{"background-color":"","background-image":"","background-repeat":"repeat","background-position":"center center","background-size":"auto","background-attachment":"scroll","background-type":"","background-media":"","overlay-type":"","overlay-color":"","overlay-opacity":"","overlay-gradient":""},"mobile":{"background-color":"","background-image":"","background-repeat":"repeat","background-position":"center center","background-size":"auto","background-attachment":"scroll","background-type":"","background-media":"","overlay-type":"","overlay-color":"","overlay-opacity":"","overlay-gradient":""}},"ast-content-background-meta":{"desktop":{"background-color":"var(--ast-global-color-5)","background-image":"","background-repeat":"repeat","background-position":"center center","background-size":"auto","background-attachment":"scroll","background-type":"","background-media":"","overlay-type":"","overlay-color":"","overlay-opacity":"","overlay-gradient":""},"tablet":{"background-color":"var(--ast-global-color-5)","background-image":"","background-repeat":"repeat","background-position":"center center","background-size":"auto","background-attachment":"scroll","background-type":"","background-media":"","overlay-type":"","overlay-color":"","overlay-opacity":"","overlay-gradient":""},"mobile":{"background-color":"var(--ast-global-color-5)","background-image":"","background-repeat":"repeat","background-position":"center center","background-size":"auto","background-attachment":"scroll","background-type":"","background-media":"","overlay-type":"","overlay-color":"","overlay-opacity":"","overlay-gradient":""}},"footnotes":""},"categories":[8],"tags":[22069,20739],"class_list":["post-67746","post","type-post","status-publish","format-standard","has-post-thumbnail","hentry","category-noticias","tag-bukele-reelecto","tag-el-salvador"],"_links":{"self":[{"href":"https:\/\/losperiodistas.com.mx\/portal\/wp-json\/wp\/v2\/posts\/67746","targetHints":{"allow":["GET"]}}],"collection":[{"href":"https:\/\/losperiodistas.com.mx\/portal\/wp-json\/wp\/v2\/posts"}],"about":[{"href":"https:\/\/losperiodistas.com.mx\/portal\/wp-json\/wp\/v2\/types\/post"}],"author":[{"embeddable":true,"href":"https:\/\/losperiodistas.com.mx\/portal\/wp-json\/wp\/v2\/users\/1"}],"replies":[{"embeddable":true,"href":"https:\/\/losperiodistas.com.mx\/portal\/wp-json\/wp\/v2\/comments?post=67746"}],"version-history":[{"count":1,"href":"https:\/\/losperiodistas.com.mx\/portal\/wp-json\/wp\/v2\/posts\/67746\/revisions"}],"predecessor-version":[{"id":67748,"href":"https:\/\/losperiodistas.com.mx\/portal\/wp-json\/wp\/v2\/posts\/67746\/revisions\/67748"}],"wp:featuredmedia":[{"embeddable":true,"href":"https:\/\/losperiodistas.com.mx\/portal\/wp-json\/wp\/v2\/media\/67747"}],"wp:attachment":[{"href":"https:\/\/losperiodistas.com.mx\/portal\/wp-json\/wp\/v2\/media?parent=67746"}],"wp:term":[{"taxonomy":"category","embeddable":true,"href":"https:\/\/losperiodistas.com.mx\/portal\/wp-json\/wp\/v2\/categories?post=67746"},{"taxonomy":"post_tag","embeddable":true,"href":"https:\/\/losperiodistas.com.mx\/portal\/wp-json\/wp\/v2\/tags?post=67746"}],"curies":[{"name":"wp","href":"https:\/\/api.w.org\/{rel}","templated":true}]}}