{"id":67742,"date":"2024-02-05T07:17:55","date_gmt":"2024-02-05T13:17:55","guid":{"rendered":"https:\/\/losperiodistas.com.mx\/portal\/?p=67742"},"modified":"2024-02-05T07:17:57","modified_gmt":"2024-02-05T13:17:57","slug":"dia-mundial-de-la-nutella-did","status":"publish","type":"post","link":"https:\/\/losperiodistas.com.mx\/portal\/dia-mundial-de-la-nutella-did\/","title":{"rendered":"D\u00eda Mundial de la Nutella | DID"},"content":{"rendered":"\n<figure class=\"wp-block-image size-large\"><img fetchpriority=\"high\" decoding=\"async\" width=\"1024\" height=\"575\" src=\"https:\/\/losperiodistas.com.mx\/portal\/wp-content\/uploads\/2024\/02\/Captura-de-Pantalla-2024-02-05-a-las-7.13.19-1024x575.jpg\" alt=\"\" class=\"wp-image-67744\" srcset=\"https:\/\/losperiodistas.com.mx\/portal\/wp-content\/uploads\/2024\/02\/Captura-de-Pantalla-2024-02-05-a-las-7.13.19-1024x575.jpg 1024w, https:\/\/losperiodistas.com.mx\/portal\/wp-content\/uploads\/2024\/02\/Captura-de-Pantalla-2024-02-05-a-las-7.13.19-300x169.jpg 300w, https:\/\/losperiodistas.com.mx\/portal\/wp-content\/uploads\/2024\/02\/Captura-de-Pantalla-2024-02-05-a-las-7.13.19-768x432.jpg 768w, https:\/\/losperiodistas.com.mx\/portal\/wp-content\/uploads\/2024\/02\/Captura-de-Pantalla-2024-02-05-a-las-7.13.19-1536x863.jpg 1536w, https:\/\/losperiodistas.com.mx\/portal\/wp-content\/uploads\/2024\/02\/Captura-de-Pantalla-2024-02-05-a-las-7.13.19-2048x1151.jpg 2048w\" sizes=\"(max-width: 1024px) 100vw, 1024px\" \/><\/figure>\n\n\n\n<p><\/p>\n\n\n\n<p class=\"has-vivid-red-color has-text-color has-medium-font-size\"><strong>REDACCI\u00d3N D\u00cdA INTERNACIONAL DE<\/strong><\/p>\n\n\n\n<p>Una de las cremas de chocolate con avellana m\u00e1s deliciosas, conocida en el mundo entero, celebra por todo lo alto su gran popularidad entre los amantes del chocolate. El 5 de febrero se celebra el&nbsp;<strong>D\u00eda Mundial de la Nutella<\/strong>.<\/p>\n\n\n\n<h2 class=\"wp-block-heading\" id=\"resTit_1\">Origen del D\u00eda Mundial de la Nutella<\/h2>\n\n\n\n<p>La genial idea de dedicar un d\u00eda especial a la Nutella ha sido gracias a la iniciativa de&nbsp;<em><strong>Sara Rosso<\/strong><\/em>, una bloguera italo-americana aficionada a este famoso producto alimenticio.<\/p>\n\n\n\n<p>En el a\u00f1o 2007, Rosso decidi\u00f3 homenajear mundialmente a esta deliciosa crema de untar, con sabor a chocolate y avellanas.<\/p>\n\n\n\n<p>En relaci\u00f3n a la escogencia de la fecha de celebraci\u00f3n de este d\u00eda mundial raro, no est\u00e1 relacionada con la historia de la Nutella. Obedeci\u00f3 a popularizar el consumo de esta crema mundial, coincidiendo con la estaci\u00f3n m\u00e1s fr\u00eda en el hemisferio norte.<\/p>\n\n\n\n<p>Tanto fue el impacto que gener\u00f3 la creaci\u00f3n de esta efem\u00e9ride que<em><strong>&nbsp;Rosso<\/strong><\/em>&nbsp;cedi\u00f3 todos los derechos de celebraci\u00f3n de este d\u00eda mundial a la empresa Ferrero (creadora de la Nutella) en el a\u00f1o 2015.<\/p>\n\n\n\n<h2 class=\"wp-block-heading\" id=\"resTit_2\">\u00bfC\u00f3mo surgi\u00f3 la Nutella?<\/h2>\n\n\n\n<p><strong>La Nutella<\/strong>&nbsp;es una deliciosa y espesa crema de chocolate y avellanas procedente de Italia, al finalizar la Segunda Guerra Mundial.<\/p>\n\n\n\n<p>La receta original de este dulce fue concebida en la d\u00e9cada de los 40 por Pietro Ferrero, due\u00f1o de la pasteler\u00eda Alba ubicada en el distrito italiano de Piamonte. Es una localidad que se caracteriza por la producci\u00f3n de avellanas.<\/p>\n\n\n\n<p>Debido a la escasez de cacao Ferrero utiliz\u00f3 polvo de avellanas, dando origen al producto m\u00e1s famoso en todo el mundo. En 1951 sali\u00f3 a la venta esta pasta de avellanas, conocida inicialmente como&nbsp;<strong><em>\u00abSupercrema\u00bb<\/em><\/strong>.<\/p>\n\n\n\n<p>En el a\u00f1o 1963 Michele Ferrero, hijo de Pietro Ferrero, modific\u00f3 el nombre y la composici\u00f3n de este producto, creando la marca mundialmente conocida como&nbsp;<strong>Nutella<\/strong>.<\/p>\n\n\n\n<p>La primera l\u00ednea de producci\u00f3n sali\u00f3 a la venta en Europa el 20 de abril de 1964. En la actualidad se producen unas 400 mil toneladas anuales.<\/p>\n\n\n\n<h2 class=\"wp-block-heading\" id=\"resTit_3\">\u00bfSab\u00edas que?<\/h2>\n\n\n\n<p>Conoce algunos datos ins\u00f3litos, curiosos e interesantes acerca de la&nbsp;<strong>Nutella<\/strong>:<\/p>\n\n\n\n<ul class=\"wp-block-list\"><li>Ferrero, la empresa fabricante de Nutella, vende un frasco de este producto cada 2.5 segundos a nivel mundial.<\/li><li>Existen 11 f\u00e1bricas de Nutella en todo el mundo, con una producci\u00f3n estimada de 365.000 a 400.000 toneladas anuales.<\/li><li>Un tarro o frasco de Nutella contiene unas 97 avellanas, aproximadamente.<\/li><li>En el a\u00f1o 2005 Alemania bati\u00f3 un R\u00e9cord Guinness mundial. M\u00e1s de 27 mil personas desayunaron con Nutella al mismo tiempo, en el 40\u00b0 aniversario de la marca.<\/li><li>El 25% de la producci\u00f3n mundial de avellanas se destina a la fabricaci\u00f3n de este delicioso producto.<\/li><li>Anualmente la empresa Ferrero selecciona a un&nbsp;<strong>Embajador o Embajadora de Nutella&nbsp;<\/strong>como l\u00edder de la celebraci\u00f3n de este d\u00eda tan especial.<\/li><li>Para conmemorar este d\u00eda mundial se realizan festividades culinarios y recorridos gastron\u00f3micos interactivos, entre otros eventos.<\/li><\/ul>\n\n\n\n<p>Comparte fotos, videos, recetas y mensajes sobre el\u00a0<strong>D\u00eda Mundial de la Nutella<\/strong>, en las redes sociales. Utiliza los hashtags\u00a0<strong><em>#DiaMundialDelaNutella #WorldNutellaDay #diamundialnutella #nutella #NutellaLovers<\/em><\/strong><\/p>\n\n\n\n<p>Fuente: <a href=\"https:\/\/www.diainternacionalde.com\/dias-raros\/dia-mundial-nutella\">https:\/\/www.diainternacionalde.com\/dias-raros\/dia-mundial-nutella<\/a><\/p>\n","protected":false},"excerpt":{"rendered":"<p>REDACCI\u00d3N D\u00cdA INTERNACIONAL DE Una de las cremas de chocolate con avellana m\u00e1s deliciosas, conocida en el mundo entero, celebra [&hellip;]<\/p>\n","protected":false},"author":1,"featured_media":67744,"comment_status":"open","ping_status":"open","sticky":false,"template":"","format":"standard","meta":{"site-sidebar-layout":"default","site-content-layout":"","ast-site-content-layout":"default","site-content-style":"default","site-sidebar-style":"default","ast-global-header-display":"","ast-banner-title-visibility":"","ast-main-header-display":"","ast-hfb-above-header-display":"","ast-hfb-below-header-display":"","ast-hfb-mobile-header-display":"","site-post-title":"","ast-breadcrumbs-content":"","ast-featured-img":"","footer-sml-layout":"","theme-transparent-header-meta":"","adv-header-id-meta":"","stick-header-meta":"","header-above-stick-meta":"","header-main-stick-meta":"","header-below-stick-meta":"","astra-migrate-meta-layouts":"default","ast-page-background-enabled":"default","ast-page-background-meta":{"desktop":{"background-color":"var(--ast-global-color-4)","background-image":"","background-repeat":"repeat","background-position":"center center","background-size":"auto","background-attachment":"scroll","background-type":"","background-media":"","overlay-type":"","overlay-color":"","overlay-opacity":"","overlay-gradient":""},"tablet":{"background-color":"","background-image":"","background-repeat":"repeat","background-position":"center center","background-size":"auto","background-attachment":"scroll","background-type":"","background-media":"","overlay-type":"","overlay-color":"","overlay-opacity":"","overlay-gradient":""},"mobile":{"background-color":"","background-image":"","background-repeat":"repeat","background-position":"center center","background-size":"auto","background-attachment":"scroll","background-type":"","background-media":"","overlay-type":"","overlay-color":"","overlay-opacity":"","overlay-gradient":""}},"ast-content-background-meta":{"desktop":{"background-color":"var(--ast-global-color-5)","background-image":"","background-repeat":"repeat","background-position":"center center","background-size":"auto","background-attachment":"scroll","background-type":"","background-media":"","overlay-type":"","overlay-color":"","overlay-opacity":"","overlay-gradient":""},"tablet":{"background-color":"var(--ast-global-color-5)","background-image":"","background-repeat":"repeat","background-position":"center center","background-size":"auto","background-attachment":"scroll","background-type":"","background-media":"","overlay-type":"","overlay-color":"","overlay-opacity":"","overlay-gradient":""},"mobile":{"background-color":"var(--ast-global-color-5)","background-image":"","background-repeat":"repeat","background-position":"center center","background-size":"auto","background-attachment":"scroll","background-type":"","background-media":"","overlay-type":"","overlay-color":"","overlay-opacity":"","overlay-gradient":""}},"footnotes":""},"categories":[8],"tags":[22066,22068,22067],"class_list":["post-67742","post","type-post","status-publish","format-standard","has-post-thumbnail","hentry","category-noticias","tag-diamundialdelanutella","tag-worldnutelladay","tag-sara-rosso"],"_links":{"self":[{"href":"https:\/\/losperiodistas.com.mx\/portal\/wp-json\/wp\/v2\/posts\/67742","targetHints":{"allow":["GET"]}}],"collection":[{"href":"https:\/\/losperiodistas.com.mx\/portal\/wp-json\/wp\/v2\/posts"}],"about":[{"href":"https:\/\/losperiodistas.com.mx\/portal\/wp-json\/wp\/v2\/types\/post"}],"author":[{"embeddable":true,"href":"https:\/\/losperiodistas.com.mx\/portal\/wp-json\/wp\/v2\/users\/1"}],"replies":[{"embeddable":true,"href":"https:\/\/losperiodistas.com.mx\/portal\/wp-json\/wp\/v2\/comments?post=67742"}],"version-history":[{"count":1,"href":"https:\/\/losperiodistas.com.mx\/portal\/wp-json\/wp\/v2\/posts\/67742\/revisions"}],"predecessor-version":[{"id":67745,"href":"https:\/\/losperiodistas.com.mx\/portal\/wp-json\/wp\/v2\/posts\/67742\/revisions\/67745"}],"wp:featuredmedia":[{"embeddable":true,"href":"https:\/\/losperiodistas.com.mx\/portal\/wp-json\/wp\/v2\/media\/67744"}],"wp:attachment":[{"href":"https:\/\/losperiodistas.com.mx\/portal\/wp-json\/wp\/v2\/media?parent=67742"}],"wp:term":[{"taxonomy":"category","embeddable":true,"href":"https:\/\/losperiodistas.com.mx\/portal\/wp-json\/wp\/v2\/categories?post=67742"},{"taxonomy":"post_tag","embeddable":true,"href":"https:\/\/losperiodistas.com.mx\/portal\/wp-json\/wp\/v2\/tags?post=67742"}],"curies":[{"name":"wp","href":"https:\/\/api.w.org\/{rel}","templated":true}]}}