{"id":67738,"date":"2024-02-05T06:53:44","date_gmt":"2024-02-05T12:53:44","guid":{"rendered":"https:\/\/losperiodistas.com.mx\/portal\/?p=67738"},"modified":"2024-02-05T06:53:46","modified_gmt":"2024-02-05T12:53:46","slug":"gobierno-de-amlo-compra-a-carlos-slim-la-concesion-de-la-carretera-mitla-tehuantepec-sdp","status":"publish","type":"post","link":"https:\/\/losperiodistas.com.mx\/portal\/gobierno-de-amlo-compra-a-carlos-slim-la-concesion-de-la-carretera-mitla-tehuantepec-sdp\/","title":{"rendered":"Gobierno de AMLO compra a Carlos Slim la concesi\u00f3n de la carretera Mitla-Tehuantepec | SDP"},"content":{"rendered":"\n<p class=\"has-medium-font-size\">El gobierno de AMLO inform\u00f3 sobre la compra de la concesi\u00f3n de la carretera Mitla-Tehuantepec a Carlos Slim; adelant\u00f3 que se inaugurar\u00e1 en agosto<\/p>\n\n\n\n<figure class=\"wp-block-image size-large\"><img fetchpriority=\"high\" decoding=\"async\" width=\"1024\" height=\"573\" src=\"https:\/\/losperiodistas.com.mx\/portal\/wp-content\/uploads\/2024\/02\/Captura-de-Pantalla-2024-02-05-a-las-6.48.58-1024x573.jpg\" alt=\"\" class=\"wp-image-67739\" srcset=\"https:\/\/losperiodistas.com.mx\/portal\/wp-content\/uploads\/2024\/02\/Captura-de-Pantalla-2024-02-05-a-las-6.48.58-1024x573.jpg 1024w, https:\/\/losperiodistas.com.mx\/portal\/wp-content\/uploads\/2024\/02\/Captura-de-Pantalla-2024-02-05-a-las-6.48.58-300x168.jpg 300w, https:\/\/losperiodistas.com.mx\/portal\/wp-content\/uploads\/2024\/02\/Captura-de-Pantalla-2024-02-05-a-las-6.48.58-768x430.jpg 768w, https:\/\/losperiodistas.com.mx\/portal\/wp-content\/uploads\/2024\/02\/Captura-de-Pantalla-2024-02-05-a-las-6.48.58.jpg 1280w\" sizes=\"(max-width: 1024px) 100vw, 1024px\" \/><figcaption><strong>CARRETERA MITLA-TEHUANTEPEC\u00a0<\/strong>(ESPECIAL)<\/figcaption><\/figure>\n\n\n\n<p class=\"has-vivid-red-color has-text-color has-medium-font-size\"><strong>VIANEY P\u00c9REZ \u00c1NGELES \/ SDP NOTICIAS<\/strong><\/p>\n\n\n\n<p>El&nbsp;<strong>gobierno de<\/strong>l presidente Andr\u00e9s Manuel L\u00f3pez Obrador (<a href=\"https:\/\/www.sdpnoticias.com\/opinion\/reforma-de-amlo-de-la-scjn-lo-muy-bueno-lo-bueno-lo-malo-y-los-muy-malo\/\" target=\"_blank\" rel=\"noreferrer noopener\"><strong>AMLO<\/strong><\/a>)&nbsp;<strong>compr\u00f3 a<\/strong>l empresario<strong>&nbsp;Carlos Slim Hel\u00fa la concesi\u00f3n de la carretera Mitla-Tehuantepec.<\/strong><\/p>\n\n\n\n<p>As\u00ed lo inform\u00f3 el presidente AMLO hoy 4 de febrero, quien se\u00f1al\u00f3 que la compra de la concesi\u00f3n se dio a un precio razonable y en \u201cmuy buenos t\u00e9rminos\u201d.<\/p>\n\n\n\n<p>Asimismo, el presidente de M\u00e9xico adelant\u00f3 que la<strong>\u00a0carretera se planea inaugurar el 31 de agosto de este 2024,<\/strong>\u00a0previo a que termine su sexenio al frente del gobierno federal.<\/p>\n\n\n\n<h2 class=\"wp-block-heading\">AMLO compra concesi\u00f3n de la carretera Mitla-Tehuantepec<\/h2>\n\n\n\n<p>Durante la inauguraci\u00f3n de la carretera Oaxaca-Puerto Escondido, AMLO inform\u00f3 que el&nbsp;gobierno federal compr\u00f3 la concesi\u00f3n de la carretera Mitla-Tehuantepec,&nbsp;en manos del empresario Carlos Slim.<\/p>\n\n\n\n<p>El presidente no dio detalles de cu\u00e1nto le cost\u00f3 al gobierno la operaci\u00f3n, pero asegur\u00f3 que&nbsp;<strong>se trato de un monto justo y sin ganancias excesivas<\/strong>, adem\u00e1s de \u201cen muy buenos t\u00e9rminos\u201d, por lo que agradeci\u00f3 al empresario.<\/p>\n\n\n\n<blockquote class=\"wp-block-quote is-layout-flow wp-block-quote-is-layout-flow\"><p>\u201cYa llegamos a un acuerdo, le agradezco mucho a Carlos Slim porque llegamos al acuerdo de que el gobierno federal va a adquirir la concesi\u00f3n que se le otorg\u00f3 a \u00e9l, y en muy buenos t\u00e9rminos, sin ganancias excesivas, sino razonables\u201dAMLO<\/p><\/blockquote>\n\n\n\n<p>Asimismo, AMLO detall\u00f3 que la empresa Impulsora del Desarrollo y el Empleo en Am\u00e9rica Latina (<strong>IDEAL<\/strong>) de Carlos Slim,&nbsp;ser\u00e1 quien termine la carretera.<\/p>\n\n\n\n<blockquote class=\"wp-block-quote is-layout-flow wp-block-quote-is-layout-flow\"><p>\u201cPara decirlo con mucha claridad, le compramos su concesi\u00f3n. Y su empresa, que es una buena constructora, la empresa Ideal, va a terminar la carretera\u201dAMLO<\/p><\/blockquote>\n\n\n\n<h2 class=\"wp-block-heading\">Carretera Mitla-Tehuantepec ahorrara 2 horas de viaje<\/h2>\n\n\n\n<p>De acuerdo con el gobierno de AMLO, la carretera Mitla-Tehuantepec ofrecer\u00e1 una&nbsp;mejor comunicaci\u00f3n entre la regi\u00f3n del Istmo de Tehuantepec y los estados vecinos de Chiapas, Veracruz y la zona Mixe.<\/p>\n\n\n\n<p>Pues, seg\u00fan lo expuesto, d<strong>isminuir\u00e1 en dos horas los tiempos de recorrido\u00a0<\/strong>desde la ciudad de Oaxaca al Istmo, e impulsar\u00e1 el desarrollo tur\u00edstico y econ\u00f3mico de la entidad.<\/p>\n\n\n\n<p>Tambi\u00e9n se espera que mejore la seguridad para los usuarios de la v\u00eda y reduzca los costos de operaci\u00f3n del transporte.<\/p>\n\n\n\n<p>Aparentemente, la carretera Mitla-Tehuantepec II tendr\u00e1 un tramo de 169.23 kil\u00f3metros (km) y&nbsp;lograr\u00e1 reducir de 4 horas con 30 minutos a 2 horas con 30 minutos el viaje.<\/p>\n\n\n\n<p>Se agreg\u00f3 que la obra&nbsp;<strong>beneficiar\u00e1 a m\u00e1s de 80 mil habitantes de 13 comunidades<\/strong>&nbsp;de esta entidad, entre las que se encuentran:<\/p>\n\n\n\n<ul class=\"wp-block-list\"><li>San Pablo Villa de Mitla<\/li><li>San Lorenzo Albarradas<\/li><li>Santa Mar\u00eda Albarradas<\/li><li>San Pedro y San Pablo Ayutla<\/li><li>Santo Domingo Tepuxtepec<\/li><li>San Pedro Quiatoni<\/li><li>Santo Domingo Narro<\/li><li>San Juan Juquila Mixes<\/li><li>Santiago Quiavicuzas<\/li><li>San Juan Lachixila<\/li><li>Santiago Lachiguiri<\/li><li>Santa Mar\u00eda Jalapa del Marqu\u00e9s<\/li><li>Santa Mar\u00eda Mixtequilla<\/li><\/ul>\n\n\n\n<figure class=\"wp-block-image size-large\"><img decoding=\"async\" width=\"1024\" height=\"573\" src=\"https:\/\/losperiodistas.com.mx\/portal\/wp-content\/uploads\/2024\/02\/Captura-de-Pantalla-2024-02-05-a-las-6.50.59-1024x573.jpg\" alt=\"\" class=\"wp-image-67740\" srcset=\"https:\/\/losperiodistas.com.mx\/portal\/wp-content\/uploads\/2024\/02\/Captura-de-Pantalla-2024-02-05-a-las-6.50.59-1024x573.jpg 1024w, https:\/\/losperiodistas.com.mx\/portal\/wp-content\/uploads\/2024\/02\/Captura-de-Pantalla-2024-02-05-a-las-6.50.59-300x168.jpg 300w, https:\/\/losperiodistas.com.mx\/portal\/wp-content\/uploads\/2024\/02\/Captura-de-Pantalla-2024-02-05-a-las-6.50.59-768x430.jpg 768w, https:\/\/losperiodistas.com.mx\/portal\/wp-content\/uploads\/2024\/02\/Captura-de-Pantalla-2024-02-05-a-las-6.50.59.jpg 1280w\" sizes=\"(max-width: 1024px) 100vw, 1024px\" \/><figcaption><strong>CARRETERA MITLA-TEHUANTEPEC&nbsp;<\/strong>(ESPECIAL)<\/figcaption><\/figure>\n\n\n\n<p>Fuente: <a href=\"https:\/\/www.sdpnoticias.com\/mexico\/gobierno-de-amlo-compra-a-carlos-slim-la-concesion-de-la-carretera-mitla-tehuantepec\/\">https:\/\/www.sdpnoticias.com\/mexico\/gobierno-de-amlo-compra-a-carlos-slim-la-concesion-de-la-carretera-mitla-tehuantepec\/<\/a><\/p>\n","protected":false},"excerpt":{"rendered":"<p>El gobierno de AMLO inform\u00f3 sobre la compra de la concesi\u00f3n de la carretera Mitla-Tehuantepec a Carlos Slim; adelant\u00f3 que [&hellip;]<\/p>\n","protected":false},"author":1,"featured_media":67739,"comment_status":"open","ping_status":"open","sticky":false,"template":"","format":"standard","meta":{"site-sidebar-layout":"default","site-content-layout":"","ast-site-content-layout":"default","site-content-style":"default","site-sidebar-style":"default","ast-global-header-display":"","ast-banner-title-visibility":"","ast-main-header-display":"","ast-hfb-above-header-display":"","ast-hfb-below-header-display":"","ast-hfb-mobile-header-display":"","site-post-title":"","ast-breadcrumbs-content":"","ast-featured-img":"","footer-sml-layout":"","theme-transparent-header-meta":"","adv-header-id-meta":"","stick-header-meta":"","header-above-stick-meta":"","header-main-stick-meta":"","header-below-stick-meta":"","astra-migrate-meta-layouts":"default","ast-page-background-enabled":"default","ast-page-background-meta":{"desktop":{"background-color":"var(--ast-global-color-4)","background-image":"","background-repeat":"repeat","background-position":"center center","background-size":"auto","background-attachment":"scroll","background-type":"","background-media":"","overlay-type":"","overlay-color":"","overlay-opacity":"","overlay-gradient":""},"tablet":{"background-color":"","background-image":"","background-repeat":"repeat","background-position":"center center","background-size":"auto","background-attachment":"scroll","background-type":"","background-media":"","overlay-type":"","overlay-color":"","overlay-opacity":"","overlay-gradient":""},"mobile":{"background-color":"","background-image":"","background-repeat":"repeat","background-position":"center center","background-size":"auto","background-attachment":"scroll","background-type":"","background-media":"","overlay-type":"","overlay-color":"","overlay-opacity":"","overlay-gradient":""}},"ast-content-background-meta":{"desktop":{"background-color":"var(--ast-global-color-5)","background-image":"","background-repeat":"repeat","background-position":"center center","background-size":"auto","background-attachment":"scroll","background-type":"","background-media":"","overlay-type":"","overlay-color":"","overlay-opacity":"","overlay-gradient":""},"tablet":{"background-color":"var(--ast-global-color-5)","background-image":"","background-repeat":"repeat","background-position":"center center","background-size":"auto","background-attachment":"scroll","background-type":"","background-media":"","overlay-type":"","overlay-color":"","overlay-opacity":"","overlay-gradient":""},"mobile":{"background-color":"var(--ast-global-color-5)","background-image":"","background-repeat":"repeat","background-position":"center center","background-size":"auto","background-attachment":"scroll","background-type":"","background-media":"","overlay-type":"","overlay-color":"","overlay-opacity":"","overlay-gradient":""}},"footnotes":""},"categories":[8],"tags":[2243,22065],"class_list":["post-67738","post","type-post","status-publish","format-standard","has-post-thumbnail","hentry","category-noticias","tag-carlos-slim","tag-carretera-mitla-tehuantepec"],"_links":{"self":[{"href":"https:\/\/losperiodistas.com.mx\/portal\/wp-json\/wp\/v2\/posts\/67738","targetHints":{"allow":["GET"]}}],"collection":[{"href":"https:\/\/losperiodistas.com.mx\/portal\/wp-json\/wp\/v2\/posts"}],"about":[{"href":"https:\/\/losperiodistas.com.mx\/portal\/wp-json\/wp\/v2\/types\/post"}],"author":[{"embeddable":true,"href":"https:\/\/losperiodistas.com.mx\/portal\/wp-json\/wp\/v2\/users\/1"}],"replies":[{"embeddable":true,"href":"https:\/\/losperiodistas.com.mx\/portal\/wp-json\/wp\/v2\/comments?post=67738"}],"version-history":[{"count":1,"href":"https:\/\/losperiodistas.com.mx\/portal\/wp-json\/wp\/v2\/posts\/67738\/revisions"}],"predecessor-version":[{"id":67741,"href":"https:\/\/losperiodistas.com.mx\/portal\/wp-json\/wp\/v2\/posts\/67738\/revisions\/67741"}],"wp:featuredmedia":[{"embeddable":true,"href":"https:\/\/losperiodistas.com.mx\/portal\/wp-json\/wp\/v2\/media\/67739"}],"wp:attachment":[{"href":"https:\/\/losperiodistas.com.mx\/portal\/wp-json\/wp\/v2\/media?parent=67738"}],"wp:term":[{"taxonomy":"category","embeddable":true,"href":"https:\/\/losperiodistas.com.mx\/portal\/wp-json\/wp\/v2\/categories?post=67738"},{"taxonomy":"post_tag","embeddable":true,"href":"https:\/\/losperiodistas.com.mx\/portal\/wp-json\/wp\/v2\/tags?post=67738"}],"curies":[{"name":"wp","href":"https:\/\/api.w.org\/{rel}","templated":true}]}}