{"id":67728,"date":"2024-02-05T06:13:18","date_gmt":"2024-02-05T12:13:18","guid":{"rendered":"https:\/\/losperiodistas.com.mx\/portal\/?p=67728"},"modified":"2024-02-05T06:13:20","modified_gmt":"2024-02-05T12:13:20","slug":"cancelan-paro-de-transportistas-programado-para-el-5-de-febrero-oem","status":"publish","type":"post","link":"https:\/\/losperiodistas.com.mx\/portal\/cancelan-paro-de-transportistas-programado-para-el-5-de-febrero-oem\/","title":{"rendered":"Cancelan paro de transportistas programado para el 5 de febrero | OEM"},"content":{"rendered":"\n<h3 class=\"has-medium-font-size wp-block-heading\">El Gobierno Federal inform\u00f3 que los transportistas acordaron no realizar un paro nacional ni bloqueos en v\u00edas federales<\/h3>\n\n\n\n<figure class=\"wp-block-image size-full\"><img fetchpriority=\"high\" decoding=\"async\" width=\"768\" height=\"479\" src=\"https:\/\/losperiodistas.com.mx\/portal\/wp-content\/uploads\/2024\/02\/Transportistas.jpg\" alt=\"\" class=\"wp-image-67729\" srcset=\"https:\/\/losperiodistas.com.mx\/portal\/wp-content\/uploads\/2024\/02\/Transportistas.jpg 768w, https:\/\/losperiodistas.com.mx\/portal\/wp-content\/uploads\/2024\/02\/Transportistas-300x187.jpg 300w\" sizes=\"(max-width: 768px) 100vw, 768px\" \/><\/figure>\n\n\n\n<p><\/p>\n\n\n\n<p class=\"has-vivid-red-color has-text-color has-medium-font-size\"><strong>EL SOL DE M\u00c9XICO<\/strong><\/p>\n\n\n\n<p>El&nbsp;<strong>paro nacional de transportistas<\/strong>&nbsp;previsto para el&nbsp;<strong>lunes 5 de febrero&nbsp;<\/strong>fue suspendido por representantes del sector, tras lograr acuerdos con el&nbsp;<strong>Gobierno de M\u00e9xico<\/strong>&nbsp;en una&nbsp;<strong>mesa de di\u00e1logo<\/strong>&nbsp;celebrada el&nbsp;<strong>3 de febrero.<\/strong><\/p>\n\n\n\n<p>A trav\u00e9s de un comunicado, la&nbsp;<strong>Secretar\u00eda de Gobernaci\u00f3n<\/strong>&nbsp;inform\u00f3 que en la reuni\u00f3n de trabajo con representantes del sector transportista se acord\u00f3 \u201c<strong>instalar mesas de di\u00e1logo<\/strong>&nbsp;para continuar los trabajos de conciliaci\u00f3n, a fin de garantizar mayor seguridad en las carreteras federales\u201d, que es una de las demandas principales del gremio.<\/p>\n\n\n\n<p>Los temas a tratar en la reuni\u00f3n giraron en torno a la&nbsp;<strong>seguridad en carreteras<\/strong>, que estar\u00e1 a cargo de la Secretar\u00eda de Seguridad y Protecci\u00f3n Ciudadana (SSPC) y de la Guardia Nacional (GN); as\u00ed como el tema de la atenci\u00f3n administrativa, que corresponder\u00e1 a las secretar\u00edas de Gobernaci\u00f3n (Segob) y de Infraestructura, Comunicaciones y Transportes (SICT).<\/p>\n\n\n\n<p><\/p>\n\n\n\n<p>De acuerdo con la Secretar\u00eda de Gobernaci\u00f3n, \u201centre los acuerdos alcanzados con la Federaci\u00f3n Mexicoamericana de Transportistas, A.C. (Fematrac), Organizaci\u00f3n Integradora de Derechos Convencionales, A.C. (Indeco), Alianza Mexicana de Transportistas, A.C. (Amtac), y Uni\u00f3n de Transportistas de Carga (Utracasin), destacan la integraci\u00f3n de mesas de trabajo en tres rubros:<\/p>\n\n\n\n<p>1. Seguridad en carreteras por parte de la SSPC y la GN.<\/p>\n\n\n\n<p>2. Atenci\u00f3n administrativa por parte de la Segob y SICT.<\/p>\n\n\n\n<p>3. Enlace con las autoridades estatales y municipales, tambi\u00e9n por parte de la Segob.\u201d<\/p>\n\n\n\n<p>Adem\u00e1s, las organizaciones acordaron que las manifestaciones que realicen sus agremiados no conllevar\u00e1n paro nacional ni bloqueo de v\u00edas federales.<\/p>\n\n\n\n<p>Fuente: <a href=\"https:\/\/www.elsoldemexico.com.mx\/mexico\/sociedad\/cancelan-paro-de-transportistas-programado-para-el-5-de-febrero-11390588.html\">https:\/\/www.elsoldemexico.com.mx\/mexico\/sociedad\/cancelan-paro-de-transportistas-programado-para-el-5-de-febrero-11390588.html<\/a><\/p>\n\n\n\n<p><\/p>\n","protected":false},"excerpt":{"rendered":"<p>El Gobierno Federal inform\u00f3 que los transportistas acordaron no realizar un paro nacional ni bloqueos en v\u00edas federales EL SOL [&hellip;]<\/p>\n","protected":false},"author":1,"featured_media":67729,"comment_status":"open","ping_status":"open","sticky":false,"template":"","format":"standard","meta":{"site-sidebar-layout":"default","site-content-layout":"","ast-site-content-layout":"default","site-content-style":"default","site-sidebar-style":"default","ast-global-header-display":"","ast-banner-title-visibility":"","ast-main-header-display":"","ast-hfb-above-header-display":"","ast-hfb-below-header-display":"","ast-hfb-mobile-header-display":"","site-post-title":"","ast-breadcrumbs-content":"","ast-featured-img":"","footer-sml-layout":"","theme-transparent-header-meta":"","adv-header-id-meta":"","stick-header-meta":"","header-above-stick-meta":"","header-main-stick-meta":"","header-below-stick-meta":"","astra-migrate-meta-layouts":"default","ast-page-background-enabled":"default","ast-page-background-meta":{"desktop":{"background-color":"var(--ast-global-color-4)","background-image":"","background-repeat":"repeat","background-position":"center center","background-size":"auto","background-attachment":"scroll","background-type":"","background-media":"","overlay-type":"","overlay-color":"","overlay-opacity":"","overlay-gradient":""},"tablet":{"background-color":"","background-image":"","background-repeat":"repeat","background-position":"center center","background-size":"auto","background-attachment":"scroll","background-type":"","background-media":"","overlay-type":"","overlay-color":"","overlay-opacity":"","overlay-gradient":""},"mobile":{"background-color":"","background-image":"","background-repeat":"repeat","background-position":"center center","background-size":"auto","background-attachment":"scroll","background-type":"","background-media":"","overlay-type":"","overlay-color":"","overlay-opacity":"","overlay-gradient":""}},"ast-content-background-meta":{"desktop":{"background-color":"var(--ast-global-color-5)","background-image":"","background-repeat":"repeat","background-position":"center center","background-size":"auto","background-attachment":"scroll","background-type":"","background-media":"","overlay-type":"","overlay-color":"","overlay-opacity":"","overlay-gradient":""},"tablet":{"background-color":"var(--ast-global-color-5)","background-image":"","background-repeat":"repeat","background-position":"center center","background-size":"auto","background-attachment":"scroll","background-type":"","background-media":"","overlay-type":"","overlay-color":"","overlay-opacity":"","overlay-gradient":""},"mobile":{"background-color":"var(--ast-global-color-5)","background-image":"","background-repeat":"repeat","background-position":"center center","background-size":"auto","background-attachment":"scroll","background-type":"","background-media":"","overlay-type":"","overlay-color":"","overlay-opacity":"","overlay-gradient":""}},"footnotes":""},"categories":[8],"tags":[22062,22061,17349],"class_list":["post-67728","post","type-post","status-publish","format-standard","has-post-thumbnail","hentry","category-noticias","tag-paro-transportistas","tag-seguridad-carreteras","tag-transportistas"],"_links":{"self":[{"href":"https:\/\/losperiodistas.com.mx\/portal\/wp-json\/wp\/v2\/posts\/67728","targetHints":{"allow":["GET"]}}],"collection":[{"href":"https:\/\/losperiodistas.com.mx\/portal\/wp-json\/wp\/v2\/posts"}],"about":[{"href":"https:\/\/losperiodistas.com.mx\/portal\/wp-json\/wp\/v2\/types\/post"}],"author":[{"embeddable":true,"href":"https:\/\/losperiodistas.com.mx\/portal\/wp-json\/wp\/v2\/users\/1"}],"replies":[{"embeddable":true,"href":"https:\/\/losperiodistas.com.mx\/portal\/wp-json\/wp\/v2\/comments?post=67728"}],"version-history":[{"count":1,"href":"https:\/\/losperiodistas.com.mx\/portal\/wp-json\/wp\/v2\/posts\/67728\/revisions"}],"predecessor-version":[{"id":67730,"href":"https:\/\/losperiodistas.com.mx\/portal\/wp-json\/wp\/v2\/posts\/67728\/revisions\/67730"}],"wp:featuredmedia":[{"embeddable":true,"href":"https:\/\/losperiodistas.com.mx\/portal\/wp-json\/wp\/v2\/media\/67729"}],"wp:attachment":[{"href":"https:\/\/losperiodistas.com.mx\/portal\/wp-json\/wp\/v2\/media?parent=67728"}],"wp:term":[{"taxonomy":"category","embeddable":true,"href":"https:\/\/losperiodistas.com.mx\/portal\/wp-json\/wp\/v2\/categories?post=67728"},{"taxonomy":"post_tag","embeddable":true,"href":"https:\/\/losperiodistas.com.mx\/portal\/wp-json\/wp\/v2\/tags?post=67728"}],"curies":[{"name":"wp","href":"https:\/\/api.w.org\/{rel}","templated":true}]}}