{"id":67716,"date":"2024-02-05T06:00:51","date_gmt":"2024-02-05T12:00:51","guid":{"rendered":"https:\/\/losperiodistas.com.mx\/portal\/?p=67716"},"modified":"2024-02-05T06:00:53","modified_gmt":"2024-02-05T12:00:53","slug":"pacto-en-senado-de-eu-preve-cerrar-frontera-con-mexico-en-caso-de-colapso-joe-biden-el-economista","status":"publish","type":"post","link":"https:\/\/losperiodistas.com.mx\/portal\/pacto-en-senado-de-eu-preve-cerrar-frontera-con-mexico-en-caso-de-colapso-joe-biden-el-economista\/","title":{"rendered":"Pacto en Senado de EU prev\u00e9 cerrar frontera con M\u00e9xico en caso de \u00abcolapso\u00bb: Joe Biden | El Economista"},"content":{"rendered":"\n<p class=\"has-background has-medium-font-size\" style=\"background-color:#eee1c6\">El Senado de Estados Unidos present\u00f3 el domingo un proyecto de ley bipartidista de seguridad fronteriza de 118,000 millones de d\u00f3lares que tambi\u00e9n proporcionar\u00eda ayuda a Ucrania e Israel.<\/p>\n\n\n\n<figure class=\"wp-block-image size-large\"><img fetchpriority=\"high\" decoding=\"async\" width=\"1024\" height=\"576\" src=\"https:\/\/losperiodistas.com.mx\/portal\/wp-content\/uploads\/2024\/02\/Captura-de-Pantalla-2024-02-05-a-las-5.51.38-1024x576.jpg\" alt=\"\" class=\"wp-image-67726\" srcset=\"https:\/\/losperiodistas.com.mx\/portal\/wp-content\/uploads\/2024\/02\/Captura-de-Pantalla-2024-02-05-a-las-5.51.38-1024x576.jpg 1024w, https:\/\/losperiodistas.com.mx\/portal\/wp-content\/uploads\/2024\/02\/Captura-de-Pantalla-2024-02-05-a-las-5.51.38-300x169.jpg 300w, https:\/\/losperiodistas.com.mx\/portal\/wp-content\/uploads\/2024\/02\/Captura-de-Pantalla-2024-02-05-a-las-5.51.38-768x432.jpg 768w, https:\/\/losperiodistas.com.mx\/portal\/wp-content\/uploads\/2024\/02\/Captura-de-Pantalla-2024-02-05-a-las-5.51.38.jpg 1508w\" sizes=\"(max-width: 1024px) 100vw, 1024px\" \/><figcaption>Migrantes cruzando de M\u00e9xico a Estados Unidos. Foto: Reuters.<\/figcaption><\/figure>\n\n\n\n<p class=\"has-vivid-red-color has-text-color has-medium-font-size\"><strong>AFP \/ REUTERS \/ EL ECONOMISTA<\/strong><\/p>\n\n\n\n<p>El pacto alcanzado por un grupo de senadores republicanos y dem\u00f3cratas prev\u00e9 \u00abuna nueva autoridad de emergencia para&nbsp;<a href=\"https:\/\/www.eleconomista.com.mx\/internacionales\/Biden-cerraria-la-frontera-cuando-5-mil-inmigrantes-la-crucen-20240128-0075.html\" target=\"_blank\" rel=\"noreferrer noopener\">cerrar la frontera\u00bb entre Estados Unidos y M\u00e9xico, en caso de que \u00abest\u00e9 colapsada\u00bb<\/a>, inform\u00f3 este s\u00e1bado el presidente Joe Biden.<\/p>\n\n\n\n<p>De ser aprobado por el Congreso, las autoridades podr\u00e1n restringir los cruces fronterizos si la media diaria alcanza los 4,000 migrantes en una semana, pero estar\u00e1n obligadas a prohibirlos si sobrepasan un promedio de 5,000 al d\u00eda -en un periodo de siete consecutivos- u 8,500 en una sola jornada, se lee en el texto del acuerdo bipartidista.<\/p>\n\n\n\n<p>En este tenor,\u00a0<a href=\"https:\/\/www.eleconomista.com.mx\/internacionales\/Joe-Biden-respalda-el-acuerdo-fronterizo-negociado-con-el-Senado-de-EU-20240126-0096.html\" target=\"_blank\" rel=\"noreferrer noopener\">Joe Biden dijo apoyar \u00abfirmemente\u00bb el acuerdo bipartidista<\/a>\u00a0presentado este domingo que proporcionar\u00e1 miles de millones de d\u00f3lares en nuevas ayudas a Ucrania e Israel, al tiempo que reforzar\u00e1 la seguridad fronteriza y endurecer\u00e1 las leyes de asilo.\u00bbHemos alcanzado un acuerdo bipartidista sobre seguridad nacional que incluye las<a href=\"https:\/\/www.eleconomista.com.mx\/politica\/AMLO-califica-de-demagogica-postura-de-Biden-de-cerrar-las-fronteras-20240129-0042.html\" target=\"_blank\" rel=\"noreferrer noopener\">\u00a0reformas fronterizas m\u00e1s duras y justas\u00a0<\/a>en d\u00e9cadas. Lo apoyo firmemente\u00bb, expres\u00f3 Biden.<\/p>\n\n\n\n<p>A trav\u00e9s de un comunicado, el mandatario estadounidense inst\u00f3 al Congreso a&nbsp;<a href=\"https:\/\/www.eleconomista.com.mx\/internacionales\/Propuesta-de-cerrar-la-frontera-abre-la-puerta-a-chantajes-a-Mexico-20240129-0138.html\" target=\"_blank\" rel=\"noreferrer noopener\">\u00abaprobar r\u00e1pidamente\u00bb el paquete&nbsp;<\/a>para que pueda firmarlo y convertirlo en ley.<\/p>\n\n\n\n<h2 class=\"wp-block-heading\">118,000 millones de d\u00f3lares para proyecto de ley bipartidista<\/h2>\n\n\n\n<p>El Senado de Estados Unidos present\u00f3 el domingo un proyecto de ley bipartidista de seguridad fronteriza de 118,000 millones de d\u00f3lares que tambi\u00e9n proporcionar\u00eda ayuda a Ucrania e Israel tras meses de negociaciones, pero la medida se enfrenta a un futuro incierto por la oposici\u00f3n de Donald Trump y los republicanos de l\u00ednea dura.<\/p>\n\n\n\n<p>El l\u00edder de la mayor\u00eda del Senado, Chuck Schumer, dijo que tomar\u00eda medidas para celebrar votar el proyecto de ley el mi\u00e9rcoles, que se enfrenta a opositores de ambos partidos.<\/p>\n\n\n\n<p>La senadora independiente Kyrsten Sinema dijo a los periodistas que la legislaci\u00f3n asegurar\u00eda la frontera sur de Estados Unidos, incluso exigiendo al Departamento de Seguridad Nacional que la cierre si hay un promedio de m\u00e1s de 5,000 intentos de cruce por d\u00eda durante siete d\u00edas.<\/p>\n\n\n\n<p>Adem\u00e1s de 20,230 millones de d\u00f3lares para seguridad fronteriza, el proyecto de ley inclu\u00eda 60,060 millones de d\u00f3lares para apoyar a Ucrania en su guerra con Rusia, 14,100 millones de d\u00f3lares en ayuda a la seguridad de Israel, 2,440 millones de d\u00f3lares para el Mando Central de Estados Unidos y el conflicto en el mar Rojo, y 4,830 millones de d\u00f3lares para apoyar a los socios de Estados Unidos en el Indo-Pac\u00edfico que se enfrentan a la agresi\u00f3n de China, seg\u00fan cifras de la senadora estadounidense Patty Murray.<\/p>\n\n\n\n<p>Otros 10,000 millones de d\u00f3lares servir\u00edan para proporcionar ayuda humanitaria a la poblaci\u00f3n civil de Gaza, Cisjordania y Ucrania.<\/p>\n\n\n\n<p>Fuente: <a href=\"https:\/\/www.eleconomista.com.mx\/internacionales\/Pacto-en-Senado-de-EU-preve-cerrar-frontera-con-Mexico-en-caso-de-colapsar-Joe-Biden-20240204-0039.html\">https:\/\/www.eleconomista.com.mx\/internacionales\/Pacto-en-Senado-de-EU-preve-cerrar-frontera-con-Mexico-en-caso-de-colapsar-Joe-Biden-20240204-0039.html<\/a><\/p>\n","protected":false},"excerpt":{"rendered":"<p>El Senado de Estados Unidos present\u00f3 el domingo un proyecto de ley bipartidista de seguridad fronteriza de 118,000 millones de [&hellip;]<\/p>\n","protected":false},"author":1,"featured_media":67726,"comment_status":"open","ping_status":"open","sticky":false,"template":"","format":"standard","meta":{"site-sidebar-layout":"default","site-content-layout":"","ast-site-content-layout":"default","site-content-style":"default","site-sidebar-style":"default","ast-global-header-display":"","ast-banner-title-visibility":"","ast-main-header-display":"","ast-hfb-above-header-display":"","ast-hfb-below-header-display":"","ast-hfb-mobile-header-display":"","site-post-title":"","ast-breadcrumbs-content":"","ast-featured-img":"","footer-sml-layout":"","theme-transparent-header-meta":"","adv-header-id-meta":"","stick-header-meta":"","header-above-stick-meta":"","header-main-stick-meta":"","header-below-stick-meta":"","astra-migrate-meta-layouts":"default","ast-page-background-enabled":"default","ast-page-background-meta":{"desktop":{"background-color":"var(--ast-global-color-4)","background-image":"","background-repeat":"repeat","background-position":"center center","background-size":"auto","background-attachment":"scroll","background-type":"","background-media":"","overlay-type":"","overlay-color":"","overlay-opacity":"","overlay-gradient":""},"tablet":{"background-color":"","background-image":"","background-repeat":"repeat","background-position":"center center","background-size":"auto","background-attachment":"scroll","background-type":"","background-media":"","overlay-type":"","overlay-color":"","overlay-opacity":"","overlay-gradient":""},"mobile":{"background-color":"","background-image":"","background-repeat":"repeat","background-position":"center center","background-size":"auto","background-attachment":"scroll","background-type":"","background-media":"","overlay-type":"","overlay-color":"","overlay-opacity":"","overlay-gradient":""}},"ast-content-background-meta":{"desktop":{"background-color":"var(--ast-global-color-5)","background-image":"","background-repeat":"repeat","background-position":"center center","background-size":"auto","background-attachment":"scroll","background-type":"","background-media":"","overlay-type":"","overlay-color":"","overlay-opacity":"","overlay-gradient":""},"tablet":{"background-color":"var(--ast-global-color-5)","background-image":"","background-repeat":"repeat","background-position":"center center","background-size":"auto","background-attachment":"scroll","background-type":"","background-media":"","overlay-type":"","overlay-color":"","overlay-opacity":"","overlay-gradient":""},"mobile":{"background-color":"var(--ast-global-color-5)","background-image":"","background-repeat":"repeat","background-position":"center center","background-size":"auto","background-attachment":"scroll","background-type":"","background-media":"","overlay-type":"","overlay-color":"","overlay-opacity":"","overlay-gradient":""}},"footnotes":""},"categories":[8],"tags":[22058,22059,22060],"class_list":["post-67716","post","type-post","status-publish","format-standard","has-post-thumbnail","hentry","category-noticias","tag-frontera-eu-mexico-2","tag-seguridad-fronteriza","tag-senado-eu"],"_links":{"self":[{"href":"https:\/\/losperiodistas.com.mx\/portal\/wp-json\/wp\/v2\/posts\/67716","targetHints":{"allow":["GET"]}}],"collection":[{"href":"https:\/\/losperiodistas.com.mx\/portal\/wp-json\/wp\/v2\/posts"}],"about":[{"href":"https:\/\/losperiodistas.com.mx\/portal\/wp-json\/wp\/v2\/types\/post"}],"author":[{"embeddable":true,"href":"https:\/\/losperiodistas.com.mx\/portal\/wp-json\/wp\/v2\/users\/1"}],"replies":[{"embeddable":true,"href":"https:\/\/losperiodistas.com.mx\/portal\/wp-json\/wp\/v2\/comments?post=67716"}],"version-history":[{"count":1,"href":"https:\/\/losperiodistas.com.mx\/portal\/wp-json\/wp\/v2\/posts\/67716\/revisions"}],"predecessor-version":[{"id":67727,"href":"https:\/\/losperiodistas.com.mx\/portal\/wp-json\/wp\/v2\/posts\/67716\/revisions\/67727"}],"wp:featuredmedia":[{"embeddable":true,"href":"https:\/\/losperiodistas.com.mx\/portal\/wp-json\/wp\/v2\/media\/67726"}],"wp:attachment":[{"href":"https:\/\/losperiodistas.com.mx\/portal\/wp-json\/wp\/v2\/media?parent=67716"}],"wp:term":[{"taxonomy":"category","embeddable":true,"href":"https:\/\/losperiodistas.com.mx\/portal\/wp-json\/wp\/v2\/categories?post=67716"},{"taxonomy":"post_tag","embeddable":true,"href":"https:\/\/losperiodistas.com.mx\/portal\/wp-json\/wp\/v2\/tags?post=67716"}],"curies":[{"name":"wp","href":"https:\/\/api.w.org\/{rel}","templated":true}]}}