{"id":67710,"date":"2024-02-04T13:23:57","date_gmt":"2024-02-04T19:23:57","guid":{"rendered":"https:\/\/losperiodistas.com.mx\/portal\/?p=67710"},"modified":"2024-02-04T13:24:00","modified_gmt":"2024-02-04T19:24:00","slug":"la-cargada","status":"publish","type":"post","link":"https:\/\/losperiodistas.com.mx\/portal\/la-cargada\/","title":{"rendered":"La cargada"},"content":{"rendered":"\n<p class=\"has-medium-font-size\">#PorSoleares | <em>La cargada ha vuelto, est\u00e1 de moda, ha sido puesta en valor por priistas y panistas para no perder el poder.<\/em><\/p>\n\n\n\n<figure class=\"wp-block-embed is-type-video is-provider-youtube wp-block-embed-youtube wp-embed-aspect-16-9 wp-has-aspect-ratio\"><div class=\"wp-block-embed__wrapper\">\n<iframe title=\"La cargada | febrero 4 2024\" width=\"500\" height=\"281\" src=\"https:\/\/www.youtube.com\/embed\/rOT8f1T-dl0?feature=oembed\" frameborder=\"0\" allow=\"accelerometer; autoplay; clipboard-write; encrypted-media; gyroscope; picture-in-picture; web-share\" referrerpolicy=\"strict-origin-when-cross-origin\" allowfullscreen><\/iframe>\n<\/div><\/figure>\n\n\n\n<p><\/p>\n\n\n\n<p><\/p>\n\n\n\n<p class=\"has-vivid-red-color has-text-color\" style=\"font-size:26px\"><strong><em>Por Jes\u00fas Manuel Hern\u00e1ndez<\/em><\/strong><\/p>\n\n\n\n<p>Apenas en junio del a\u00f1o pasado durante su gira por Tamazunchale, San Luis Potos\u00ed, Andr\u00e9s Manuel L\u00f3pez Obrador aseguraba que rumbo al 2024 <strong>no habr\u00eda tapados y menos cargadas<\/strong>.<\/p>\n\n\n\n<p>Lo dijo mas o menos as\u00ed: \u201cYo recomiendo a los que est\u00e1n participando, a todos les recomiendo\u2026 ya no es como antes que era el dedazo y que no pod\u00edan hablar, dec\u00eda don Fidel Vel\u00e1zquez: \u2018el que se mueve, no sale en la foto\u00b4, y ah\u00ed estaban todos engarrotados. No, ya no hay tapado, ni hay destapes, ni hay cargadas, ahora es el pueblo el que va a decidir qui\u00e9n quiere que sea el candidato a la presidencia de nuestro movimiento\u201d.<\/p>\n\n\n\n<p>Pero como dice el refr\u00e1n <strong>\u201clas palabras se las lleva el viento\u201d <\/strong>cuando no hay constancia, cuando se refuerza el dicho con los hechos.<\/p>\n\n\n\n<p>Hace algunos a\u00f1os, 1982, al profesor Jorge Murad en su campa\u00f1a para la presidencia municipal de Puebla le increp\u00f3 un priista de la Colonia 10 de Mayo al referirse a las promesas de los candidatos anteriores, <strong><em>\u201cdon Jorge <\/em><\/strong>-le dijo- <strong><em>las palabras son hembras, los hechos son machos\u201d<\/em><\/strong>, la reflexi\u00f3n fue aprovechada por don Jorge y sali\u00f3 entre aplausos.<\/p>\n\n\n\n<p>La pol\u00edtica poblana ha estado plasmada de ejemplos donde las palabras se las lleva el viento, y el cambio de chaleco viene a demostrar una de las pr\u00e1cticas m\u00e1s ancestrales derivada de lo dicho por Fidel Vel\u00e1zquez.<\/p>\n\n\n\n<p>Y retomando el mensaje de AMLO en Tamazunchale, \u201cya no hay tapados, ni hay destapes, ni hay cargadas\u201d, <strong>baste solo ver los sucedido en los \u00faltimos procesos electorales de Puebla<\/strong>, donde eso de <strong>\u201cla cargada\u201d se ha disfrazado de un acto de arrepentimiento, de contrici\u00f3n p\u00fablica<\/strong> y alejarse de&nbsp; los partidos originarios para auto inmolarse frente al respetable y declararse fiel seguidor al movimiento en el poder, o sea <strong>la cargada ha vuelto, est\u00e1 de moda<\/strong>, ha sido puesta en valor por priistas y panistas en aras de un com\u00fan denominador, <strong>no perder el poder<\/strong>.<\/p>\n\n\n\n<p>El Diccionario del Espa\u00f1ol de M\u00e9xico, resultado de las investigaciones sobre el idioma a partir de 1973, auspiciado por el Centro de Estudios Lingu\u00edsticos y Literarios de El Colegio de M\u00e9xico, explica as\u00ed el fen\u00f3meno de <strong><em>\u201cla cargada\u201d<\/em><\/strong>:<\/p>\n\n\n\n<p><strong><em>1) Congregaci\u00f3n de oportunistas, sobre todo en el \u00e1mbito pol\u00edtico, que se re\u00fane espont\u00e1neamente para adherirse a un personaje que tenga el poder o las mejores posibilidades de hacerse de \u00e9l.<\/em><\/strong><\/p>\n\n\n\n<p><strong><em>2) Irse o entrarle a la cargada. Adherirse una persona o un grupo, con todo empe\u00f1o y de manera oportunista a la persona, al partido, etc. que cuenta con mayor posibilidad de triunfo o que tiene el poder: \u201cTan pronto se supo qui\u00e9n era el candidato, todos se fueron a la cargada\u201d.<\/em><\/strong><\/p>\n\n\n\n<p>M\u00e1s claro, ni el agua.<\/p>\n\n\n\n<p>O por lo menos, as\u00ed me lo parece.<\/p>\n\n\n\n<p><a href=\"mailto:losperiodistas.com.mx@gmail.com\">losperiodistas.com.mx@gmail.com<\/a><\/p>\n","protected":false},"excerpt":{"rendered":"<p>#PorSoleares | La cargada ha vuelto, est\u00e1 de moda, ha sido puesta en valor por priistas y panistas para no [&hellip;]<\/p>\n","protected":false},"author":1,"featured_media":67712,"comment_status":"open","ping_status":"open","sticky":false,"template":"","format":"standard","meta":{"site-sidebar-layout":"default","site-content-layout":"","ast-site-content-layout":"default","site-content-style":"default","site-sidebar-style":"default","ast-global-header-display":"","ast-banner-title-visibility":"","ast-main-header-display":"","ast-hfb-above-header-display":"","ast-hfb-below-header-display":"","ast-hfb-mobile-header-display":"","site-post-title":"","ast-breadcrumbs-content":"","ast-featured-img":"","footer-sml-layout":"","theme-transparent-header-meta":"","adv-header-id-meta":"","stick-header-meta":"","header-above-stick-meta":"","header-main-stick-meta":"","header-below-stick-meta":"","astra-migrate-meta-layouts":"default","ast-page-background-enabled":"default","ast-page-background-meta":{"desktop":{"background-color":"var(--ast-global-color-4)","background-image":"","background-repeat":"repeat","background-position":"center center","background-size":"auto","background-attachment":"scroll","background-type":"","background-media":"","overlay-type":"","overlay-color":"","overlay-opacity":"","overlay-gradient":""},"tablet":{"background-color":"","background-image":"","background-repeat":"repeat","background-position":"center center","background-size":"auto","background-attachment":"scroll","background-type":"","background-media":"","overlay-type":"","overlay-color":"","overlay-opacity":"","overlay-gradient":""},"mobile":{"background-color":"","background-image":"","background-repeat":"repeat","background-position":"center center","background-size":"auto","background-attachment":"scroll","background-type":"","background-media":"","overlay-type":"","overlay-color":"","overlay-opacity":"","overlay-gradient":""}},"ast-content-background-meta":{"desktop":{"background-color":"var(--ast-global-color-5)","background-image":"","background-repeat":"repeat","background-position":"center center","background-size":"auto","background-attachment":"scroll","background-type":"","background-media":"","overlay-type":"","overlay-color":"","overlay-opacity":"","overlay-gradient":""},"tablet":{"background-color":"var(--ast-global-color-5)","background-image":"","background-repeat":"repeat","background-position":"center center","background-size":"auto","background-attachment":"scroll","background-type":"","background-media":"","overlay-type":"","overlay-color":"","overlay-opacity":"","overlay-gradient":""},"mobile":{"background-color":"var(--ast-global-color-5)","background-image":"","background-repeat":"repeat","background-position":"center center","background-size":"auto","background-attachment":"scroll","background-type":"","background-media":"","overlay-type":"","overlay-color":"","overlay-opacity":"","overlay-gradient":""}},"footnotes":""},"categories":[8,5],"tags":[22055,22056,22057],"class_list":["post-67710","post","type-post","status-publish","format-standard","has-post-thumbnail","hentry","category-noticias","category-por-soleares","tag-cargada-politica-puebla","tag-morena-priistas","tag-panistas"],"_links":{"self":[{"href":"https:\/\/losperiodistas.com.mx\/portal\/wp-json\/wp\/v2\/posts\/67710","targetHints":{"allow":["GET"]}}],"collection":[{"href":"https:\/\/losperiodistas.com.mx\/portal\/wp-json\/wp\/v2\/posts"}],"about":[{"href":"https:\/\/losperiodistas.com.mx\/portal\/wp-json\/wp\/v2\/types\/post"}],"author":[{"embeddable":true,"href":"https:\/\/losperiodistas.com.mx\/portal\/wp-json\/wp\/v2\/users\/1"}],"replies":[{"embeddable":true,"href":"https:\/\/losperiodistas.com.mx\/portal\/wp-json\/wp\/v2\/comments?post=67710"}],"version-history":[{"count":1,"href":"https:\/\/losperiodistas.com.mx\/portal\/wp-json\/wp\/v2\/posts\/67710\/revisions"}],"predecessor-version":[{"id":67713,"href":"https:\/\/losperiodistas.com.mx\/portal\/wp-json\/wp\/v2\/posts\/67710\/revisions\/67713"}],"wp:featuredmedia":[{"embeddable":true,"href":"https:\/\/losperiodistas.com.mx\/portal\/wp-json\/wp\/v2\/media\/67712"}],"wp:attachment":[{"href":"https:\/\/losperiodistas.com.mx\/portal\/wp-json\/wp\/v2\/media?parent=67710"}],"wp:term":[{"taxonomy":"category","embeddable":true,"href":"https:\/\/losperiodistas.com.mx\/portal\/wp-json\/wp\/v2\/categories?post=67710"},{"taxonomy":"post_tag","embeddable":true,"href":"https:\/\/losperiodistas.com.mx\/portal\/wp-json\/wp\/v2\/tags?post=67710"}],"curies":[{"name":"wp","href":"https:\/\/api.w.org\/{rel}","templated":true}]}}