{"id":67707,"date":"2024-02-04T10:48:23","date_gmt":"2024-02-04T16:48:23","guid":{"rendered":"https:\/\/losperiodistas.com.mx\/portal\/?p=67707"},"modified":"2024-02-04T10:48:25","modified_gmt":"2024-02-04T16:48:25","slug":"advierte-zaldivar-un-sistema-de-injusticia-revista-r","status":"publish","type":"post","link":"https:\/\/losperiodistas.com.mx\/portal\/advierte-zaldivar-un-sistema-de-injusticia-revista-r\/","title":{"rendered":"Advierte Zald\u00edvar un &#8216;sistema de injusticia&#8217; | Revista R"},"content":{"rendered":"\n<figure class=\"wp-block-image\"><img decoding=\"async\" src=\"https:\/\/iphonegr.reforma.com\/libre\/online07\/imagetransformer2\/ImageTransformer.aspx?img=https:\/\/img.gruporeforma.com\/imagenes\/960x640\/6\/654\/5653852.jpg&amp;imagencompleta=1\" alt=\"Arturo Zald\u00edvar, ex Ministro de la Corte, actualmente colabora en el equipo de la candidata presidencial de Morena, Claudia Sheinbaum.\"\/><figcaption>Arturo Zald\u00edvar, ex Ministro de la Corte, actualmente colabora en el equipo de la candidata presidencial de Morena, Claudia Sheinbaum. Cr\u00e9dito: H\u00e9ctor Garc\u00eda<\/figcaption><\/figure>\n\n\n\n<p class=\"has-vivid-red-color has-text-color\"><strong>FRANCISCO ORTIZ \/ REVISTA R \/ REFORMA<\/strong><\/p>\n\n\n\n<p>nstalado en la campa\u00f1a de la aspirante presidencial&nbsp;<strong>Claudia&nbsp;<\/strong><strong>Sheinbaum<\/strong>&nbsp;(Morena-PT-PVEM), el&nbsp;<strong>ex Ministro Arturo Zald\u00edvar<\/strong>&nbsp;dice estar tranquilo con su decisi\u00f3n de participar en la construcci\u00f3n de un plan de Gobierno, a trav\u00e9s del di\u00e1logo con v\u00edctimas de desapariciones, feminicidios y desplazamientos forzados en busca de alternativas para encontrar justicia.<\/p>\n\n\n\n<p class=\"has-cyan-bluish-gray-background-color has-background\">CONTENIDO RELACIONADO<\/p>\n\n\n\n<ul class=\"wp-block-list\"><li><a href=\"https:\/\/www.reforma.com\/descarta-zaldivar-con-reforma-venganza-contra-pj\/ar2749256?v=7\">Descarta Zald\u00edvar, con reforma, venganza contra PJ<\/a><\/li><\/ul>\n\n\n\n<ul class=\"wp-block-list\"><li><a href=\"https:\/\/www.reforma.com\/va-corte-por-anular-reformas-de-amlo\/ar2746563?v=6\">Va Corte por anular reformas de AMLO<\/a><\/li><\/ul>\n\n\n\n<ul class=\"wp-block-list\"><li><a href=\"https:\/\/www.reforma.com\/oficializa-scjn-permiso-a-plaza-mexico-para-corridas\/ar2746242?v=2\">Oficializa SCJN permiso a Plaza M\u00e9xico para corridas<\/a><\/li><\/ul>\n\n\n\n<ul class=\"wp-block-list\"><li><a href=\"https:\/\/www.reforma.com\/critica-amlo-fallo-sobre-ayotzinapa-revela-carta-a-pina\/ar2744946?v=2\">Critica AMLO fallo sobre Ayotzinapa; revela carta a Pi\u00f1a<\/a><\/li><\/ul>\n\n\n\n<ul class=\"wp-block-list\"><li><a href=\"https:\/\/www.reforma.com\/tumba-corte-concesiones-de-agua-a-mineras-en-chihuahua\/ar2738237?v=2\">Tumba Corte concesiones de agua a mineras en Chihuahua<\/a><\/li><\/ul>\n\n\n\n<ul class=\"wp-block-list\"><li><a href=\"https:\/\/www.reforma.com\/confian-que-reglamentacion-destrabe-concesiones-mineras\/ar2626875\">Conf\u00edan que reglamentaci\u00f3n destrabe concesiones mineras<\/a><\/li><\/ul>\n\n\n\n<p><\/p>\n\n\n\n<p>\u00abA m\u00ed se me critic\u00f3 cuando votaba a favor del Gobierno, por simplificarlo. Nunca se discutieron mis argumentos, ni en el pleno de la&nbsp;<strong>Corte&nbsp;<\/strong>ni en la opini\u00f3n p\u00fablica ni en la llamada academia. Pero puedo sostener que los 14 a\u00f1os que estuve en la&nbsp;<strong>Corte&nbsp;<\/strong>fui congruente y consistente. Siempre vot\u00e9 de acuerdo a los mismos principios, a los mismos valores, yo no cambi\u00e9 porque cambi\u00f3 el sexenio\u00bb, defiende.<\/p>\n\n\n\n<p>En entrevista, opina sobre la propuesta de reforma al&nbsp;<strong>Poder Judicial<\/strong>&nbsp;y, sin decantarse con un m\u00e9todo para la selecci\u00f3n de&nbsp;<strong>jueces&nbsp;<\/strong>o&nbsp;<strong>Ministros de la&nbsp;<\/strong><strong>Suprema Corte<\/strong>, advierte la necesidad de considerar filtros; tambi\u00e9n cuestiona la construcci\u00f3n de una narrativa en el sentido de que existen Ministros fieles a la Constituci\u00f3n y otro de Ministras empleadas del Presidente.<\/p>\n\n\n\n<p>\u00abEsta dicotom\u00eda que se ha venido fortaleciendo, me parece que es falsa y ha hecho mucho da\u00f1o. Nunca se ve cu\u00e1les son los argumentos con los cuales las Ministras o Ministros llegan a sostener sus fallos. La&nbsp;<strong>Constituci\u00f3n&nbsp;<\/strong>no es autoevidente, se interpreta y puede tener distintas interpretaciones\u00bb, plantea.<em>\u00bfPor qu\u00e9 cuesta tanto trabajo alcanzar la justicia en este Pa\u00eds?<\/em><\/p>\n\n\n\n<p>Porque somos un Pa\u00eds con muchas carencias y problemas, con pobreza, con desigualdad desde hace much\u00edsimo tiempo, de tal suerte que la justicia ha estado identificada como un instrumento de los poderosos frente a los d\u00e9biles.&nbsp;<strong>Hemos constituido una justicia elitista que trata diferente a los que tienen dinero frente a los que no lo tienen<\/strong>; que en materia penal castiga sobre todo la pobreza y no la delincuencia, y que es especialmente cruel con las mujeres y que invisibiliza muchos problemas de desigualdad, de abusos, de violencia y es un problema que hemos venido arrastrando.<\/p>\n\n\n\n<p><em>\u00bfA qu\u00e9 se refiere cuando dice que la justicia especialmente cruel con&nbsp;<\/em><em>las mujeres?<br><\/em><em><br><\/em>Si analizamos todo el problema de la justicia con las mujeres, llegamos a esa conclusi\u00f3n. Yo lo vi desde que era Ministro, fui el primer presidente de la Corte que acude a un reclusorio a escuchar a las mujeres, ah\u00ed nos dieron cuenta de historias desgarradoras, de las injusticias que han sufrido, y en estos foros (en el equipo de&nbsp;<strong>Claudia Sheinbaum<\/strong>) hemos escuchado muchos testimonios de mujeres, en&nbsp;<strong>Oaxaca&nbsp;<\/strong>tuvimos todo un d\u00eda de escuchar a las mujeres, todo lo que sufren en materia penal: los abusos, las violaciones a sus derechos, las violaciones sexuales, el maltrato.<\/p>\n\n\n\n<p>Vivimos en una sociedad, no s\u00f3lo en M\u00e9xico, es generalizado, donde hay desigualdades estructurales entre el hombre y la mujer. La justicia en M\u00e9xico es cruel con la mujer porque est\u00e1n en una situaci\u00f3n de desigualdad y no hemos logrado todav\u00eda que se reviertan estas desigualdades, no hemos logrado igualar la cancha. Hace falta trabajar mucho en eso para tratar que en todos los sectores logremos la igualdad sustantiva entre el hombre y la mujer.<\/p>\n\n\n\n<p><em>Usted renunci\u00f3 de manera anticipada al Ministerio que ocupaba para&nbsp;<\/em><em>integrarse al equipo de Claudia Sheinbaum, \u00bfc\u00f3mo fue esta transici\u00f3n y&nbsp;<\/em><em>c\u00f3mo lo han recibido?<br><\/em><em><br><\/em>Fui construyendo una relaci\u00f3n de confianza y de aprecio con&nbsp;<strong>Claudia&nbsp;<\/strong><strong>Sheinbaum&nbsp;<\/strong>desde que era Jefa de Gobierno y yo presidente de la&nbsp;<strong>Corte<\/strong>. Siempre tuvimos una relaci\u00f3n muy cordial y de confianza, de honestidad, de cercan\u00eda. Cuando viene todo este proceso, de la elecci\u00f3n interna y de la alianza de los partidos que est\u00e1n compitiendo junto con&nbsp;<strong>Morena<\/strong>, se dio un di\u00e1logo y una invitaci\u00f3n para integrarme y generar un programa de Gobierno que atienda de manera eficiente la justicia. Reflexion\u00e9 sobre qu\u00e9 era lo correcto, yo me encontraba en mi parte final como Ministro, y pens\u00e9 que pod\u00eda servir mucho mejor tratando de coadyuvar para construir este plan de Gobierno.<\/p>\n\n\n\n<p>Me han recibido de manera muy amistosa, muy cordial. Me encuentro muy contento, muy satisfecho y muy tranquilo con la decisi\u00f3n que tom\u00e9. S\u00e9 que fue controvertida, puede serlo todav\u00eda, pero lo importante en la vida siempre me ha parecido a m\u00ed tomar las decisiones que a uno le parecen correctas.<\/p>\n\n\n\n<p><em>\u00bfPor qu\u00e9 estas injusticias no pudo resolverlas desde su&nbsp;<\/em><em>responsabilidad en la Suprema Corte?<br><\/em><em><br><\/em>Cuando tuve la responsabilidad de Ministro, un Ministro o una Ministra lo que hace es resolver temas. No s\u00f3lo fui congruente con esto que digo, sino a partir de las sentencias, de los proyectos y de los votos en que yo particip\u00e9 generamos todo un nuevo paradigma constitucional en materia de derechos humanos. Por ejemplo, establecimos el&nbsp;<strong>derecho de la mujer a la&nbsp;<\/strong><strong>interrupci\u00f3n legal de su embarazo<\/strong>, tomamos resoluciones para que aquellas mujeres que laboran en un centro de trabajo y despu\u00e9s en el hogar, cuando hay un divorcio tengan una compensaci\u00f3n econ\u00f3mica. He sido congruente con la agenda de los derechos humanos, particularmente las mujeres, las impuls\u00e9 como Ministro.<\/p>\n\n\n\n<p>Ahora nos toca, en un nivel distinto, escuchar a la sociedad. Aqu\u00ed incorporo todo lo que escuch\u00e9 durante 14 a\u00f1os, porque como Ministro y presidente de la Corte, me reun\u00ed con todas las organizaciones sociales, con las v\u00edctimas, con las mujeres y, particularmente, con grupos vulnerables. Siempre lo hice. Hoy incorporo todo eso para poder hacer un programa de Gobierno que incorpore el dolor de la gente, pero con medidas que puedan ser viables, realistas, efectivas, porque creo que de ret\u00f3rica de los derechos humanos y de la justicia ya estamos hartos. Estos di\u00e1logos son muy importantes y estoy seguro de que va a salir un documento muy s\u00f3lido.<\/p>\n\n\n\n<p><em>Ministro Zald\u00edvar, supongo que en estos di\u00e1logos se ha encontrado&nbsp;<\/em><em>tambi\u00e9n con la crisis de desaparecidos.<br><\/em><em><br><\/em>Los di\u00e1logos de la transformaci\u00f3n tienen dos esquemas: los foros abiertos y tambi\u00e9n mesas de trabajo cerradas. Tuvimos una mesa de trabajo con familiares y organizaciones relacionadas con personas desaparecidas, escuchamos ah\u00ed sus historias y hemos detectado medidas concretas que propondremos en su momento.<\/p>\n\n\n\n<p>Con este ejercicio de acercamiento a la sociedad en materia de justicia estamos viendo todos los problemas, no estamos escogiendo algunos para lavarle la cara a un proyecto, estamos escuchando los problemas serios de la sociedad:&nbsp;<strong>desaparecidos, feminicidios, desplazados, migrantes,&nbsp;<\/strong><strong>refugiados, el tema de las prisiones<\/strong>. Por donde volteemos tenemos problemas en la justicia. En estos a\u00f1os de transformaci\u00f3n el Pa\u00eds se democratiz\u00f3 y avanz\u00f3 en muchos aspectos, pero la gran ausente fue la justicia.<\/p>\n\n\n\n<p><em>\u00bfQu\u00e9 alternativas est\u00e1n explorando? D\u00e9nos un avance.<br><\/em><em><br><\/em>No tengo en este momento todav\u00eda la propuesta completa, pero s\u00ed le puedo se\u00f1alar que&nbsp;<strong>un problema recurrente es el tema de las fiscal\u00edas<\/strong>, que las fiscal\u00edas no investigan, que revictimizan a las personas y que hay ah\u00ed un hueco que genera mucha impunidad. Entonces, tenemos que realmente tomarnos en serio qu\u00e9 vamos a hacer con las fiscal\u00edas.<\/p>\n\n\n\n<p>Otro tema es la justicia local, siempre cuando hablamos del&nbsp;<strong>Poder&nbsp;<\/strong><strong>Judicial<\/strong>, uno piensa en la&nbsp;<strong>Corte&nbsp;<\/strong>o en el&nbsp;<strong>Poder Judicial Federal<\/strong>, pero la justicia local lleva m\u00e1s del 80 por ciento de los asuntos en M\u00e9xico. Entonces, tenemos que hacer una reflexi\u00f3n y generar propuestas para la justicia local.<\/p>\n\n\n\n<p>Las defensor\u00edas p\u00fablicas no est\u00e1n cumpliendo su funci\u00f3n. Requerimos que estos abogados y abogadas de los pobres realmente funcionen para que la gente m\u00e1s humilde tenga una defensa adecuada. Cuando yo fui presidente de la Corte, liberamos en cuatro a\u00f1os a m\u00e1s de 44 mil personas. Entonces, se puede. Ese reto de las defensor\u00edas p\u00fablicas que lleguen a todo el Pa\u00eds con abogados y abogadas de calidad puede cambiar la justicia de las personas.<\/p>\n\n\n\n<p>Pero no todo es penal, tambi\u00e9n hay que revisar los m\u00e9todos alternativos de soluci\u00f3n de controversias. No todo tiene que llegar a jueces, tenemos que buscar otros m\u00e9todos o incluso, estando con jueces, m\u00e9todos distintos al litigio. Y la justicia c\u00edvica, porque la justicia c\u00edvica genera mucho malestar. El vecino ruidoso, el vecino que deja basura, el que no quita su autom\u00f3vil de la cochera. Y esos peque\u00f1os conflictos generan violencia, inseguridad y malestar de la sociedad y no tenemos v\u00edas adecuadas para resolverlos.<\/p>\n\n\n\n<p>Por \u00faltimo, los abogados y abogadas que tambi\u00e9n son parte del problema. Tenemos que generar alg\u00fan mecanismo para elevar el nivel \u00e9tico y profesional de la abogac\u00eda en M\u00e9xico. Es un diagn\u00f3stico muy completo y la propuesta que haremos tambi\u00e9n, trataremos de que sea completa.<\/p>\n\n\n\n<p><em>Usted ha reconocido que en estos tiempos existe una separaci\u00f3n del&nbsp;<\/em><em>Poder Ejecutivo y del Poder Judicial. \u00bfEso es bueno para la democracia en&nbsp;<\/em><em>M\u00e9xico, no es as\u00ed?<br><\/em><em><br><\/em>S\u00ed, por supuesto. La separaci\u00f3n y la divisi\u00f3n de poderes es sana, necesaria e indispensable, pero eso no implica enfrentamiento ni falta de coordinaci\u00f3n, no implica falta de di\u00e1logo entre los poderes, porque todos los poderes somos parte del Estado mexicano. A veces se confunde y pareciera que hablar de separaci\u00f3n de poderes tiene que implicar una discordia entre los \u00f3rganos, entre los poderes del Estado. Eso no es sano.<\/p>\n\n\n\n<p>En ning\u00fan pa\u00eds del mundo que los poderes est\u00e9n enfrentados ayuda a la gente, porque al fin y al cabo, la \u00fanica finalidad de los poderes del Estado es generar un pa\u00eds en el que la gente viva mejor, no un pa\u00eds en donde nosotros nos estemos peleando, los poderes est\u00e9n peleando y la gente est\u00e9 olvidada.<\/p>\n\n\n\n<p><em>\u00bfQu\u00e9 opini\u00f3n le merece los fallos recientes de esta Corte en temas&nbsp;<\/em><em>relevantes para la administraci\u00f3n del Presidente L\u00f3pez Obrador?<\/em><\/p>\n\n\n\n<p>Que haya distintas opiniones en la&nbsp;<strong>Corte&nbsp;<\/strong>que en cualquier tribunal constitucional es totalmente normal. Lo que no es correcto es una narrativa que se impuls\u00f3 y se sigue impulsando desde los medios de comunicaci\u00f3n en el sentido de que hay un grupo de Ministros que son fieles a la&nbsp;<strong>Constituci\u00f3n<\/strong>, que son congruentes al mandato constitucional y que son independientes; y otro grupo de Ministros menor, en relaci\u00f3n a los 11, que son empleados del&nbsp;<strong>Presidente<\/strong>, que no votan constitucionalmente, que votan pol\u00edticamente.<\/p>\n\n\n\n<p>Eso ha hecho mucho da\u00f1o porque ahora parece que lo que es ser Ministro y ser independiente es votar en contra del Gobierno. Y la independencia no es s\u00f3lo del Gobierno, es de los poderes f\u00e1cticos, de los poderes medi\u00e1ticos y econ\u00f3micos, obviamente de la&nbsp;<strong>delincuencia&nbsp;<\/strong><strong>organizada<\/strong>&nbsp;y de los partidos pol\u00edticos. Esta dicotom\u00eda que se ha venido, esta narrativa que se ha venido fortaleciendo, a m\u00ed me parece que es falsa y adem\u00e1s ha hecho mucho da\u00f1o.<\/p>\n\n\n\n<p>Lo que tenemos que ver, y nunca se ve, es cu\u00e1les son los argumentos con los cuales las Ministras o Ministros llegan a sostener sus fallos. Normalmente se dice aqu\u00ed est\u00e1n los ocho Ministros independientes y aqu\u00ed est\u00e1n las tres Ministras sumisas del poder, y esto no es as\u00ed.&nbsp;<strong>La Constituci\u00f3n no es&nbsp;<\/strong><strong>autoevidente<\/strong>. Si la Constituci\u00f3n fuera autoevidente, no se requerir\u00edan tribunales constitucionales y menos tribunales constitucionales colegiados. La Constituci\u00f3n se interpreta y puede tener distintas interpretaciones.<\/p>\n\n\n\n<p><em>\u00bfPero no es el propio Presidente quien contribuye a la dicotom\u00eda que&nbsp;<\/em><em>usted plantea, cuando lanza cuestionamientos a jueces y ministros por sus&nbsp;<\/em><em>resoluciones?<\/em><\/p>\n\n\n\n<p>Es l\u00f3gico que los actores pol\u00edticos traten de presentar sus opiniones sobre las cosas que deciden los jueces. Aqu\u00ed se han escandalizado mucho porque el Presidente ha sido cr\u00edtico con la&nbsp;<strong>Corte<\/strong>. En Estados Unidos el&nbsp;<strong>Presidente Joe Biden<\/strong>&nbsp;tambi\u00e9n ha sido cr\u00edtico con la Corte y all\u00e1 nadie se escandaliza. Tampoco veo a los opin\u00f3logos mexicanos escandalizados de que all\u00e1 no hay independencia, etc\u00e9tera.<\/p>\n\n\n\n<p>Una cosa es lo que se diga por los actores pol\u00edticos, que es entendible, y otra cosa es lo que informen los medios y lo que opine la academia. Porque cuando un acad\u00e9mico opina desde una perspectiva pol\u00edtica, se vale; pero entonces, que no diga que su opini\u00f3n es como acad\u00e9mico cuando participa en organizaciones que son claramente opuestas al Gobierno.&nbsp;<strong>Ah\u00ed es donde creo que tambi\u00e9n hace falta exigirle a la academia y a la comentocracia un poco m\u00e1s de honestidad intelectual porque aparentan una neutralidad que no tienen.<\/strong><\/p>\n\n\n\n<p><em>\u00bfQu\u00e9 opini\u00f3n tiene de la elecci\u00f3n de Ministros y jueces, por voto&nbsp;<\/em><em>popular? \u00bfLo ve \u00fatil s\u00f3lo en lo federal o tambi\u00e9n a nivel local?<br><\/em><em><br><\/em>Estamos a la espera de las iniciativas que presentar\u00e1 el&nbsp;<strong>Presidente&nbsp;<\/strong>el lunes 5 de febrero, en ese momento sabremos cu\u00e1l es su propuesta para reformar al&nbsp;<strong>Poder Judicial federal&nbsp;<\/strong>y creo que ser\u00e1 a partir de ah\u00ed donde podremos valorar de manera completa la propuesta. Me quedo en este momento s\u00f3lo en lo que tiene que ver con Ministras y Ministros.<\/p>\n\n\n\n<p>Lo primero que hay que decir es que en ninguna parte del mundo hay un sistema de nombramiento de jueces y juezas constitucionales que no est\u00e9 ajeno de controversia y que no haya servido para partidizar el nombramiento de Magistrados, Magistradas, Ministras, Ministros, dependiendo c\u00f3mo se les llame en cada pa\u00eds. Es l\u00f3gico que los actores pol\u00edticos o los \u00f3rganos de poder que participan en un proceso de nombramiento de un Ministro o Ministra buscan perfiles cercanos a ellos.<\/p>\n\n\n\n<p>Un sistema que hab\u00eda funcionado muy bien, el de&nbsp;<strong>Estados Unidos<\/strong>, donde el Presidente postula un candidato o candidata y requiere ratificaci\u00f3n del&nbsp;<strong>Senado<\/strong>, permiti\u00f3 que se cambiara el perfil ideol\u00f3gico de la Corte en la administraci\u00f3n pasada y hoy esa Corte ha echado para atr\u00e1s derechos humanos de las mujeres de los&nbsp;<strong>Estados Unidos de Am\u00e9rica<\/strong>&nbsp;que ten\u00edan garantizados hace 50 a\u00f1os.<\/p>\n\n\n\n<p>En todo el mundo hay un debate sobre la legitimidad de la justicia constitucional y esta propuesta de elegir popularmente a Ministros y Ministras est\u00e1 inserta en una l\u00ednea de tratar de buscar soluciones a sistemas que quiz\u00e1s no han sido satisfactorios. Esto creo que no implica que se abra de manera generalizada la elecci\u00f3n, es decir, que cualquier persona con un t\u00edtulo de abogado vaya y se inscriba, sino me parece que tendr\u00e1 que haber alg\u00fan filtro.<\/p>\n\n\n\n<p>Ya el Presidente dio un indicio el a\u00f1o pasado cuando mand\u00f3 su iniciativa de&nbsp;<strong>reforma electoral<\/strong>. Recordar\u00e1n que ah\u00ed, para elegir a los candidatos, a los&nbsp;<strong>consejeros del INE<\/strong>, hab\u00eda una propuesta de 10 candidatos y candidatas del Presidente, 5 del Senado, 5 diputados y 10 de la Corte. Entonces, yo supongo, no conozco la iniciativa, que tendr\u00e1 que ser algo similar.<\/p>\n\n\n\n<p>Si es as\u00ed, creo que no tenemos que descartarlo en autom\u00e1tico porque ya tenemos un filtro bastante amplio en el sentido que todas las fuerzas pol\u00edticas participan y porque los Ministros o Ministras que eventualmente sean electos en ese proceso van a estar m\u00e1s alejados de los partidos pol\u00edticos que como se eligen hoy. Esos Ministros o Ministras van a estar menos comprometidos porque no va a haber quien los design\u00f3.<\/p>\n\n\n\n<p>En este momento no estoy, y quiero ser muy claro, no estoy decant\u00e1ndome por esa postura, simplemente digo que es una posici\u00f3n o una propuesta que me parece que tenemos que analizar de manera abierta, no descartarla de inmediato, porque si la descartamos, quienes la descarten, pues ah\u00ed se a\u00edslan del debate.<\/p>\n\n\n\n<p><em>A partir de lo que nos ha comentado y su participaci\u00f3n en este&nbsp;<\/em><em>ejercicio \u00bfqu\u00e9 resumen hace sobre la justicia en el Pa\u00eds y qu\u00e9 futuro avizora?<\/em><\/p>\n\n\n\n<p>Primero, decir que tenemos un sistema de justicia que no merece ser denominado tal, es un sistema de injusticia, que requerimos una reforma integral y profunda, y que si no se hace, creo que las condiciones del Pa\u00eds se van a ir deteriorando, sin justicia no puede haber seguridad, sin justicia no hay democracia, no hay paz, no hay derechos.<\/p>\n\n\n\n<p>Entonces tenemos que recuperar, si es que alg\u00fan d\u00eda la hubo, esa confianza de la gente, para que la justicia sea un cauce de soluci\u00f3n pac\u00edfico de controversias, y a trav\u00e9s de una justicia m\u00e1s cercana a la gente, m\u00e1s abierta, m\u00e1s sensible, podamos efectivamente avanzar hacia un Pa\u00eds m\u00e1s justo y m\u00e1s igualitario. La justicia est\u00e1 en el coraz\u00f3n de todos los problemas de M\u00e9xico como Pa\u00eds.<\/p>\n\n\n\n<figure class=\"wp-block-embed is-type-video is-provider-youtube wp-block-embed-youtube wp-embed-aspect-16-9 wp-has-aspect-ratio\"><div class=\"wp-block-embed__wrapper\">\n<iframe title=\"&#039;Tenemos un sistema de injusticia&#039;\" width=\"500\" height=\"281\" src=\"https:\/\/www.youtube.com\/embed\/hbMUCd5j_TI?feature=oembed\" frameborder=\"0\" allow=\"accelerometer; autoplay; clipboard-write; encrypted-media; gyroscope; picture-in-picture; web-share\" referrerpolicy=\"strict-origin-when-cross-origin\" allowfullscreen><\/iframe>\n<\/div><\/figure>\n\n\n\n<p>Fuente: <a href=\"https:\/\/www.reforma.com\/advierte-zaldivar-un-sistema-de-injusticia\/ar2751354?v=\">https:\/\/www.reforma.com\/advierte-zaldivar-un-sistema-de-injusticia\/ar2751354?v=<\/a><\/p>\n","protected":false},"excerpt":{"rendered":"<p>FRANCISCO ORTIZ \/ REVISTA R \/ REFORMA nstalado en la campa\u00f1a de la aspirante presidencial&nbsp;Claudia&nbsp;Sheinbaum&nbsp;(Morena-PT-PVEM), el&nbsp;ex Ministro Arturo Zald\u00edvar&nbsp;dice estar [&hellip;]<\/p>\n","protected":false},"author":1,"featured_media":67708,"comment_status":"open","ping_status":"open","sticky":false,"template":"","format":"standard","meta":{"site-sidebar-layout":"default","site-content-layout":"","ast-site-content-layout":"default","site-content-style":"default","site-sidebar-style":"default","ast-global-header-display":"","ast-banner-title-visibility":"","ast-main-header-display":"","ast-hfb-above-header-display":"","ast-hfb-below-header-display":"","ast-hfb-mobile-header-display":"","site-post-title":"","ast-breadcrumbs-content":"","ast-featured-img":"","footer-sml-layout":"","theme-transparent-header-meta":"","adv-header-id-meta":"","stick-header-meta":"","header-above-stick-meta":"","header-main-stick-meta":"","header-below-stick-meta":"","astra-migrate-meta-layouts":"default","ast-page-background-enabled":"default","ast-page-background-meta":{"desktop":{"background-color":"var(--ast-global-color-4)","background-image":"","background-repeat":"repeat","background-position":"center center","background-size":"auto","background-attachment":"scroll","background-type":"","background-media":"","overlay-type":"","overlay-color":"","overlay-opacity":"","overlay-gradient":""},"tablet":{"background-color":"","background-image":"","background-repeat":"repeat","background-position":"center center","background-size":"auto","background-attachment":"scroll","background-type":"","background-media":"","overlay-type":"","overlay-color":"","overlay-opacity":"","overlay-gradient":""},"mobile":{"background-color":"","background-image":"","background-repeat":"repeat","background-position":"center center","background-size":"auto","background-attachment":"scroll","background-type":"","background-media":"","overlay-type":"","overlay-color":"","overlay-opacity":"","overlay-gradient":""}},"ast-content-background-meta":{"desktop":{"background-color":"var(--ast-global-color-5)","background-image":"","background-repeat":"repeat","background-position":"center center","background-size":"auto","background-attachment":"scroll","background-type":"","background-media":"","overlay-type":"","overlay-color":"","overlay-opacity":"","overlay-gradient":""},"tablet":{"background-color":"var(--ast-global-color-5)","background-image":"","background-repeat":"repeat","background-position":"center center","background-size":"auto","background-attachment":"scroll","background-type":"","background-media":"","overlay-type":"","overlay-color":"","overlay-opacity":"","overlay-gradient":""},"mobile":{"background-color":"var(--ast-global-color-5)","background-image":"","background-repeat":"repeat","background-position":"center center","background-size":"auto","background-attachment":"scroll","background-type":"","background-media":"","overlay-type":"","overlay-color":"","overlay-opacity":"","overlay-gradient":""}},"footnotes":""},"categories":[8],"tags":[1194,22054,22053],"class_list":["post-67707","post","type-post","status-publish","format-standard","has-post-thumbnail","hentry","category-noticias","tag-arturo-zaldivar","tag-revista-r","tag-sistema-de-injusticia"],"_links":{"self":[{"href":"https:\/\/losperiodistas.com.mx\/portal\/wp-json\/wp\/v2\/posts\/67707","targetHints":{"allow":["GET"]}}],"collection":[{"href":"https:\/\/losperiodistas.com.mx\/portal\/wp-json\/wp\/v2\/posts"}],"about":[{"href":"https:\/\/losperiodistas.com.mx\/portal\/wp-json\/wp\/v2\/types\/post"}],"author":[{"embeddable":true,"href":"https:\/\/losperiodistas.com.mx\/portal\/wp-json\/wp\/v2\/users\/1"}],"replies":[{"embeddable":true,"href":"https:\/\/losperiodistas.com.mx\/portal\/wp-json\/wp\/v2\/comments?post=67707"}],"version-history":[{"count":1,"href":"https:\/\/losperiodistas.com.mx\/portal\/wp-json\/wp\/v2\/posts\/67707\/revisions"}],"predecessor-version":[{"id":67709,"href":"https:\/\/losperiodistas.com.mx\/portal\/wp-json\/wp\/v2\/posts\/67707\/revisions\/67709"}],"wp:featuredmedia":[{"embeddable":true,"href":"https:\/\/losperiodistas.com.mx\/portal\/wp-json\/wp\/v2\/media\/67708"}],"wp:attachment":[{"href":"https:\/\/losperiodistas.com.mx\/portal\/wp-json\/wp\/v2\/media?parent=67707"}],"wp:term":[{"taxonomy":"category","embeddable":true,"href":"https:\/\/losperiodistas.com.mx\/portal\/wp-json\/wp\/v2\/categories?post=67707"},{"taxonomy":"post_tag","embeddable":true,"href":"https:\/\/losperiodistas.com.mx\/portal\/wp-json\/wp\/v2\/tags?post=67707"}],"curies":[{"name":"wp","href":"https:\/\/api.w.org\/{rel}","templated":true}]}}