{"id":6770,"date":"2021-04-10T19:50:28","date_gmt":"2021-04-11T00:50:28","guid":{"rendered":"http:\/\/losperiodistas.com.mx\/portal\/?p=6770"},"modified":"2021-04-10T20:09:31","modified_gmt":"2021-04-11T01:09:31","slug":"isabel-ii-no-abdicara-tras-la-muerte-del-duque-de-edimburgo-la-razon","status":"publish","type":"post","link":"https:\/\/losperiodistas.com.mx\/portal\/isabel-ii-no-abdicara-tras-la-muerte-del-duque-de-edimburgo-la-razon\/","title":{"rendered":"Isabel II no abdicar\u00e1 tras la muerte del duque de Edimburgo | La Raz\u00f3n"},"content":{"rendered":"\n<p style=\"font-size:18px\"><em>Tras 69 a\u00f1os de reinado, la soberana afronta una profunda crisis en la casa real<\/em><\/p>\n\n\n\n<figure class=\"wp-block-image size-large\"><img fetchpriority=\"high\" decoding=\"async\" width=\"1024\" height=\"736\" src=\"https:\/\/losperiodistas.com.mx\/portal\/wp-content\/uploads\/2021\/04\/Captura-de-Pantalla-2021-04-10-a-las-19.44.31-1024x736.png\" alt=\"\" class=\"wp-image-6771\" srcset=\"https:\/\/losperiodistas.com.mx\/portal\/wp-content\/uploads\/2021\/04\/Captura-de-Pantalla-2021-04-10-a-las-19.44.31-1024x736.png 1024w, https:\/\/losperiodistas.com.mx\/portal\/wp-content\/uploads\/2021\/04\/Captura-de-Pantalla-2021-04-10-a-las-19.44.31-300x216.png 300w, https:\/\/losperiodistas.com.mx\/portal\/wp-content\/uploads\/2021\/04\/Captura-de-Pantalla-2021-04-10-a-las-19.44.31-768x552.png 768w, https:\/\/losperiodistas.com.mx\/portal\/wp-content\/uploads\/2021\/04\/Captura-de-Pantalla-2021-04-10-a-las-19.44.31.png 1208w\" sizes=\"(max-width: 1024px) 100vw, 1024px\" \/><\/figure>\n\n\n\n<p class=\"has-vivid-cyan-blue-color has-text-color has-medium-font-size\">GONZALO CA\u00d1ADA \/ Londres \/ LA RAZ\u00d3N<\/p>\n\n\n\n<p><a href=\"https:\/\/www.larazon.es\/internacional\/20210410\/uhdp6kusxrgoveezfwe5mzjpcu.html\" target=\"_blank\" rel=\"noreferrer noopener\">El fallecimiento a los 99 a\u00f1os del duque de Edimburgo<\/a>\u00a0quiz\u00e1s no ha pillado a nadie por sorpresa debido a su avanzada edad y sus recientes problemas de salud, pero sin duda ha vuelto a poner en cuesti\u00f3n los siguientes pasos de la monarqu\u00eda brit\u00e1nica.<\/p>\n\n\n\n<h3 class=\"wp-block-heading\">Noticias relacionadas<\/h3>\n\n\n\n<hr class=\"wp-block-separator\"\/>\n\n\n\n<ul class=\"wp-block-list\"><li><a href=\"https:\/\/www.larazon.es\/internacional\/20210411\/u33saxi2czdmxoa2rjiskxxtqa.html\">Internacional.El pr\u00edncipe Eduardo, el nuevo duque de Edimburgo<\/a><\/li><\/ul>\n\n\n\n<p>La posibilidad de que Isabel II se plantee abdicar debido a la muerte de su esposo&nbsp;<strong>parece de momento bastante descartada<\/strong>, seg\u00fan expertos en la familia real como el historiador Hugo Vickers. \u00abTodo parece indicar que la reina&nbsp;<strong>se encuentra en muy buen estado de salud, por lo que continuar\u00e1 en su puesto<\/strong>&nbsp;tanto tiempo como sea posible\u00bb, se\u00f1ala.<\/p>\n\n\n\n<p>Hay que recordar la admiraci\u00f3n que profesan los brit\u00e1nicos a la casa real y, en especial, a la reina Isabel, quien lleva ya 69 a\u00f1os en el trono. Sin embargo, el asunto de una posible abdicaci\u00f3n\u00a0<strong>se lleva rumoreando desde hace un tiempo por su avanzada edad<\/strong>. Por ejemplo, una encuesta reciente del \u00abDaily Mirror\u00bb, mostraba que el 48% prefiere que ceda el testigo a las siguientes generaciones.<\/p>\n\n\n\n<p>Y decimos siguientes generaciones y no espec\u00edficamente a su hijo, el pr\u00edncipe Carlos de Gales, de 72 a\u00f1os, porque&nbsp;<strong>otra posibilidad ser\u00eda que la reina Isabel optara porque su nieto, el pr\u00edncipe Guillermo, duque de Cambridge, fuera el que le sucediera directamente en el trono.&nbsp;<\/strong>Esta misma encuesta apunta a que&nbsp;<strong>los ingleses preferir\u00edan que fuera Guillermo y no Carlos, quien suceda a la reina.<\/strong><\/p>\n\n\n\n<p>A pesar del trabajo incansable de Isabel II, es cierto que en los \u00faltimos a\u00f1os su presencia en eventos p\u00fablicos se ha reducido considerablemente en favor de su hijo Carlos, as\u00ed como de los duques de Cambridge. La muerte del duque de Edimburgo probablemente incrementar\u00e1 las responsabilidades de estos \u00faltimos, pero&nbsp;<strong>nada hace indicar que se vaya a producir una sucesi\u00f3n.<\/strong><\/p>\n\n\n\n<p>\u00abAunque la reina parece haber dado un peque\u00f1o paso atr\u00e1s y veremos m\u00e1s al pr\u00edncipe Carlos y al pr\u00edncipe Guillermo como representantes de la casa real, la reina seguir\u00e1 firmemente siendo la reina\u00bb, asegura, por ejemplo, el historiador brit\u00e1nico Robert Lacey, quien escribiera el libro oficial sobre la afamada serie de Netflix \u00abThe Crown\u00bb.<\/p>\n\n\n\n<p>La reina, tambi\u00e9n principal figura de la Commonwealth,&nbsp;<strong>siempre ha asegurado que \u00e9ste es \u00abun trabajo para toda la vida\u00bb<\/strong>. Una idea quiz\u00e1s asimilada por la forma en la que accedi\u00f3 al trono. Su t\u00edo, Eduardo VIII, tuvo que abdicar en favor de su hermano Jorge VI, padre de la reina. Se vio obligado a hacerlo debido a que antepuso su relaci\u00f3n con la estadounidense Wallis Simpson, que estaba divorciada, algo muy mal visto entre las \u00e9lites brit\u00e1nicas.<\/p>\n\n\n\n<p>Otra raz\u00f3n para no abdicar, seg\u00fan sostienes los expertos en la familia real, es que Isabel II, quien es tambi\u00e9n cabeza de la Iglesia anglicana y profundamente creyente,&nbsp;<a href=\"https:\/\/www.larazon.es\/internacional\/20210410\/jcx6kjnbbvhgvc5vkzjk4trctu.html\" target=\"_blank\" rel=\"noreferrer noopener\"><strong>considera que los votos que tom\u00f3 en su coronaci\u00f3n son inquebrantables.<\/strong><\/a><\/p>\n\n\n\n<p>Sin embargo, parece tambi\u00e9n claro que la muerte de una figura como el duque de Edimburgo, tan importante para la familia real brit\u00e1nica, es incluso m\u00e1s dura en un momento en el que la imagen de la instituci\u00f3n, siempre tan bien valorada por los brit\u00e1nicos, est\u00e1 algo m\u00e1s en entredicho por varias pol\u00e9micas recientes.<\/p>\n\n\n\n<p>Por un lado, el pr\u00edncipe Andr\u00e9s, tercer hijo de la reina, tuvo que ser apartado de la agenda, tras verse salpicado por el\u00a0<a href=\"https:\/\/www.larazon.es\/gente\/20201217\/pjz5haugw5h5tdbqg65f5di3lm.html\" target=\"_blank\" rel=\"noreferrer noopener\">\u201ccaso Epstein\u201d<\/a>\u00a0de abusos a menores. M\u00e1s recientemente,\u00a0<strong>Meghan, esposa de Enrique<\/strong>, nieto de la reina y hermano del pr\u00edncipe Guillermo,\u00a0<strong>acus\u00f3 a la familia real de racismo<\/strong>\u00a0en una entrevista en Estados Unidos. Sin duda, un mar de dudas e incertidumbre para una monarqu\u00eda y un pa\u00eds de luto.<\/p>\n\n\n\n<p>Fuente: https:\/\/www.larazon.es\/internacional\/20210410\/hx2rzf62rbe6bcmjdjbm3sjy6u.html<\/p>\n\n\n\n<p><\/p>\n","protected":false},"excerpt":{"rendered":"<p>Tras 69 a\u00f1os de reinado, la soberana afronta una profunda crisis en la casa real GONZALO CA\u00d1ADA \/ Londres \/ [&hellip;]<\/p>\n","protected":false},"author":1,"featured_media":6771,"comment_status":"open","ping_status":"open","sticky":false,"template":"","format":"standard","meta":{"site-sidebar-layout":"default","site-content-layout":"","ast-site-content-layout":"default","site-content-style":"default","site-sidebar-style":"default","ast-global-header-display":"","ast-banner-title-visibility":"","ast-main-header-display":"","ast-hfb-above-header-display":"","ast-hfb-below-header-display":"","ast-hfb-mobile-header-display":"","site-post-title":"","ast-breadcrumbs-content":"","ast-featured-img":"","footer-sml-layout":"","theme-transparent-header-meta":"","adv-header-id-meta":"","stick-header-meta":"","header-above-stick-meta":"","header-main-stick-meta":"","header-below-stick-meta":"","astra-migrate-meta-layouts":"default","ast-page-background-enabled":"default","ast-page-background-meta":{"desktop":{"background-color":"var(--ast-global-color-4)","background-image":"","background-repeat":"repeat","background-position":"center center","background-size":"auto","background-attachment":"scroll","background-type":"","background-media":"","overlay-type":"","overlay-color":"","overlay-opacity":"","overlay-gradient":""},"tablet":{"background-color":"","background-image":"","background-repeat":"repeat","background-position":"center center","background-size":"auto","background-attachment":"scroll","background-type":"","background-media":"","overlay-type":"","overlay-color":"","overlay-opacity":"","overlay-gradient":""},"mobile":{"background-color":"","background-image":"","background-repeat":"repeat","background-position":"center center","background-size":"auto","background-attachment":"scroll","background-type":"","background-media":"","overlay-type":"","overlay-color":"","overlay-opacity":"","overlay-gradient":""}},"ast-content-background-meta":{"desktop":{"background-color":"var(--ast-global-color-5)","background-image":"","background-repeat":"repeat","background-position":"center center","background-size":"auto","background-attachment":"scroll","background-type":"","background-media":"","overlay-type":"","overlay-color":"","overlay-opacity":"","overlay-gradient":""},"tablet":{"background-color":"var(--ast-global-color-5)","background-image":"","background-repeat":"repeat","background-position":"center center","background-size":"auto","background-attachment":"scroll","background-type":"","background-media":"","overlay-type":"","overlay-color":"","overlay-opacity":"","overlay-gradient":""},"mobile":{"background-color":"var(--ast-global-color-5)","background-image":"","background-repeat":"repeat","background-position":"center center","background-size":"auto","background-attachment":"scroll","background-type":"","background-media":"","overlay-type":"","overlay-color":"","overlay-opacity":"","overlay-gradient":""}},"footnotes":""},"categories":[8,1],"tags":[959,960],"class_list":["post-6770","post","type-post","status-publish","format-standard","has-post-thumbnail","hentry","category-noticias","category-sin-categoria","tag-isabel-ii","tag-reina-isabel-ii-no-abdica"],"_links":{"self":[{"href":"https:\/\/losperiodistas.com.mx\/portal\/wp-json\/wp\/v2\/posts\/6770","targetHints":{"allow":["GET"]}}],"collection":[{"href":"https:\/\/losperiodistas.com.mx\/portal\/wp-json\/wp\/v2\/posts"}],"about":[{"href":"https:\/\/losperiodistas.com.mx\/portal\/wp-json\/wp\/v2\/types\/post"}],"author":[{"embeddable":true,"href":"https:\/\/losperiodistas.com.mx\/portal\/wp-json\/wp\/v2\/users\/1"}],"replies":[{"embeddable":true,"href":"https:\/\/losperiodistas.com.mx\/portal\/wp-json\/wp\/v2\/comments?post=6770"}],"version-history":[{"count":1,"href":"https:\/\/losperiodistas.com.mx\/portal\/wp-json\/wp\/v2\/posts\/6770\/revisions"}],"predecessor-version":[{"id":6772,"href":"https:\/\/losperiodistas.com.mx\/portal\/wp-json\/wp\/v2\/posts\/6770\/revisions\/6772"}],"wp:featuredmedia":[{"embeddable":true,"href":"https:\/\/losperiodistas.com.mx\/portal\/wp-json\/wp\/v2\/media\/6771"}],"wp:attachment":[{"href":"https:\/\/losperiodistas.com.mx\/portal\/wp-json\/wp\/v2\/media?parent=6770"}],"wp:term":[{"taxonomy":"category","embeddable":true,"href":"https:\/\/losperiodistas.com.mx\/portal\/wp-json\/wp\/v2\/categories?post=6770"},{"taxonomy":"post_tag","embeddable":true,"href":"https:\/\/losperiodistas.com.mx\/portal\/wp-json\/wp\/v2\/tags?post=6770"}],"curies":[{"name":"wp","href":"https:\/\/api.w.org\/{rel}","templated":true}]}}