{"id":6767,"date":"2021-04-10T19:39:14","date_gmt":"2021-04-11T00:39:14","guid":{"rendered":"http:\/\/losperiodistas.com.mx\/portal\/?p=6767"},"modified":"2021-04-10T19:39:15","modified_gmt":"2021-04-11T00:39:15","slug":"amlo-reafirma-compromiso-con-el-pueblo-y-con-los-programas-sociales-la-jornada","status":"publish","type":"post","link":"https:\/\/losperiodistas.com.mx\/portal\/amlo-reafirma-compromiso-con-el-pueblo-y-con-los-programas-sociales-la-jornada\/","title":{"rendered":"AMLO reafirma compromiso con el pueblo y con los programas sociales | La Jornada"},"content":{"rendered":"\n<figure class=\"wp-block-image size-large\"><img fetchpriority=\"high\" decoding=\"async\" width=\"1024\" height=\"632\" src=\"https:\/\/losperiodistas.com.mx\/portal\/wp-content\/uploads\/2021\/04\/Captura-de-Pantalla-2021-04-10-a-las-19.35.42-1024x632.png\" alt=\"\" class=\"wp-image-6768\" srcset=\"https:\/\/losperiodistas.com.mx\/portal\/wp-content\/uploads\/2021\/04\/Captura-de-Pantalla-2021-04-10-a-las-19.35.42-1024x632.png 1024w, https:\/\/losperiodistas.com.mx\/portal\/wp-content\/uploads\/2021\/04\/Captura-de-Pantalla-2021-04-10-a-las-19.35.42-300x185.png 300w, https:\/\/losperiodistas.com.mx\/portal\/wp-content\/uploads\/2021\/04\/Captura-de-Pantalla-2021-04-10-a-las-19.35.42-768x474.png 768w, https:\/\/losperiodistas.com.mx\/portal\/wp-content\/uploads\/2021\/04\/Captura-de-Pantalla-2021-04-10-a-las-19.35.42.png 1430w\" sizes=\"(max-width: 1024px) 100vw, 1024px\" \/><\/figure>\n\n\n\n<p class=\"has-vivid-cyan-blue-color has-text-color has-medium-font-size\">FABIOLA MART\u00cdNEZ \/ LA JORNADA<\/p>\n\n\n\n<p>Al evocar a personajes de la \u00e9poca revolucionaria, el Presidente Andr\u00e9s Manuel L\u00f3pez Obrador dijo que no le puede fallar al pueblo porque fue apoyado por \u00e9ste, no por los oligarcas o los grandes caciques que se sent\u00edan due\u00f1os del pa\u00eds, por lo cual ahora su gobierno hace todo lo que puede para combatir la corrupci\u00f3n y que el presupuesto llegue a la gente.<\/p>\n\n\n\n<p>El mandatario viaj\u00f3 este s\u00e1bado a Ayoxuxtla, Puebla, donde se firm\u00f3 el Plan de Ayala, que demandaba el derecho de los campesinos a la tierra.<\/p>\n\n\n\n<p>En la remembranza dijo que la \u00fanica manera de que Francisco I. Madero pudo haber hecho realidad su lucha por la democracia, el principio de \u2018sufragio efectivo, no relecci\u00f3n\u2019, era contar con la base de apoyo popular que le dar\u00eda Emiliano Zapata. Sin embargo, se\u00f1al\u00f3, rompieron intrigas y diferencias de pensamiento.<\/p>\n\n\n\n<p>A trav\u00e9s de redes sociales, el mandatario dijo que la visita de este s\u00e1bado, cuando se conmemora el 102 aniversario luctuoso de Emiliano Zapata, fue \u201ccon mucha discreci\u00f3n por la pandemia y la veda\u201d (electoral).<\/p>\n\n\n\n<p>\u201cVine sin que nadie supiera, ni al gobernador de Puebla; le habl\u00e9 en el camino por tel\u00e9fono para decirle \u2018te informo que voy a Ayoxuxtla\u2019 porque no quiero que haya ning\u00fan acto, tenemos que seguirnos cuidando por la pandemia, pero adem\u00e1s ya estamos en veda electoral y no quiero que se malinterprete. Estamos llevando a cabo una conmemoraci\u00f3n c\u00edvica, hist\u00f3rica\u201d, se\u00f1al\u00f3.<\/p>\n\n\n\n<p>El presidente, acompa\u00f1ado por el secretario de Desarrollo Agrario, Territorial y Urbano, dijo que coincidi\u00f3 en el sitio con las autoridades de la comunidad considerada por los lugare\u00f1os \u201ccuna del agrarismo\u201d.<\/p>\n\n\n\n<p>\u201cAqu\u00ed me los encontr\u00e9\u201d, coment\u00f3.<\/p>\n\n\n\n<p>Margarito, presidente auxiliar del pueblo, perteneciente al ayuntamiento de Huehuetl\u00e1n El Chico, le pidi\u00f3 ayuda porque \u201cestamos muy abandonados\u201d y con obras inconclusas.<\/p>\n\n\n\n<p>Tambi\u00e9n le inform\u00f3 que ah\u00ed no han recibido ni la primera dosis de la vacuna anticovid \u201cy los viejos la necesitan\u201d.<\/p>\n\n\n\n<p>El presidente les respondi\u00f3 que ya est\u00e1n por terminar de vacunar a los adultos mayores.<\/p>\n\n\n\n<p>\u201cEspero, m\u00e1s con lo que nos est\u00e1s planteando, de que en unos 10 d\u00edas ya est\u00e9n todos vacunados, los adultos mayores\u2026antes del 20 (de abril) tienen que estar vacunados, con una sola dosis cuando menos, todos los adultos mayores del pa\u00eds. Ese es mi compromiso, ahora se est\u00e1n vacunando hasta 500 mil personas diarias\u201d.<\/p>\n\n\n\n<p>Les pidi\u00f3 que se siguieran cuidando (del coronavirus) y prometi\u00f3 que la pr\u00f3xima semana les van a llegar los biol\u00f3gicos.<\/p>\n\n\n\n<p>En la reuni\u00f3n tambi\u00e9n estuvo Pablo Santillo Galarza, presidente municipal suplente, y con un comunero, quien pidi\u00f3 les \u201cechara la mano\u201d con m\u00e1quinas para el campo, y para la reconstrucci\u00f3n de los estragos del sismo de 2017.<\/p>\n\n\n\n<p>L\u00f3pez Obrador les respondi\u00f3 que el est\u00e1 \u201cmuy comprometido con el pueblo, porque yo llegu\u00e9 a la Presidencia con el apoyo del pueblo, no me apoyaron los grandes caciques, los oligarcas, los que se sent\u00edan due\u00f1os de M\u00e9xico y entonces tengo que cumplirle al pueblo, no le puedo fallar. Entonces, estamos haciendo todo lo que podemos para que no haya corrupci\u00f3n y todo el presupuesto le llegue a la gente, se devuelva al pueblo, porque es del pueblo\u201d.<\/p>\n\n\n\n<p>Les habl\u00f3 de los programas sociales vigentes. \u201cSe est\u00e1 trabajando pero hace falta m\u00e1s\u201d.<\/p>\n\n\n\n<p>Yo vengo a decirles, indic\u00f3, que vamos a ayudar a todo el municipio y aqu\u00ed a Ayoxuxtla, zona que conoce \u2013 explic\u00f3- por los recorridos en campa\u00f1as electorales.<\/p>\n\n\n\n<p>\u201cVamos a ayudar, (es) mi palabra, adem\u00e1s porque yo ya hab\u00eda estado aqu\u00ed, creo que es la tercera o cuarta ocasi\u00f3n que estoy aqu\u00ed porque como tard\u00e9 un tiempo haciendo campa\u00f1a, bastantes a\u00f1os, soy un poco perseverante, dicen que necio, entonces, no dej\u00e9 de luchar\u201d, se\u00f1al\u00f3.<\/p>\n\n\n\n<p>Al final, Margarito le hizo una pregunta al Presidente: \u00bfc\u00f3mo le podemos hacer para independizar el pueblo?<\/p>\n\n\n\n<p>El mandatario ri\u00f3. Explic\u00f3 que Puebla tiene 217 municipios &#8211; el que tiene m\u00e1s es Oaxaca, con 570, y el tercero es Veracruz, con 212- y as\u00ed.<\/p>\n\n\n\n<p>Le se\u00f1al\u00f3 que tendr\u00edan que llevar su petici\u00f3n al congreso local.<\/p>\n\n\n\n<p>\u201cAun cuando no sean municipio, este es un pueblo que no se va a olvidar, porque antes, cuando dominaban otros, quer\u00edan que nos olvid\u00e1ramos de nuestra historia. Le llamaban los te\u00f3ricos de los oligargas, que pusieron las pol\u00edticas neoliberales, le llamaron el fin de la historia, \u2018para qu\u00e9 vas a estar ya recordando\u2019 a los h\u00e9roes, no, no, no, cambiaron hasta los contenidos de los libros de texto, quitaron el civismo, la \u00e9tica.<\/p>\n\n\n\n<p>Entonces, con el triunfo de nuestro movimiento va pa\u2019tr\u00e1s, es decir, c\u00f3mo no vamos a saber de d\u00f3nde venimos, \u00bfpor qu\u00e9 estoy aqu\u00ed? Nimodo que un presidente neoliberal, conservador, va a venir aqu\u00ed, eso no, entonces, ya hay una etapa nueva. Sea o no municipio este es un lugar hist\u00f3rico porque aqu\u00ed se firm\u00f3 el plan de Ayala y eso se va a saber cada vez m\u00e1s\u201d.<\/p>\n\n\n\n<p>Antes, indic\u00f3, como que se escond\u00eda la historia y enfrentamos a los que no quieren reconocer y piensan que Zapata fue un bandido, es lo mismo que nos pasa con Ju\u00e1rez, hay quienes no aceptan al que fue el principal presidente del pa\u00eds, s\u00f3lo porque fue ind\u00edgena, zapoteco, lo despreciaban, pero ahora Ju\u00e1rez regresa, c\u00f3mo vamos a olvidar a Madero, Carranza, los padres de la patria, no podemos.<\/p>\n\n\n\n<p>M\u00e9xico no es cualquier pa\u00eds, tiene la historia que ya quisieran otras naciones.<\/p>\n\n\n\n<p>HISTORIA<\/p>\n\n\n\n<p>En un video de media hora difundido en sus redes sociales \u2013 y transmitido en vivo por Youtube- el Presidente se\u00f1al\u00f3 que hoy se recuerda con tristeza el asesinato de Zapata, y se le rinde homenaje a este gran dirigente campesino y social.<\/p>\n\n\n\n<p>\u201cEl fue asesinado un d\u00eda como hoy, en 1919, en Chinameca, pero \u00bfpor qu\u00e9 es importante estar aqu\u00ed en Ayoxuxtla?, porque aqu\u00ed, el 28 de noviembre de 1911 se firm\u00f3 el Plan de Ayala\u201d.<\/p>\n\n\n\n<p>Explic\u00f3 que lo firm\u00f3 en ese sitio porque para entonces Zapata ya ten\u00eda diferencias con Madero, lo cual \u2013 expres\u00f3 el mandatario- yo lamento mucho porque era un hombre bueno, con ideales, con principios libertarios, una muy buena persona, pero desgraciadamente por las intrigas se rompi\u00f3 la amistad que originalmente ten\u00edan Zapata, que defend\u00eda a los campesinos \u2013 y exig\u00eda su derecho a la tierra- con el presidente Madero.<\/p>\n\n\n\n<p>Originalmente ten\u00edan buena relaci\u00f3n y se escrib\u00edan; cuando llega triunfante Madero y va a Cuernavaca, desde que sale de la estaci\u00f3n de ferrocarril hasta el Palacio de gobierno va junto Zapata con el.<\/p>\n\n\n\n<p>\u201cSe llevaban muy bien; sin embargo, eran dos personalidades distintas, aun con su inmensa bondad, Madero no entendi\u00f3 el problema agrario porque \u00e9l era del norte y all\u00e1 no hab\u00eda la tradici\u00f3n comunitaria en el uso de la tierra que hay en el sur, sureste y en el centro de la Rep\u00fablica.<\/p>\n\n\n\n<p>\u201cAll\u00e1 se pensaba m\u00e1s en la propiedad privada y cuando Zapata ped\u00eda la restituci\u00f3n de las tierras comunales, no lo entend\u00eda, no lo comprend\u00eda Madero. Si a esto le agregamos las intrigas, pues rompen. Entonces, en vez de llegar al acuerdo y que adem\u00e1s el presidente Madero se apoyara en las fuerzas zapatistas, en un movimiento popular, para resistir a los porfiristas, a la oligarqu\u00eda, a los generales que al final terminaron traicion\u00e1ndolo, asesin\u00e1ndolo de manera cobarde, la \u00fanica posibilidad que ten\u00eda Madero de hacer realidad su lema, su principio de \u2018sufragio efectivo, no relecci\u00f3n\u2019, que efectivamente el pueblo eligiera a sus autoridades, \u201cque se estableciera la democracia. La \u00fanica posibilidad era contar con una base de apoyo popular\u201d.<\/p>\n\n\n\n<p>Al romper con Zapata \u2013 prosigui\u00f3- se queda en el aire, sin ese sost\u00e9n, sin esa base, por lo cual luego lo traicionan.<\/p>\n\n\n\n<p>Record\u00f3 que cuando Madero toma la decisi\u00f3n de perseguir a Zapata, el Caudillo del Sur se viene de Morelos a Puebla y cerca de Ayoxuxtla, en los l\u00edmites tambi\u00e9n con Guerrero, se proteg\u00eda en este corredor.<\/p>\n\n\n\n<p>Por tanto, dijo L\u00f3pez Obrador, aunque aquel documento de llama Plan de Ayala, \u201cla verdad es que se firma aqu\u00ed en Ayoxuxtla; aqu\u00ed se desconoce a Madero y se afianza en ese plan la demanda de que se reconozcan las propiedades orginarias de los pueblos, es decir, que se les devuelvan las tierras que los hacendados les hab\u00edan quitado a los campesinos de Morelos y de otros estados del pa\u00eds porque como hab\u00eda mucha producci\u00f3n ca\u00f1era, iban creciendo las haciendas y arrebatando e invadiendo las tierras de los pueblos\u201d.<\/p>\n\n\n\n<p>Por eso estoy aqu\u00ed, se\u00f1al\u00f3, donde se firm\u00f3 el Plan de Ayala. \u201cLes cuento y con eso termino\u201d, dijo al tiempo de pasar la palabra a las autoridades de Ayoxuxtla.<\/p>\n\n\n\n<p>\u201cYo termino dici\u00e9ndoles que aqu\u00ed donde estamos era un jacal, una casa de palma y aqu\u00ed se re\u00fanen los dirigentes m\u00e1s importantes del ej\u00e9rcito zapatista y entonces aqu\u00ed se lee el Plan y se firma. El primero que firma es Emiliano Zapata, firma y sale de la choza y le dice a todos los que estaban \u2018el que no tenga miedo, que pase a firmar\u2019\u201d.<\/p>\n\n\n\n<p>Estamos recordando a un gran dirigente que luego fue traicionado y asesinado de manera cobarde en Chinameca, Morelos, el 10 de abril de 1919, a este dirigente agrarista que nunca vamos a olvidar.<\/p>\n\n\n\n<p>Fuente: https:\/\/www.jornada.com.mx\/notas\/2021\/04\/10\/politica\/amlo-recuerda-natalicio-de-zapata-de-visita-en-puebla\/<\/p>\n","protected":false},"excerpt":{"rendered":"<p>FABIOLA MART\u00cdNEZ \/ LA JORNADA Al evocar a personajes de la \u00e9poca revolucionaria, el Presidente Andr\u00e9s Manuel L\u00f3pez Obrador dijo [&hellip;]<\/p>\n","protected":false},"author":1,"featured_media":6768,"comment_status":"open","ping_status":"open","sticky":false,"template":"","format":"standard","meta":{"site-sidebar-layout":"default","site-content-layout":"","ast-site-content-layout":"default","site-content-style":"default","site-sidebar-style":"default","ast-global-header-display":"","ast-banner-title-visibility":"","ast-main-header-display":"","ast-hfb-above-header-display":"","ast-hfb-below-header-display":"","ast-hfb-mobile-header-display":"","site-post-title":"","ast-breadcrumbs-content":"","ast-featured-img":"","footer-sml-layout":"","theme-transparent-header-meta":"","adv-header-id-meta":"","stick-header-meta":"","header-above-stick-meta":"","header-main-stick-meta":"","header-below-stick-meta":"","astra-migrate-meta-layouts":"default","ast-page-background-enabled":"default","ast-page-background-meta":{"desktop":{"background-color":"var(--ast-global-color-4)","background-image":"","background-repeat":"repeat","background-position":"center center","background-size":"auto","background-attachment":"scroll","background-type":"","background-media":"","overlay-type":"","overlay-color":"","overlay-opacity":"","overlay-gradient":""},"tablet":{"background-color":"","background-image":"","background-repeat":"repeat","background-position":"center center","background-size":"auto","background-attachment":"scroll","background-type":"","background-media":"","overlay-type":"","overlay-color":"","overlay-opacity":"","overlay-gradient":""},"mobile":{"background-color":"","background-image":"","background-repeat":"repeat","background-position":"center center","background-size":"auto","background-attachment":"scroll","background-type":"","background-media":"","overlay-type":"","overlay-color":"","overlay-opacity":"","overlay-gradient":""}},"ast-content-background-meta":{"desktop":{"background-color":"var(--ast-global-color-5)","background-image":"","background-repeat":"repeat","background-position":"center center","background-size":"auto","background-attachment":"scroll","background-type":"","background-media":"","overlay-type":"","overlay-color":"","overlay-opacity":"","overlay-gradient":""},"tablet":{"background-color":"var(--ast-global-color-5)","background-image":"","background-repeat":"repeat","background-position":"center center","background-size":"auto","background-attachment":"scroll","background-type":"","background-media":"","overlay-type":"","overlay-color":"","overlay-opacity":"","overlay-gradient":""},"mobile":{"background-color":"var(--ast-global-color-5)","background-image":"","background-repeat":"repeat","background-position":"center center","background-size":"auto","background-attachment":"scroll","background-type":"","background-media":"","overlay-type":"","overlay-color":"","overlay-opacity":"","overlay-gradient":""}},"footnotes":""},"categories":[8],"tags":[957,958],"class_list":["post-6767","post","type-post","status-publish","format-standard","has-post-thumbnail","hentry","category-noticias","tag-ayoxuxtla-puebla","tag-emiliano-zapata"],"_links":{"self":[{"href":"https:\/\/losperiodistas.com.mx\/portal\/wp-json\/wp\/v2\/posts\/6767","targetHints":{"allow":["GET"]}}],"collection":[{"href":"https:\/\/losperiodistas.com.mx\/portal\/wp-json\/wp\/v2\/posts"}],"about":[{"href":"https:\/\/losperiodistas.com.mx\/portal\/wp-json\/wp\/v2\/types\/post"}],"author":[{"embeddable":true,"href":"https:\/\/losperiodistas.com.mx\/portal\/wp-json\/wp\/v2\/users\/1"}],"replies":[{"embeddable":true,"href":"https:\/\/losperiodistas.com.mx\/portal\/wp-json\/wp\/v2\/comments?post=6767"}],"version-history":[{"count":1,"href":"https:\/\/losperiodistas.com.mx\/portal\/wp-json\/wp\/v2\/posts\/6767\/revisions"}],"predecessor-version":[{"id":6769,"href":"https:\/\/losperiodistas.com.mx\/portal\/wp-json\/wp\/v2\/posts\/6767\/revisions\/6769"}],"wp:featuredmedia":[{"embeddable":true,"href":"https:\/\/losperiodistas.com.mx\/portal\/wp-json\/wp\/v2\/media\/6768"}],"wp:attachment":[{"href":"https:\/\/losperiodistas.com.mx\/portal\/wp-json\/wp\/v2\/media?parent=6767"}],"wp:term":[{"taxonomy":"category","embeddable":true,"href":"https:\/\/losperiodistas.com.mx\/portal\/wp-json\/wp\/v2\/categories?post=6767"},{"taxonomy":"post_tag","embeddable":true,"href":"https:\/\/losperiodistas.com.mx\/portal\/wp-json\/wp\/v2\/tags?post=6767"}],"curies":[{"name":"wp","href":"https:\/\/api.w.org\/{rel}","templated":true}]}}