{"id":67568,"date":"2024-02-05T14:39:09","date_gmt":"2024-02-05T20:39:09","guid":{"rendered":"https:\/\/losperiodistas.com.mx\/portal\/?p=67568"},"modified":"2024-02-05T20:09:08","modified_gmt":"2024-02-06T02:09:08","slug":"el-rey-carlos-iii-es-diagnosticado-de-cancer-anuncia-el-palacio-de-buckingham-bbc","status":"publish","type":"post","link":"https:\/\/losperiodistas.com.mx\/portal\/el-rey-carlos-iii-es-diagnosticado-de-cancer-anuncia-el-palacio-de-buckingham-bbc\/","title":{"rendered":"El rey Carlos III es diagnosticado de c\u00e1ncer, anuncia el Palacio de Buckingham | BBC"},"content":{"rendered":"\n<figure class=\"wp-block-image\"><img decoding=\"async\" src=\"https:\/\/ichef.bbci.co.uk\/news\/640\/cpsprodpb\/edee\/live\/5636ac10-c452-11ee-b9d0-fb24b0725763.jpg\" alt=\"Carlos III\"\/><figcaption>Getty Images<\/figcaption><\/figure>\n\n\n\n<p class=\"has-vivid-red-color has-text-color has-medium-font-size\"><strong>REDACCI\u00d3N BBC<\/strong><\/p>\n\n\n\n<p><\/p>\n\n\n\n<p>El monarca brit\u00e1nico continuar\u00e1 con sus funciones como jefe de Estado, pero se alejar\u00e1 de sus compromisos p\u00fablicos durante el tratamiento.<\/p>\n\n\n\n<p>En un comunicado, el Palacio inform\u00f3 que el rey \u00abse muestra optimista con su tratamiento y espera volver a desempe\u00f1ar plenamente sus funciones p\u00fablicas lo antes posible\u00bb.<\/p>\n\n\n\n<p>Buckingham no revel\u00f3 qu\u00e9 tipo de c\u00e1ncer padece el rey, pero inform\u00f3 de que no es c\u00e1ncer de pr\u00f3stata.<\/p>\n\n\n\n<p>La semana pasada, Carlos III fue dado de alta del hospital despu\u00e9s de una cirug\u00eda por agrandamiento de la pr\u00f3stata, una condici\u00f3n que el Palacio describi\u00f3 como benigna.<\/p>\n\n\n\n<p>El rey hab\u00eda decidido hacer p\u00fablico su tratamiento de pr\u00f3stata con el objetivo de animar a m\u00e1s hombres a hacerse este tipo controles, inform\u00f3 entonces el Palacio.<\/p>\n\n\n\n<h2 class=\"wp-block-heading\" id=\"Pausa-p\u00fablica\">Pausa p\u00fablica<\/h2>\n\n\n\n<p>El rey, de 75 a\u00f1os, regres\u00f3 a Londres desde Sandringham, en Norfolk, este lunes por la ma\u00f1ana y el Palacio indic\u00f3 que comenz\u00f3 ya su tratamiento ambulatorio.<\/p>\n\n\n\n<p>Aunque pausar\u00e1 sus actos p\u00fablicos,&nbsp;<strong>el rey continuar\u00e1 con su papel constitucional como jefe de Estado<\/strong>, incluidos tr\u00e1mites y reuniones privadas.<\/p>\n\n\n\n<p>La \u00faltima vez que fue visto p\u00fablicamente fue en un servicio religioso en Sandringham este domingo, donde salud\u00f3 a la multitud.<\/p>\n\n\n\n<p>Existe un mecanismo constitucional para cuando el jefe de Estado no puede llevar a cabo deberes oficiales; en esa circunstancia, se pueden nombrar \u00abconsejeros de Estado\u00bb para sustituir al monarca.<\/p>\n\n\n\n<p>En la actualidad, esa lista de consejeros incluye a la reina Camila, el pr\u00edncipe William, la princesa Anna y el pr\u00edncipe Edward.<\/p>\n\n\n\n<p>La BBC supo que el pr\u00edncipe Harry, quien vive en Estados Unidos, habl\u00f3 con su padre y viajar\u00e1 al Reino Unido para verlo en los pr\u00f3ximos d\u00edas.<\/p>\n\n\n\n<p>\u200bEl primer ministro brit\u00e1nico, Rishi Sunak, dese\u00f3 al rey una \u00abpronta y completa recuperaci\u00f3n\u00bb, al igual que el l\u00edder de la oposici\u00f3n, el laborista Keir Starmer.<\/p>\n\n\n\n<p>Las posibilidades de padecer ciertos tipos de c\u00e1ncer aumentan con la edad. En Reino Unido los datos revelan que cada a\u00f1o m\u00e1s de un tercio de los nuevos diagn\u00f3sticos de c\u00e1ncer se da en personas de 75 y m\u00e1s a\u00f1os.<\/p>\n\n\n\n<p>Fuente: <a href=\"https:\/\/www.bbc.com\/mundo\/articles\/c89negz7vd3o\">https:\/\/www.bbc.com\/mundo\/articles\/c89negz7vd3o<\/a><\/p>\n","protected":false},"excerpt":{"rendered":"<p>REDACCI\u00d3N BBC El monarca brit\u00e1nico continuar\u00e1 con sus funciones como jefe de Estado, pero se alejar\u00e1 de sus compromisos p\u00fablicos [&hellip;]<\/p>\n","protected":false},"author":1,"featured_media":67770,"comment_status":"open","ping_status":"open","sticky":false,"template":"","format":"standard","meta":{"site-sidebar-layout":"default","site-content-layout":"","ast-site-content-layout":"default","site-content-style":"default","site-sidebar-style":"default","ast-global-header-display":"","ast-banner-title-visibility":"","ast-main-header-display":"","ast-hfb-above-header-display":"","ast-hfb-below-header-display":"","ast-hfb-mobile-header-display":"","site-post-title":"","ast-breadcrumbs-content":"","ast-featured-img":"","footer-sml-layout":"","theme-transparent-header-meta":"","adv-header-id-meta":"","stick-header-meta":"","header-above-stick-meta":"","header-main-stick-meta":"","header-below-stick-meta":"","astra-migrate-meta-layouts":"default","ast-page-background-enabled":"default","ast-page-background-meta":{"desktop":{"background-color":"var(--ast-global-color-4)","background-image":"","background-repeat":"repeat","background-position":"center center","background-size":"auto","background-attachment":"scroll","background-type":"","background-media":"","overlay-type":"","overlay-color":"","overlay-opacity":"","overlay-gradient":""},"tablet":{"background-color":"","background-image":"","background-repeat":"repeat","background-position":"center center","background-size":"auto","background-attachment":"scroll","background-type":"","background-media":"","overlay-type":"","overlay-color":"","overlay-opacity":"","overlay-gradient":""},"mobile":{"background-color":"","background-image":"","background-repeat":"repeat","background-position":"center center","background-size":"auto","background-attachment":"scroll","background-type":"","background-media":"","overlay-type":"","overlay-color":"","overlay-opacity":"","overlay-gradient":""}},"ast-content-background-meta":{"desktop":{"background-color":"var(--ast-global-color-5)","background-image":"","background-repeat":"repeat","background-position":"center center","background-size":"auto","background-attachment":"scroll","background-type":"","background-media":"","overlay-type":"","overlay-color":"","overlay-opacity":"","overlay-gradient":""},"tablet":{"background-color":"var(--ast-global-color-5)","background-image":"","background-repeat":"repeat","background-position":"center center","background-size":"auto","background-attachment":"scroll","background-type":"","background-media":"","overlay-type":"","overlay-color":"","overlay-opacity":"","overlay-gradient":""},"mobile":{"background-color":"var(--ast-global-color-5)","background-image":"","background-repeat":"repeat","background-position":"center center","background-size":"auto","background-attachment":"scroll","background-type":"","background-media":"","overlay-type":"","overlay-color":"","overlay-opacity":"","overlay-gradient":""}},"footnotes":""},"categories":[8],"tags":[9838,15423],"class_list":["post-67568","post","type-post","status-publish","format-standard","has-post-thumbnail","hentry","category-noticias","tag-cancer-prostata","tag-carlos-iii-de-inglaterra"],"_links":{"self":[{"href":"https:\/\/losperiodistas.com.mx\/portal\/wp-json\/wp\/v2\/posts\/67568","targetHints":{"allow":["GET"]}}],"collection":[{"href":"https:\/\/losperiodistas.com.mx\/portal\/wp-json\/wp\/v2\/posts"}],"about":[{"href":"https:\/\/losperiodistas.com.mx\/portal\/wp-json\/wp\/v2\/types\/post"}],"author":[{"embeddable":true,"href":"https:\/\/losperiodistas.com.mx\/portal\/wp-json\/wp\/v2\/users\/1"}],"replies":[{"embeddable":true,"href":"https:\/\/losperiodistas.com.mx\/portal\/wp-json\/wp\/v2\/comments?post=67568"}],"version-history":[{"count":1,"href":"https:\/\/losperiodistas.com.mx\/portal\/wp-json\/wp\/v2\/posts\/67568\/revisions"}],"predecessor-version":[{"id":67769,"href":"https:\/\/losperiodistas.com.mx\/portal\/wp-json\/wp\/v2\/posts\/67568\/revisions\/67769"}],"wp:featuredmedia":[{"embeddable":true,"href":"https:\/\/losperiodistas.com.mx\/portal\/wp-json\/wp\/v2\/media\/67770"}],"wp:attachment":[{"href":"https:\/\/losperiodistas.com.mx\/portal\/wp-json\/wp\/v2\/media?parent=67568"}],"wp:term":[{"taxonomy":"category","embeddable":true,"href":"https:\/\/losperiodistas.com.mx\/portal\/wp-json\/wp\/v2\/categories?post=67568"},{"taxonomy":"post_tag","embeddable":true,"href":"https:\/\/losperiodistas.com.mx\/portal\/wp-json\/wp\/v2\/tags?post=67568"}],"curies":[{"name":"wp","href":"https:\/\/api.w.org\/{rel}","templated":true}]}}