{"id":67527,"date":"2024-02-01T10:28:56","date_gmt":"2024-02-01T16:28:56","guid":{"rendered":"https:\/\/losperiodistas.com.mx\/portal\/?p=67527"},"modified":"2024-02-01T10:28:58","modified_gmt":"2024-02-01T16:28:58","slug":"opinion-monologos-de-menade-con-el-gobernador-no","status":"publish","type":"post","link":"https:\/\/losperiodistas.com.mx\/portal\/opinion-monologos-de-menade-con-el-gobernador-no\/","title":{"rendered":"Opini\u00f3n | Mon\u00f3logos de M\u00e9nade | \u00a1Con el gobernador, no!"},"content":{"rendered":"\n<p class=\"has-medium-font-size\">Generalizar es el origen de las fobias, asegurar que estamos peor que nunca con el gobierno de Sergio Salom\u00f3n, no solo es osado, es extralimitado.<\/p>\n\n\n\n<p><\/p>\n\n\n\n<figure class=\"wp-block-image size-large\"><img fetchpriority=\"high\" decoding=\"async\" width=\"1024\" height=\"576\" src=\"https:\/\/losperiodistas.com.mx\/portal\/wp-content\/uploads\/2024\/02\/\u00a1Con-el-gobernador-no-1024x576.jpg\" alt=\"\" class=\"wp-image-67528\" srcset=\"https:\/\/losperiodistas.com.mx\/portal\/wp-content\/uploads\/2024\/02\/\u00a1Con-el-gobernador-no-1024x576.jpg 1024w, https:\/\/losperiodistas.com.mx\/portal\/wp-content\/uploads\/2024\/02\/\u00a1Con-el-gobernador-no-300x169.jpg 300w, https:\/\/losperiodistas.com.mx\/portal\/wp-content\/uploads\/2024\/02\/\u00a1Con-el-gobernador-no-768x432.jpg 768w, https:\/\/losperiodistas.com.mx\/portal\/wp-content\/uploads\/2024\/02\/\u00a1Con-el-gobernador-no.jpg 1200w\" sizes=\"(max-width: 1024px) 100vw, 1024px\" \/><\/figure>\n\n\n\n<p><\/p>\n\n\n\n<p class=\"has-vivid-red-color has-text-color\" style=\"font-size:26px\"><strong><em>Por Itandehui Rodr\u00edguez Mart\u00ednez<\/em><\/strong><\/p>\n\n\n\n<p>@Itandehui_RoMa<\/p>\n\n\n\n<p>El d\u00eda de ayer los presidentes del PRI, PAN, PRD y PSI dieron a conocer que presentaron denuncias en contra de Sergio Salom\u00f3n C\u00e9spedes. \u00a1Ey! \u00a1Ey! \u00a1Con el gobernador, no!<\/p>\n\n\n\n<p>Por lo que toca a la parte pol\u00edtica, deben tener elementos s\u00ed es que denunciaron y decidir si son procedentes o no, le corresponde a la autoridad electoral. Pero por lo que corresponde al desempe\u00f1o de C\u00e9spedes Peregrina, est\u00e1n muy equivocados.<\/p>\n\n\n\n<p>Los dirigentes declararon:<\/p>\n\n\n\n<blockquote class=\"wp-block-quote is-layout-flow wp-block-quote-is-layout-flow\"><p>\u201cNo vamos a permitir que Morena&nbsp;desv\u00ede la atenci\u00f3n de los medios y la opini\u00f3n p\u00fablica con este tipo de artima\u00f1as. Est\u00e1 claro que no quieren hablar de los problemas del estado:&nbsp;Puebla nunca ha estado peor que estos \u00faltimos a\u00f1os<strong>&nbsp;<\/strong>con el gobierno de Morena, y vamos a seguir denunci\u00e1ndolo\u201d.<\/p><\/blockquote>\n\n\n\n<p>Sergio Salom\u00f3n C\u00e9spedes, desde el inicio de su administraci\u00f3n, se sent\u00f3 con grupos de ciudadanos y colectivos para dialogar sobre los temas imporantes. Cosa que nadie hab\u00eda hecho en muchos a\u00f1os.<\/p>\n\n\n\n<p>No le ha temido al costo pol\u00edtico de las acciones que se deben llevar a cabo.<\/p>\n\n\n\n<p>Desde que \u00e9l es gobernador, el estado ha marchado mucho mejor. Ha sido un hombre de conciliaci\u00f3n y de reconciliaci\u00f3n, como se comprometi\u00f3 y ha probado con hechos, sus dichos.<\/p>\n\n\n\n<p>La obra p\u00fablica se reactiv\u00f3 y est\u00e1 trabajando duro para sacar m\u00e1s proyectos adelante.<\/p>\n\n\n\n<p>Luego de muchos a\u00f1os de par\u00e1lisis en el sistema de adopciones, su administraci\u00f3n ha agilizado todo para poder reunir a ni\u00f1as y ni\u00f1os con sus nuevos padres.<\/p>\n\n\n\n<p>El cuidado al Medio Ambiente es prioridad para su gobierno, el bienestar animal, el cuidado de los recursos naturales y muchas cosas m\u00e1s.<\/p>\n\n\n\n<p>Y de la agenda feminista, ni hablamos, nadie hab\u00eda defendido nuestros derechos como \u00e9l. En realidad las mujeres fuimos o invisibilizadas o hasta acosadas por los gobernadores anteriores y Salom\u00f3n es un hombre decente, que ha decidido apoyar la agenda de las mujeres.<\/p>\n\n\n\n<p>Hay muchos logros en materia de econom\u00eda y si hablamos de este sector, ha sabido confiar en la innovaci\u00f3n, le est\u00e1 apostando a nuevas tecnolog\u00edas y los j\u00f3venes han recibido su apoyo como nunca antes alguien lo hab\u00eda hecho. El ejemplo tiene nombre y despacha como titular de la Secretar\u00eda.<\/p>\n\n\n\n<p>\u00bfHablamos de inseguridad? \u00a1Hablemos entonces de cu\u00e1ndo incrementaron exponencialmente los problemas en el estado! \u00bfO ya se nos olvid\u00f3? \u00bfHablamos de huachicol?<\/p>\n\n\n\n<p>Si creen que eso se resuelve de la noche a la ma\u00f1ana, me parece que est\u00e1n muy equivocados.<\/p>\n\n\n\n<p>Pero bueno, qui\u00e9n no empieza con la cr\u00edtica constructiva en casa, termina por echarle la culpa de todo a terceros.<\/p>\n\n\n\n<p>Podr\u00eda seguir enumerando los logros de la administraci\u00f3n de C\u00e9spedes, pero para eso pueden ver su Informe de Gobierno en YouTube.<\/p>\n\n\n\n<p>Y ya para rematar, ha tenido la calidad humana hasta para ofrecer disculpas p\u00fablicas cuando as\u00ed ha sido necesario.<\/p>\n\n\n\n<p>El aprecio, la admiraci\u00f3n y el respeto se ganan con acciones y Sergio Salom\u00f3n se ha ganado a muchas y muchos poblanos en muy poco tiempo.<\/p>\n\n\n\n<p>No todos pensamos que Puebla est\u00e1 peor. Y este no es un tema entre partidos, es un tema de poblanos.<\/p>\n\n\n\n<p>As\u00ed que, \u2018derecha la flecha\u2019: \u00a1con el gobernador no!<\/p>\n","protected":false},"excerpt":{"rendered":"<p>Generalizar es el origen de las fobias, asegurar que estamos peor que nunca con el gobierno de Sergio Salom\u00f3n, no [&hellip;]<\/p>\n","protected":false},"author":1,"featured_media":67528,"comment_status":"open","ping_status":"open","sticky":false,"template":"","format":"standard","meta":{"site-sidebar-layout":"default","site-content-layout":"","ast-site-content-layout":"default","site-content-style":"default","site-sidebar-style":"default","ast-global-header-display":"","ast-banner-title-visibility":"","ast-main-header-display":"","ast-hfb-above-header-display":"","ast-hfb-below-header-display":"","ast-hfb-mobile-header-display":"","site-post-title":"","ast-breadcrumbs-content":"","ast-featured-img":"","footer-sml-layout":"","theme-transparent-header-meta":"","adv-header-id-meta":"","stick-header-meta":"","header-above-stick-meta":"","header-main-stick-meta":"","header-below-stick-meta":"","astra-migrate-meta-layouts":"default","ast-page-background-enabled":"default","ast-page-background-meta":{"desktop":{"background-color":"var(--ast-global-color-4)","background-image":"","background-repeat":"repeat","background-position":"center center","background-size":"auto","background-attachment":"scroll","background-type":"","background-media":"","overlay-type":"","overlay-color":"","overlay-opacity":"","overlay-gradient":""},"tablet":{"background-color":"","background-image":"","background-repeat":"repeat","background-position":"center center","background-size":"auto","background-attachment":"scroll","background-type":"","background-media":"","overlay-type":"","overlay-color":"","overlay-opacity":"","overlay-gradient":""},"mobile":{"background-color":"","background-image":"","background-repeat":"repeat","background-position":"center center","background-size":"auto","background-attachment":"scroll","background-type":"","background-media":"","overlay-type":"","overlay-color":"","overlay-opacity":"","overlay-gradient":""}},"ast-content-background-meta":{"desktop":{"background-color":"var(--ast-global-color-5)","background-image":"","background-repeat":"repeat","background-position":"center center","background-size":"auto","background-attachment":"scroll","background-type":"","background-media":"","overlay-type":"","overlay-color":"","overlay-opacity":"","overlay-gradient":""},"tablet":{"background-color":"var(--ast-global-color-5)","background-image":"","background-repeat":"repeat","background-position":"center center","background-size":"auto","background-attachment":"scroll","background-type":"","background-media":"","overlay-type":"","overlay-color":"","overlay-opacity":"","overlay-gradient":""},"mobile":{"background-color":"var(--ast-global-color-5)","background-image":"","background-repeat":"repeat","background-position":"center center","background-size":"auto","background-attachment":"scroll","background-type":"","background-media":"","overlay-type":"","overlay-color":"","overlay-opacity":"","overlay-gradient":""}},"footnotes":""},"categories":[8,22],"tags":[13875],"class_list":["post-67527","post","type-post","status-publish","format-standard","has-post-thumbnail","hentry","category-noticias","category-opinion-invitada","tag-sergio-salomon-cespedes"],"_links":{"self":[{"href":"https:\/\/losperiodistas.com.mx\/portal\/wp-json\/wp\/v2\/posts\/67527","targetHints":{"allow":["GET"]}}],"collection":[{"href":"https:\/\/losperiodistas.com.mx\/portal\/wp-json\/wp\/v2\/posts"}],"about":[{"href":"https:\/\/losperiodistas.com.mx\/portal\/wp-json\/wp\/v2\/types\/post"}],"author":[{"embeddable":true,"href":"https:\/\/losperiodistas.com.mx\/portal\/wp-json\/wp\/v2\/users\/1"}],"replies":[{"embeddable":true,"href":"https:\/\/losperiodistas.com.mx\/portal\/wp-json\/wp\/v2\/comments?post=67527"}],"version-history":[{"count":1,"href":"https:\/\/losperiodistas.com.mx\/portal\/wp-json\/wp\/v2\/posts\/67527\/revisions"}],"predecessor-version":[{"id":67529,"href":"https:\/\/losperiodistas.com.mx\/portal\/wp-json\/wp\/v2\/posts\/67527\/revisions\/67529"}],"wp:featuredmedia":[{"embeddable":true,"href":"https:\/\/losperiodistas.com.mx\/portal\/wp-json\/wp\/v2\/media\/67528"}],"wp:attachment":[{"href":"https:\/\/losperiodistas.com.mx\/portal\/wp-json\/wp\/v2\/media?parent=67527"}],"wp:term":[{"taxonomy":"category","embeddable":true,"href":"https:\/\/losperiodistas.com.mx\/portal\/wp-json\/wp\/v2\/categories?post=67527"},{"taxonomy":"post_tag","embeddable":true,"href":"https:\/\/losperiodistas.com.mx\/portal\/wp-json\/wp\/v2\/tags?post=67527"}],"curies":[{"name":"wp","href":"https:\/\/api.w.org\/{rel}","templated":true}]}}