{"id":67521,"date":"2024-02-01T09:37:20","date_gmt":"2024-02-01T15:37:20","guid":{"rendered":"https:\/\/losperiodistas.com.mx\/portal\/?p=67521"},"modified":"2024-02-01T09:37:22","modified_gmt":"2024-02-01T15:37:22","slug":"lewis-hamilton-dejara-mercedes-y-fichara-por-ferrari-en-2025-carlos-sainz-podria-cambiar-de-equipo-telecinco","status":"publish","type":"post","link":"https:\/\/losperiodistas.com.mx\/portal\/lewis-hamilton-dejara-mercedes-y-fichara-por-ferrari-en-2025-carlos-sainz-podria-cambiar-de-equipo-telecinco\/","title":{"rendered":"Lewis Hamilton dejar\u00e1 Mercedes y fichar\u00e1 por Ferrari en 2025: Carlos Sainz podr\u00eda cambiar de equipo | TeleCinco"},"content":{"rendered":"\n<ul class=\"has-electric-grass-gradient-background has-background has-medium-font-size wp-block-list\"><li>Lewis Hamilton, el piloto brit\u00e1nico que ha ganado seis t\u00edtulos mundiales con Mercedes, cambiar\u00e1 de equipo en 2025 y se incorporar\u00e1 a Ferrari<\/li><li>La noticia ha causado un gran impacto en el mundo del motor, especialmente en la Scuderia, donde el espa\u00f1ol Carlos Sainz podr\u00eda perder su asiento<\/li><\/ul>\n\n\n\n<figure class=\"wp-block-image size-large\"><img fetchpriority=\"high\" decoding=\"async\" width=\"1024\" height=\"576\" src=\"https:\/\/losperiodistas.com.mx\/portal\/wp-content\/uploads\/2024\/02\/el-piloto-britanico-de-formula-1-lewis-hamilton-mercedes-enel-gp-de-abu-dabi-2023-8f31f04-1024x576.jpg\" alt=\"\" class=\"wp-image-67522\" srcset=\"https:\/\/losperiodistas.com.mx\/portal\/wp-content\/uploads\/2024\/02\/el-piloto-britanico-de-formula-1-lewis-hamilton-mercedes-enel-gp-de-abu-dabi-2023-8f31f04-1024x576.jpg 1024w, https:\/\/losperiodistas.com.mx\/portal\/wp-content\/uploads\/2024\/02\/el-piloto-britanico-de-formula-1-lewis-hamilton-mercedes-enel-gp-de-abu-dabi-2023-8f31f04-300x169.jpg 300w, https:\/\/losperiodistas.com.mx\/portal\/wp-content\/uploads\/2024\/02\/el-piloto-britanico-de-formula-1-lewis-hamilton-mercedes-enel-gp-de-abu-dabi-2023-8f31f04-768x432.jpg 768w, https:\/\/losperiodistas.com.mx\/portal\/wp-content\/uploads\/2024\/02\/el-piloto-britanico-de-formula-1-lewis-hamilton-mercedes-enel-gp-de-abu-dabi-2023-8f31f04.jpg 1200w\" sizes=\"(max-width: 1024px) 100vw, 1024px\" \/><figcaption>Sorpresa en la F\u00f3rmula 1: Lewis Hamilton cambia a Ferrari y pone en jaque a Carlos Sainz<\/figcaption><\/figure>\n\n\n\n<p class=\"has-vivid-red-color has-text-color has-medium-font-size\"><strong>LUIS FELIPE L\u00c1ZARO \/ TELECINCO<\/strong><\/p>\n\n\n\n<p><strong>Lewis Hamilton,<\/strong>\u00a0el piloto brit\u00e1nico que ha dominado la F\u00f3rmula 1 con Mercedes durante m\u00e1s de una d\u00e9cada,\u00a0<strong>se marchar\u00e1 a Ferrari en 2025<\/strong>. El<strong>\u00a0seis veces campe\u00f3n del mundo<\/strong>\u00a0con la marca alemana ha sorprendido al mundo del motor con su decisi\u00f3n de cambiar de equipo.<\/p>\n\n\n\n<p>La noticia, adelantada por medios como&nbsp;<a href=\"https:\/\/www.elconfidencial.com\/deportes\/formula-1\/2024-02-01\/lewis-hamilton-mercedes-ferrari-carlos-sainz-charles-leclerc_3822003\/\" target=\"_blank\" rel=\"noreferrer noopener\">El Confidencial<\/a>, ha provocado un gran revuelo en la&nbsp;<strong>Scuderia<\/strong>, donde el m\u00e1s perjudicado podr\u00eda ser el espa\u00f1ol&nbsp;<strong>Carlos Sainz.&nbsp;<\/strong>Hamilton seguir\u00e1 defendiendo los colores de Mercedes la pr\u00f3xima temporada, que ser\u00e1 la \u00faltima de su exitosa etapa con el equipo que le ha dado once a\u00f1os de gloria.<\/p>\n\n\n\n<h4 class=\"has-cyan-bluish-gray-background-color has-background wp-block-heading\">M\u00c1S<\/h4>\n\n\n\n<ul class=\"wp-block-list\"><li><a href=\"https:\/\/www.telecinco.es\/noticias\/catalunya\/20240123\/formula-1-barcelona-contrato-gran-premio-montmelo_18_011502827.html#utm_source=apoyo_editorial_articulo\">El futuro de la F\u00f3rmula 1 en Barcelona: 2026, el a\u00f1o en el que podr\u00eda haber dos Grandes Premios en Espa\u00f1a<\/a><\/li><li><a href=\"https:\/\/www.telecinco.es\/noticias\/deportes\/20240123\/gran-premio-formula-1-madrid-adaptacion-musica-himno-f1_18_011502843.html#utm_source=apoyo_editorial_articulo\">La adaptaci\u00f3n del himno de F\u00f3rmula 1 al Gran Premio de Madrid: as\u00ed suena su sinton\u00eda con sello flamenco<\/a><\/li><li><a href=\"https:\/\/www.telecinco.es\/noticias\/madrid\/20240123\/madrid-gran-premio-formula-1_18_011500314.html#utm_source=apoyo_editorial_articulo\">Madrid acoger\u00e1 el Gran Premio de F\u00f3rmula 1: \u00abNace con la ambici\u00f3n de convertirse en la gran referencia internacional\u201d<\/a><\/li><\/ul>\n\n\n\n<h3 class=\"wp-block-heading\">Lewis Hamilton deja en jaque a Carlos Sainz<\/h3>\n\n\n\n<p>El brit\u00e1nico cree que es hora de afrontar un nuevo reto y ha elegido a\u00a0<strong>Ferrari<\/strong>, un equipo legendario con el que ha mantenido contactos en el pasado. Su incorporaci\u00f3n al equipo italiano est\u00e1 prevista para el a\u00f1o 2025,\u00a0<strong>sustituyendo probablemente a Sainz,\u00a0<\/strong>que no ha ampliado su contrato, al contrario que Charles Leclerc. Este movimiento de fichas deja a Sainz con la necesidad de\u00a0<strong>encontrar otro equipo para 2025.<\/strong><\/p>\n\n\n\n<p>Sin embargo, el piloto espa\u00f1ol no se quedar\u00e1 sin alternativas, ya que dispone de varias propuestas interesantes para seguir en la F\u00f3rmula 1. Por el momento, Sainz continuar\u00e1 con Ferrari la pr\u00f3xima temporada, con el objetivo de conseguir su tercer campeonato en el Mundial de F1. Hay que recordar que la \u00faltima victoria de Ferrari en el torneo fue en Singapur, gracias al propio piloto espa\u00f1ol.<\/p>\n\n\n\n<p>Fuente: <a href=\"https:\/\/www.telecinco.es\/noticias\/deportes\/20240201\/lewis-hamilton-deja-mercedes-ficha-ferrari-2025-carlos-sainz-equipo_18_011586261.html\">https:\/\/www.telecinco.es\/noticias\/deportes\/20240201\/lewis-hamilton-deja-mercedes-ficha-ferrari-2025-carlos-sainz-equipo_18_011586261.html<\/a><\/p>\n","protected":false},"excerpt":{"rendered":"<p>Lewis Hamilton, el piloto brit\u00e1nico que ha ganado seis t\u00edtulos mundiales con Mercedes, cambiar\u00e1 de equipo en 2025 y se [&hellip;]<\/p>\n","protected":false},"author":1,"featured_media":67522,"comment_status":"open","ping_status":"open","sticky":false,"template":"","format":"standard","meta":{"site-sidebar-layout":"default","site-content-layout":"","ast-site-content-layout":"default","site-content-style":"default","site-sidebar-style":"default","ast-global-header-display":"","ast-banner-title-visibility":"","ast-main-header-display":"","ast-hfb-above-header-display":"","ast-hfb-below-header-display":"","ast-hfb-mobile-header-display":"","site-post-title":"","ast-breadcrumbs-content":"","ast-featured-img":"","footer-sml-layout":"","theme-transparent-header-meta":"","adv-header-id-meta":"","stick-header-meta":"","header-above-stick-meta":"","header-main-stick-meta":"","header-below-stick-meta":"","astra-migrate-meta-layouts":"default","ast-page-background-enabled":"default","ast-page-background-meta":{"desktop":{"background-color":"var(--ast-global-color-4)","background-image":"","background-repeat":"repeat","background-position":"center center","background-size":"auto","background-attachment":"scroll","background-type":"","background-media":"","overlay-type":"","overlay-color":"","overlay-opacity":"","overlay-gradient":""},"tablet":{"background-color":"","background-image":"","background-repeat":"repeat","background-position":"center center","background-size":"auto","background-attachment":"scroll","background-type":"","background-media":"","overlay-type":"","overlay-color":"","overlay-opacity":"","overlay-gradient":""},"mobile":{"background-color":"","background-image":"","background-repeat":"repeat","background-position":"center center","background-size":"auto","background-attachment":"scroll","background-type":"","background-media":"","overlay-type":"","overlay-color":"","overlay-opacity":"","overlay-gradient":""}},"ast-content-background-meta":{"desktop":{"background-color":"var(--ast-global-color-5)","background-image":"","background-repeat":"repeat","background-position":"center center","background-size":"auto","background-attachment":"scroll","background-type":"","background-media":"","overlay-type":"","overlay-color":"","overlay-opacity":"","overlay-gradient":""},"tablet":{"background-color":"var(--ast-global-color-5)","background-image":"","background-repeat":"repeat","background-position":"center center","background-size":"auto","background-attachment":"scroll","background-type":"","background-media":"","overlay-type":"","overlay-color":"","overlay-opacity":"","overlay-gradient":""},"mobile":{"background-color":"var(--ast-global-color-5)","background-image":"","background-repeat":"repeat","background-position":"center center","background-size":"auto","background-attachment":"scroll","background-type":"","background-media":"","overlay-type":"","overlay-color":"","overlay-opacity":"","overlay-gradient":""}},"footnotes":""},"categories":[8],"tags":[421,21977,21978,1400],"class_list":["post-67521","post","type-post","status-publish","format-standard","has-post-thumbnail","hentry","category-noticias","tag-carlos-sainz","tag-f1-mercedes","tag-ferrri-f1","tag-lewis-hamilton"],"_links":{"self":[{"href":"https:\/\/losperiodistas.com.mx\/portal\/wp-json\/wp\/v2\/posts\/67521","targetHints":{"allow":["GET"]}}],"collection":[{"href":"https:\/\/losperiodistas.com.mx\/portal\/wp-json\/wp\/v2\/posts"}],"about":[{"href":"https:\/\/losperiodistas.com.mx\/portal\/wp-json\/wp\/v2\/types\/post"}],"author":[{"embeddable":true,"href":"https:\/\/losperiodistas.com.mx\/portal\/wp-json\/wp\/v2\/users\/1"}],"replies":[{"embeddable":true,"href":"https:\/\/losperiodistas.com.mx\/portal\/wp-json\/wp\/v2\/comments?post=67521"}],"version-history":[{"count":1,"href":"https:\/\/losperiodistas.com.mx\/portal\/wp-json\/wp\/v2\/posts\/67521\/revisions"}],"predecessor-version":[{"id":67523,"href":"https:\/\/losperiodistas.com.mx\/portal\/wp-json\/wp\/v2\/posts\/67521\/revisions\/67523"}],"wp:featuredmedia":[{"embeddable":true,"href":"https:\/\/losperiodistas.com.mx\/portal\/wp-json\/wp\/v2\/media\/67522"}],"wp:attachment":[{"href":"https:\/\/losperiodistas.com.mx\/portal\/wp-json\/wp\/v2\/media?parent=67521"}],"wp:term":[{"taxonomy":"category","embeddable":true,"href":"https:\/\/losperiodistas.com.mx\/portal\/wp-json\/wp\/v2\/categories?post=67521"},{"taxonomy":"post_tag","embeddable":true,"href":"https:\/\/losperiodistas.com.mx\/portal\/wp-json\/wp\/v2\/tags?post=67521"}],"curies":[{"name":"wp","href":"https:\/\/api.w.org\/{rel}","templated":true}]}}