{"id":67516,"date":"2024-02-01T09:26:12","date_gmt":"2024-02-01T15:26:12","guid":{"rendered":"https:\/\/losperiodistas.com.mx\/portal\/?p=67516"},"modified":"2024-02-01T09:26:14","modified_gmt":"2024-02-01T15:26:14","slug":"el-aprieto-en-el-que-genoveva-casanova-puede-poner-a-federico-x-si-decide-demandar-a-la-prensa-chic","status":"publish","type":"post","link":"https:\/\/losperiodistas.com.mx\/portal\/el-aprieto-en-el-que-genoveva-casanova-puede-poner-a-federico-x-si-decide-demandar-a-la-prensa-chic\/","title":{"rendered":"El aprieto en el que Genoveva Casanova puede poner a Federico X si decide demandar a la prensa | Chic"},"content":{"rendered":"\n<h2 class=\"has-background has-medium-font-size wp-block-heading\" style=\"background-color:#eb6c8b\">El reci\u00e9n coronado rey de Dinamarca podr\u00eda verse afectado por las querellas y demandas de la mexicana.<\/h2>\n\n\n\n<figure class=\"wp-block-image size-full\"><img fetchpriority=\"high\" decoding=\"async\" width=\"954\" height=\"599\" src=\"https:\/\/losperiodistas.com.mx\/portal\/wp-content\/uploads\/2024\/02\/genoveva-casanova-federico-dinamarca-01.jpg\" alt=\"\" class=\"wp-image-67519\" srcset=\"https:\/\/losperiodistas.com.mx\/portal\/wp-content\/uploads\/2024\/02\/genoveva-casanova-federico-dinamarca-01.jpg 954w, https:\/\/losperiodistas.com.mx\/portal\/wp-content\/uploads\/2024\/02\/genoveva-casanova-federico-dinamarca-01-300x188.jpg 300w, https:\/\/losperiodistas.com.mx\/portal\/wp-content\/uploads\/2024\/02\/genoveva-casanova-federico-dinamarca-01-768x482.jpg 768w\" sizes=\"(max-width: 954px) 100vw, 954px\" \/><figcaption>Genoveva Casanova y Federico X |\u00a0Archivo\/EFE<\/figcaption><\/figure>\n\n\n\n<p class=\"has-vivid-red-color has-text-color has-medium-font-size\"><strong>REDACCI\u00d3N CHIC<\/strong><\/p>\n\n\n\n<p><a href=\"https:\/\/www.libertaddigital.com\/personajes\/genoveva-casanova\/\"><strong>Genoveva Casanova<\/strong><\/a>&nbsp;tiene claros los pasos que seguir\u00e1 despu\u00e9s de las informaciones publicadas tras tras la aparici\u00f3n de sus fotos con&nbsp;<a href=\"https:\/\/www.libertaddigital.com\/personajes\/federico-de-dinamarca\/\"><strong>Federico X de Dinamarca<\/strong><\/a>. Unas im\u00e1genes en las que las socialit\u00e9 mexicana aparec\u00eda paseando junto al entonces heredero al trono dan\u00e9s y que hicieron saltar las alarmas sobre una posible relaci\u00f3n sentimental a espaldas de Mary Donaldson. Un tsunami informativo que no solo afectaba a la imagen de la Corona Danesa, que se apresur\u00f3 a coronar a su nuevo rey, sino que tambi\u00e9n ha trastocado la vida de la exmujer de Cayetano Mart\u00ednez de Irujo que&nbsp;<strong>contin\u00faa alejada de la vida p\u00fablica y estudia medidas legales<\/strong>&nbsp;contra los medios de comunicaci\u00f3n.<\/p>\n\n\n\n<p>Cabe recordar que la primera reacci\u00f3n de Genoveva ante esas im\u00e1genes fue la emisi\u00f3n de un comunicado firmado por su abogados que amenazaba con llevar a los juzgados a todos a aquellos que relacionasen a su cliente con el rey de Dinamarca: \u00ab<strong>Todas las querellas y demandas est\u00e1n en tr\u00e1mite&nbsp;<\/strong>(&#8230;). No las estoy presentando yo, las est\u00e1 presentando ella con mis abogados y pagar\u00e1n el da\u00f1o que han hecho a ella y a mis hijos. Es intolerable que se descuartice a las personas, ya no de una manera injusta, sino absolutamente diab\u00f3lica\u00bb, dijo esta semana su expareja Cayetano Mart\u00ednez de Irujo en&nbsp;<em>Espejo p\u00fablico.<\/em><\/p>\n\n\n\n<h2 class=\"wp-block-heading\">Relacionado<\/h2>\n\n\n\n<ul class=\"wp-block-list\"><li><a href=\"https:\/\/www.libertaddigital.com\/chic\/corazon\/2024-01-31\/la-delirante-excusa-de-los-abogados-de-genoveva-casanova-por-las-fotos-con-federico-x-en-su-portal-era-con-una-vecina-7092396\/\">La delirante explicaci\u00f3n de Genoveva a las fotos con Federico X en su portal<\/a><\/li><li><a href=\"https:\/\/www.libertaddigital.com\/chic\/corazon\/2024-01-30\/cayetano-estalla-ante-susanna-griso-por-el-drama-de-genoveva-estan-danando-a-mis-hijos-7092150\/\">Cayetano estalla ante Susanna Griso por el affaire de Genoveva: \u00abEst\u00e1n da\u00f1ando a mis hijos\u00bb<\/a><\/li><li><a href=\"https:\/\/www.libertaddigital.com\/chic\/corazon\/2024-01-23\/la-pulsera-de-federico-x-y-genoveva-que-demuestra-que-su-romance-fue-serio-7089765\/\">La pulsera de Federico X y Genoveva que demuestra que su romance fue serio<\/a><\/li><\/ul>\n\n\n\n<p>Sin embargo no ser\u00e1 f\u00e1cil para Genoveva llevar a cabo este proceso judicial, tal y c\u00f3mo explica nuestra compa\u00f1era de esRadio, Paloma Barrientos, en&nbsp;<em>El Confidencial<\/em>&nbsp;pues, en el caso de que hubiera juicio,&nbsp;<strong>se podr\u00eda solicitar la presencia como testigo de Federico de Dinamarca.&nbsp;<\/strong>En conversaciones de la periodista con abogados, le explican que en Espa\u00f1a, Federico de Dinamarca \u00abno tiene fuero que le otorgue un privilegio para declarar o no delante de un tribunal de justicia\u00bb. Y contin\u00faa: \u00abLa protecci\u00f3n al honor la regula la Ley Org\u00e1nica 1\/1982 del 5 de mayo. La querella es penal y es necesario un acto de conciliaci\u00f3n previo antes de plantear cualquier acci\u00f3n penal por calumnia y por injuria\u00bb.<\/p>\n\n\n\n<p id=\"sc_ending_message\">Gracias por ver<\/p>\n\n\n\n<p>Por tanto, la idea de Federico de Dinamarca acudiendo a un juzgado en nuestro pa\u00eds \u00abno es tan descabellada\u00bb como pueda parecer: \u00abEs un tema muy complejo y todo depende finalmente del juez. Los abogados estamos acostumbrados a pedir testigos y luego puede llegar el juez y el fiscal y no lo creen conveniente\u00bb, explican los letrados.<\/p>\n\n\n\n<p>Eso no significa que sea algo que vaya ocurrir pues hay rumores que aseguran que Genoveva sigue en contacto con su amigo y este podr\u00eda quitarle la idea de llevar este asunto a los juzgados: \u00ab<strong>Los rumores sobre que puedan estar relacionados no infringen ninguna ley<\/strong>\u00bb y solo servir\u00eda para volver a traer a la actualidad este tema que la Casa Real danesa trata de olvidar.<\/p>\n\n\n\n<p>Fuente: <a href=\"https:\/\/www.libertaddigital.com\/chic\/corazon\/2024-02-01\/el-aprieto-en-el-que-genoveva-casanova-puede-poner-a-federico-x-si-decide-demandar-a-la-prensa-7092807\/\">https:\/\/www.libertaddigital.com\/chic\/corazon\/2024-02-01\/el-aprieto-en-el-que-genoveva-casanova-puede-poner-a-federico-x-si-decide-demandar-a-la-prensa-7092807\/<\/a><\/p>\n","protected":false},"excerpt":{"rendered":"<p>El reci\u00e9n coronado rey de Dinamarca podr\u00eda verse afectado por las querellas y demandas de la mexicana. REDACCI\u00d3N CHIC Genoveva [&hellip;]<\/p>\n","protected":false},"author":1,"featured_media":67519,"comment_status":"open","ping_status":"open","sticky":false,"template":"","format":"standard","meta":{"site-sidebar-layout":"default","site-content-layout":"","ast-site-content-layout":"default","site-content-style":"default","site-sidebar-style":"default","ast-global-header-display":"","ast-banner-title-visibility":"","ast-main-header-display":"","ast-hfb-above-header-display":"","ast-hfb-below-header-display":"","ast-hfb-mobile-header-display":"","site-post-title":"","ast-breadcrumbs-content":"","ast-featured-img":"","footer-sml-layout":"","theme-transparent-header-meta":"","adv-header-id-meta":"","stick-header-meta":"","header-above-stick-meta":"","header-main-stick-meta":"","header-below-stick-meta":"","astra-migrate-meta-layouts":"default","ast-page-background-enabled":"default","ast-page-background-meta":{"desktop":{"background-color":"var(--ast-global-color-4)","background-image":"","background-repeat":"repeat","background-position":"center center","background-size":"auto","background-attachment":"scroll","background-type":"","background-media":"","overlay-type":"","overlay-color":"","overlay-opacity":"","overlay-gradient":""},"tablet":{"background-color":"","background-image":"","background-repeat":"repeat","background-position":"center center","background-size":"auto","background-attachment":"scroll","background-type":"","background-media":"","overlay-type":"","overlay-color":"","overlay-opacity":"","overlay-gradient":""},"mobile":{"background-color":"","background-image":"","background-repeat":"repeat","background-position":"center center","background-size":"auto","background-attachment":"scroll","background-type":"","background-media":"","overlay-type":"","overlay-color":"","overlay-opacity":"","overlay-gradient":""}},"ast-content-background-meta":{"desktop":{"background-color":"var(--ast-global-color-5)","background-image":"","background-repeat":"repeat","background-position":"center center","background-size":"auto","background-attachment":"scroll","background-type":"","background-media":"","overlay-type":"","overlay-color":"","overlay-opacity":"","overlay-gradient":""},"tablet":{"background-color":"var(--ast-global-color-5)","background-image":"","background-repeat":"repeat","background-position":"center center","background-size":"auto","background-attachment":"scroll","background-type":"","background-media":"","overlay-type":"","overlay-color":"","overlay-opacity":"","overlay-gradient":""},"mobile":{"background-color":"var(--ast-global-color-5)","background-image":"","background-repeat":"repeat","background-position":"center center","background-size":"auto","background-attachment":"scroll","background-type":"","background-media":"","overlay-type":"","overlay-color":"","overlay-opacity":"","overlay-gradient":""}},"footnotes":""},"categories":[8],"tags":[21976,21975,21855],"class_list":["post-67516","post","type-post","status-publish","format-standard","has-post-thumbnail","hentry","category-noticias","tag-cayetano-martinez-de-irujo","tag-federico-x-dermanda-prensa-espanola","tag-genoveva-casanova"],"_links":{"self":[{"href":"https:\/\/losperiodistas.com.mx\/portal\/wp-json\/wp\/v2\/posts\/67516","targetHints":{"allow":["GET"]}}],"collection":[{"href":"https:\/\/losperiodistas.com.mx\/portal\/wp-json\/wp\/v2\/posts"}],"about":[{"href":"https:\/\/losperiodistas.com.mx\/portal\/wp-json\/wp\/v2\/types\/post"}],"author":[{"embeddable":true,"href":"https:\/\/losperiodistas.com.mx\/portal\/wp-json\/wp\/v2\/users\/1"}],"replies":[{"embeddable":true,"href":"https:\/\/losperiodistas.com.mx\/portal\/wp-json\/wp\/v2\/comments?post=67516"}],"version-history":[{"count":1,"href":"https:\/\/losperiodistas.com.mx\/portal\/wp-json\/wp\/v2\/posts\/67516\/revisions"}],"predecessor-version":[{"id":67520,"href":"https:\/\/losperiodistas.com.mx\/portal\/wp-json\/wp\/v2\/posts\/67516\/revisions\/67520"}],"wp:featuredmedia":[{"embeddable":true,"href":"https:\/\/losperiodistas.com.mx\/portal\/wp-json\/wp\/v2\/media\/67519"}],"wp:attachment":[{"href":"https:\/\/losperiodistas.com.mx\/portal\/wp-json\/wp\/v2\/media?parent=67516"}],"wp:term":[{"taxonomy":"category","embeddable":true,"href":"https:\/\/losperiodistas.com.mx\/portal\/wp-json\/wp\/v2\/categories?post=67516"},{"taxonomy":"post_tag","embeddable":true,"href":"https:\/\/losperiodistas.com.mx\/portal\/wp-json\/wp\/v2\/tags?post=67516"}],"curies":[{"name":"wp","href":"https:\/\/api.w.org\/{rel}","templated":true}]}}