{"id":67513,"date":"2024-02-01T08:20:10","date_gmt":"2024-02-01T14:20:10","guid":{"rendered":"https:\/\/losperiodistas.com.mx\/portal\/?p=67513"},"modified":"2024-02-01T08:20:11","modified_gmt":"2024-02-01T14:20:11","slug":"alarma-de-unicef-en-haiti-unos-170-000-ninos-desplazados-por-la-violencia-vatican-news","status":"publish","type":"post","link":"https:\/\/losperiodistas.com.mx\/portal\/alarma-de-unicef-en-haiti-unos-170-000-ninos-desplazados-por-la-violencia-vatican-news\/","title":{"rendered":"Alarma de Unicef en Hait\u00ed: Unos 170.000 ni\u00f1os desplazados por la violencia | Vatican News"},"content":{"rendered":"\n<p class=\"has-luminous-vivid-amber-background-color has-background has-medium-font-size\">Para 2024, la organizaci\u00f3n calcula que 3 millones de ni\u00f1os de la isla necesitar\u00e1n ayuda humanitaria debido a la escalada de violencia, la malnutrici\u00f3n, el rebrote del c\u00f3lera y unos servicios b\u00e1sicos al borde del colapso.<\/p>\n\n\n\n<figure class=\"wp-block-image size-large\"><img fetchpriority=\"high\" decoding=\"async\" width=\"1024\" height=\"576\" src=\"https:\/\/losperiodistas.com.mx\/portal\/wp-content\/uploads\/2024\/02\/cq5dam.thumbnail.cropped.1500.844-1024x576.jpeg\" alt=\"\" class=\"wp-image-67514\" srcset=\"https:\/\/losperiodistas.com.mx\/portal\/wp-content\/uploads\/2024\/02\/cq5dam.thumbnail.cropped.1500.844-1024x576.jpeg 1024w, https:\/\/losperiodistas.com.mx\/portal\/wp-content\/uploads\/2024\/02\/cq5dam.thumbnail.cropped.1500.844-300x169.jpeg 300w, https:\/\/losperiodistas.com.mx\/portal\/wp-content\/uploads\/2024\/02\/cq5dam.thumbnail.cropped.1500.844-768x432.jpeg 768w, https:\/\/losperiodistas.com.mx\/portal\/wp-content\/uploads\/2024\/02\/cq5dam.thumbnail.cropped.1500.844.jpeg 1500w\" sizes=\"(max-width: 1024px) 100vw, 1024px\" \/><figcaption>La ola de violencia armada en Hait\u00ed ha desencadenado una profunda crisis humanitaria\u00a0 (ANSA)<\/figcaption><\/figure>\n\n\n\n<p><\/p>\n\n\n\n<p class=\"has-vivid-red-color has-text-color has-medium-font-size\"><strong>VATICAN NEWS<\/strong><\/p>\n\n\n\n<p>La ola de violencia armada en Hait\u00ed ha desencadenado una profunda crisis humanitaria, en la que el n\u00famero de ni\u00f1os desplazados internos alcanza los 170.000. La alarmante cifra, que representa un aumento del doble desde el a\u00f1o pasado, es reportada por Unicef, que subraya el r\u00e1pido deterioro de la situaci\u00f3n y el profundo impacto en los ni\u00f1os y las familias m\u00e1s vulnerables del pa\u00eds.<\/p>\n\n\n\n<p>Hasta enero de 2024, seg\u00fan las \u00faltimas cifras, 314.000 personas han sido desarraigadas en toda la isla, la mayor\u00eda en Puerto Pr\u00edncipe y el departamento de Artibonite, y se calcula que la mitad son ni\u00f1os. En menos de dos semanas, unas 2.500 personas, en su mayor\u00eda mujeres y ni\u00f1os, se han visto desplazadas tras los enfrentamientos en las zonas de Solino y Gabelliste de la capital, Puerto Pr\u00edncipe. La situaci\u00f3n actual est\u00e1 poniendo a prueba los ya limitados recursos de las comunidades de acogida y los servicios sociales existentes.<\/p>\n\n\n\n<p>LEA TAMBI\u00c9N<a href=\"https:\/\/www.vaticannews.va\/es\/mundo\/news\/2023-10\/haiti-la-onu-vota-por-la-intervencion-de-la-fuerza-internacional.html\"><\/a>03\/10\/2023<\/p>\n\n\n\n<h2 class=\"wp-block-heading\"><a href=\"https:\/\/www.vaticannews.va\/es\/mundo\/news\/2023-10\/haiti-la-onu-vota-por-la-intervencion-de-la-fuerza-internacional.html\">Hait\u00ed: La ONU vota por la intervenci\u00f3n de la fuerza internacional<\/a><\/h2>\n\n\n\n<h2 class=\"wp-block-heading\">Cada d\u00eda nuevos horrores<\/h2>\n\n\n\n<p>\u00abEn Hait\u00ed, los ni\u00f1os y las familias se enfrentan a oleadas incesantes de violencia brutal, cada d\u00eda con nuevos horrores: la p\u00e9rdida de seres queridos, hogares destruidos por el fuego y una omnipresente sombra de miedo\u00bb, dijo Bruno Maes, representante de Unicef en Hait\u00ed, que ha estado en tres lugares para desplazados en el centro de Puerto Pr\u00edncipe.<\/p>\n\n\n\n<p>Privados de lo esencial, como alimentos, atenci\u00f3n m\u00e9dica y educaci\u00f3n, est\u00e1n sumidos en una crisis que les arrebata la esencia misma de la infancia. Es una cat\u00e1strofe humanitaria que se desarrolla ante nuestros ojos\u00bb. Los primeros informes recibidos por Unicef pintan un cuadro desgarrador de la crisis en curso, revelando graves violaciones de los derechos de los ni\u00f1os.<\/p>\n\n\n\n<p>Tr\u00e1gicamente, los ni\u00f1os se ven atrapados en el fuego cruzado, sufren heridas o pierden la vida, y algunos incidentes se producen de camino a la escuela. Adem\u00e1s, aumentan los casos de ni\u00f1os reclutados a la fuerza, mientras que otros se unen a grupos armados movidos por la desesperaci\u00f3n.<\/p>\n\n\n\n<p>LEA TAMBI\u00c9N<a href=\"https:\/\/www.vaticannews.va\/es\/iglesia\/news\/2023-09\/haiti-misioneros-camiianos-violencia-crisis-pobreza.html\"><\/a>28\/09\/2023<\/p>\n\n\n\n<h2 class=\"wp-block-heading\"><a href=\"https:\/\/www.vaticannews.va\/es\/iglesia\/news\/2023-09\/haiti-misioneros-camiianos-violencia-crisis-pobreza.html\">Hait\u00ed: Los misioneros camilianos una cotidianidad entre violencia y pobreza<\/a><\/h2>\n\n\n\n<h2 class=\"wp-block-heading\">Ni\u00f1os privados del derecho a la educaci\u00f3n<\/h2>\n\n\n\n<p>La violencia, unida a las manifestaciones y protestas en varios departamentos, ha provocado el cierre temporal de cientos de escuelas, privando a los ni\u00f1os de su derecho a la educaci\u00f3n. Tambi\u00e9n obstaculiza el acceso a servicios sociales esenciales y los esfuerzos de los trabajadores humanitarios, cruciales para dar respuestas de emergencia a los necesitados.<\/p>\n\n\n\n<p>\u00abNo podemos quedarnos de brazos cruzados mientras el futuro de los ni\u00f1os de Hait\u00ed se ve erosionado por un sufrimiento sin fin. Cada momento de inacci\u00f3n agrava la crisis que consume sus vidas. La comunidad mundial tiene el deber de llevar esperanza y cambio a estas j\u00f3venes vidas, garantiz\u00e1ndoles un futuro m\u00e1s brillante y seguro\u00bb, afirm\u00f3 Maes.<\/p>\n\n\n\n<p>LEA TAMBI\u00c9N<a href=\"https:\/\/www.vaticannews.va\/es\/mundo\/news\/2023-09\/aumenta-violencia-en-haiti-arzobispo-mesidor-pais-a-borde-abismo.html\"><\/a>21\/09\/2023<\/p>\n\n\n\n<h2 class=\"wp-block-heading\"><a href=\"https:\/\/www.vaticannews.va\/es\/mundo\/news\/2023-09\/aumenta-violencia-en-haiti-arzobispo-mesidor-pais-a-borde-abismo.html\">Aumenta la violencia en Hait\u00ed. Arzobispo M\u00e9sidor: Pa\u00eds al borde del abismo<\/a><\/h2>\n\n\n\n<h2 class=\"wp-block-heading\">Al borde del colapso<\/h2>\n\n\n\n<p>Para 2024, Unicef calcula que 3 millones de ni\u00f1os de Hait\u00ed necesitar\u00e1n ayuda humanitaria debido a la escalada de violencia, la desnutrici\u00f3n, el resurgimiento del c\u00f3lera y unos servicios b\u00e1sicos al borde del colapso. M\u00e1s de un tercio necesitan protecci\u00f3n urgente, y se espera que esta cifra aumente si la situaci\u00f3n empeora. Hait\u00ed, que ya es la naci\u00f3n m\u00e1s pobre del hemisferio occidental, se enfrenta a una vulnerabilidad a\u00fan mayor en esta crisis.<\/p>\n\n\n\n<p>En respuesta a estos retos, el organismo de la ONU y sus socios est\u00e1n distribuyendo ayuda multisectorial en las zonas afectadas, incluida la destinada a los ni\u00f1os separados de sus familias y a los afectados por la violencia. En colaboraci\u00f3n con sus socios, se proporciona asistencia vital, garantizando el acceso a atenci\u00f3n m\u00e9dica, apoyo psicosocial y espacios seguros donde los ni\u00f1os puedan iniciar un proceso de curaci\u00f3n y recuperaci\u00f3n. Para hacer frente de forma concreta a las necesidades humanitarias en Hait\u00ed, Unicef necesita 221,7 millones de d\u00f3lares de aqu\u00ed a 2024.<\/p>\n\n\n\n<p>Gracias por haber le\u00eddo este art\u00edculo. Si desea mantenerse actualizado, suscr\u00edbase al bolet\u00edn<a href=\"https:\/\/www.vaticannews.va\/es\/inscripcion-boletin-de-noticias.html\">\u00a0pulsando aqu\u00ed<\/a><\/p>\n\n\n\n<p>Fuente: <a href=\"https:\/\/www.vaticannews.va\/es\/mundo\/news\/2024-02\/haiti-alarma-en-unicef-al-menos-170000-ninos-desplazados.html\">https:\/\/www.vaticannews.va\/es\/mundo\/news\/2024-02\/haiti-alarma-en-unicef-al-menos-170000-ninos-desplazados.html<\/a><\/p>\n","protected":false},"excerpt":{"rendered":"<p>Para 2024, la organizaci\u00f3n calcula que 3 millones de ni\u00f1os de la isla necesitar\u00e1n ayuda humanitaria debido a la escalada [&hellip;]<\/p>\n","protected":false},"author":1,"featured_media":67514,"comment_status":"open","ping_status":"open","sticky":false,"template":"","format":"standard","meta":{"site-sidebar-layout":"default","site-content-layout":"","ast-site-content-layout":"default","site-content-style":"default","site-sidebar-style":"default","ast-global-header-display":"","ast-banner-title-visibility":"","ast-main-header-display":"","ast-hfb-above-header-display":"","ast-hfb-below-header-display":"","ast-hfb-mobile-header-display":"","site-post-title":"","ast-breadcrumbs-content":"","ast-featured-img":"","footer-sml-layout":"","theme-transparent-header-meta":"","adv-header-id-meta":"","stick-header-meta":"","header-above-stick-meta":"","header-main-stick-meta":"","header-below-stick-meta":"","astra-migrate-meta-layouts":"default","ast-page-background-enabled":"default","ast-page-background-meta":{"desktop":{"background-color":"var(--ast-global-color-4)","background-image":"","background-repeat":"repeat","background-position":"center center","background-size":"auto","background-attachment":"scroll","background-type":"","background-media":"","overlay-type":"","overlay-color":"","overlay-opacity":"","overlay-gradient":""},"tablet":{"background-color":"","background-image":"","background-repeat":"repeat","background-position":"center center","background-size":"auto","background-attachment":"scroll","background-type":"","background-media":"","overlay-type":"","overlay-color":"","overlay-opacity":"","overlay-gradient":""},"mobile":{"background-color":"","background-image":"","background-repeat":"repeat","background-position":"center center","background-size":"auto","background-attachment":"scroll","background-type":"","background-media":"","overlay-type":"","overlay-color":"","overlay-opacity":"","overlay-gradient":""}},"ast-content-background-meta":{"desktop":{"background-color":"var(--ast-global-color-5)","background-image":"","background-repeat":"repeat","background-position":"center center","background-size":"auto","background-attachment":"scroll","background-type":"","background-media":"","overlay-type":"","overlay-color":"","overlay-opacity":"","overlay-gradient":""},"tablet":{"background-color":"var(--ast-global-color-5)","background-image":"","background-repeat":"repeat","background-position":"center center","background-size":"auto","background-attachment":"scroll","background-type":"","background-media":"","overlay-type":"","overlay-color":"","overlay-opacity":"","overlay-gradient":""},"mobile":{"background-color":"var(--ast-global-color-5)","background-image":"","background-repeat":"repeat","background-position":"center center","background-size":"auto","background-attachment":"scroll","background-type":"","background-media":"","overlay-type":"","overlay-color":"","overlay-opacity":"","overlay-gradient":""}},"footnotes":""},"categories":[8],"tags":[2558,21974,485,2370],"class_list":["post-67513","post","type-post","status-publish","format-standard","has-post-thumbnail","hentry","category-noticias","tag-haiti","tag-ninos-desplazados","tag-unicef","tag-vaticano"],"_links":{"self":[{"href":"https:\/\/losperiodistas.com.mx\/portal\/wp-json\/wp\/v2\/posts\/67513","targetHints":{"allow":["GET"]}}],"collection":[{"href":"https:\/\/losperiodistas.com.mx\/portal\/wp-json\/wp\/v2\/posts"}],"about":[{"href":"https:\/\/losperiodistas.com.mx\/portal\/wp-json\/wp\/v2\/types\/post"}],"author":[{"embeddable":true,"href":"https:\/\/losperiodistas.com.mx\/portal\/wp-json\/wp\/v2\/users\/1"}],"replies":[{"embeddable":true,"href":"https:\/\/losperiodistas.com.mx\/portal\/wp-json\/wp\/v2\/comments?post=67513"}],"version-history":[{"count":1,"href":"https:\/\/losperiodistas.com.mx\/portal\/wp-json\/wp\/v2\/posts\/67513\/revisions"}],"predecessor-version":[{"id":67515,"href":"https:\/\/losperiodistas.com.mx\/portal\/wp-json\/wp\/v2\/posts\/67513\/revisions\/67515"}],"wp:featuredmedia":[{"embeddable":true,"href":"https:\/\/losperiodistas.com.mx\/portal\/wp-json\/wp\/v2\/media\/67514"}],"wp:attachment":[{"href":"https:\/\/losperiodistas.com.mx\/portal\/wp-json\/wp\/v2\/media?parent=67513"}],"wp:term":[{"taxonomy":"category","embeddable":true,"href":"https:\/\/losperiodistas.com.mx\/portal\/wp-json\/wp\/v2\/categories?post=67513"},{"taxonomy":"post_tag","embeddable":true,"href":"https:\/\/losperiodistas.com.mx\/portal\/wp-json\/wp\/v2\/tags?post=67513"}],"curies":[{"name":"wp","href":"https:\/\/api.w.org\/{rel}","templated":true}]}}