{"id":67502,"date":"2024-02-01T07:36:25","date_gmt":"2024-02-01T13:36:25","guid":{"rendered":"https:\/\/losperiodistas.com.mx\/portal\/?p=67502"},"modified":"2024-02-01T07:36:27","modified_gmt":"2024-02-01T13:36:27","slug":"dia-del-imbolc-did","status":"publish","type":"post","link":"https:\/\/losperiodistas.com.mx\/portal\/dia-del-imbolc-did\/","title":{"rendered":"D\u00eda del Imbolc | DID"},"content":{"rendered":"\n<div class=\"wp-block-image\"><figure class=\"aligncenter size-full is-resized\"><img fetchpriority=\"high\" decoding=\"async\" src=\"https:\/\/losperiodistas.com.mx\/portal\/wp-content\/uploads\/2024\/02\/02-01_imbolc.jpeg\" alt=\"\" class=\"wp-image-67503\" width=\"459\" height=\"305\" srcset=\"https:\/\/losperiodistas.com.mx\/portal\/wp-content\/uploads\/2024\/02\/02-01_imbolc.jpeg 305w, https:\/\/losperiodistas.com.mx\/portal\/wp-content\/uploads\/2024\/02\/02-01_imbolc-300x200.jpeg 300w\" sizes=\"(max-width: 459px) 100vw, 459px\" \/><\/figure><\/div>\n\n\n\n<p><\/p>\n\n\n\n<p class=\"has-vivid-red-color has-text-color has-medium-font-size\"><strong>REDACCI\u00d3N D\u00cdA INTERNACIONAL DE<\/strong><\/p>\n\n\n\n<p>Cada 1 de febrero se celebra el&nbsp;<strong>Imbolc<\/strong>, una antigua festividad contemplada en el calendario celta que se asocia con el ritual de la Fertilidad. Simboliza la renovaci\u00f3n, la purificaci\u00f3n y la preparaci\u00f3n para recibir con las mejores energ\u00edas a la primavera.<\/p>\n\n\n\n<p>La denominaci\u00f3n de esta festividad significa&nbsp;<em><strong>\u00aben el ombligo\u00bb (i mbolg)<\/strong><\/em>&nbsp;en lengua irlandesa, referido a la gestaci\u00f3n de las ovejas. Tambi\u00e9n es conocido como&nbsp;<strong>Oimelc<\/strong>, que significa<strong><em>&nbsp;\u00ableche de ovejas\u00bb<\/em><\/strong>.<\/p>\n\n\n\n<h2 class=\"wp-block-heading\" id=\"resTit_1\">Origen del Imbolc<\/h2>\n\n\n\n<p>Esta festividad tiene un origen celta, que tiene como antecedente esencial las colecciones de folclore procedentes de Irlanda y Escocia, a partir del siglo XIX y principios del siglo XX.<ins><\/ins><\/p>\n\n\n\n<p>La celebraci\u00f3n est\u00e1 asociada con el inicio del periodo de lactancia de las ovejas en primavera, siendo variable hasta dos semanas antes o despu\u00e9s del comienzo de febrero.<\/p>\n\n\n\n<h2 class=\"wp-block-heading\" id=\"resTit_2\">Diversas denominaciones del Imbolc<\/h2>\n\n\n\n<p>Esta celebraci\u00f3n es igualmente conocida como el&nbsp;<strong>d\u00eda de Santa Br\u00edgida o Brigid<\/strong>, o la&nbsp;<strong>Fiesta de la Candelaria<\/strong>.<\/p>\n\n\n\n<p>Recientemente ha recibido la denominaci\u00f3n de&nbsp;<strong>Festival del Fuego<\/strong>, siendo considerado uno de los ocho d\u00edas festivos o Sabats de la rueda del a\u00f1o neopagano.<\/p>\n\n\n\n<p>Este festival es celebrado en estos pa\u00edses, con las siguientes denominaciones: Escocia (<em><strong>Latha Fh\u00e8ill Br\u00ecghde<\/strong><\/em>), Irlanda&nbsp;<em><strong>(L\u00e1 Fh\u00e9ile Br\u00edde<\/strong><\/em>), Gales (<em><strong>Gwyl Ffraed<\/strong><\/em>).<\/p>\n\n\n\n<p>Recientemente, el&nbsp;<strong>Imbolc&nbsp;<\/strong>es celebrado por los paganos modernos el d\u00eda 1 o el 2 de febrero. Por su parte, los neopaganos vinculan esta celebraci\u00f3n entre el solsticio de invierno (<em>Yule<\/em>) y el equinoccio de primavera (<em>Ostara<\/em>), que se celebra durante los d\u00edas 4 y 5 de febrero. Con ello se culmina el periodo de deshielo del invierno, dando paso a la primavera.<\/p>\n\n\n\n<h2 class=\"wp-block-heading\" id=\"resTit_3\">\u00bfC\u00f3mo se celebra el Imbolc?<\/h2>\n\n\n\n<p>La celebraci\u00f3n de este festival est\u00e1 relacionado con la diosa celta, conocida como<strong>&nbsp;Br\u00edgida<\/strong>, siendo conocida como&nbsp;<strong><em>\u00abla flecha ardiente\u00bb<\/em><\/strong>. Era asociada con el arte de la fundici\u00f3n de metales, debido a que en este proceso se utiliza la alquimia del fuego, transformando los metales en objetos valiosos.<\/p>\n\n\n\n<p>El Imbolc representa la llegada de la diosa Br\u00edgida. Se preparan diversos rituales para darle la m\u00e1s c\u00e1lida bienvenida a esta deidad, encendiendo su fuego sagrado con velas y fogatas.<\/p>\n\n\n\n<p>Es toda una tradici\u00f3n iluminar los faroles en los frentes de los hogares, efectuar vigilias, as\u00ed como llevar a cabo diversos rituales. Uno de ellos es verter en el suelo la leche del primer orde\u00f1o de las ovejas, con la finalidad de estimular la vida, as\u00ed como el poder del sol y el regreso del calor con la tibia primavera.<\/p>\n\n\n\n<p>Otras de las costumbres ancestrales para celebrar el Imbolc consiste en la limpieza de las casas para renovar las energ\u00edas, la preparaci\u00f3n de productos l\u00e1cteos y la colocaci\u00f3n del manto verde de Brigit fuera de los hogares. Con estas acciones la diosa dejar\u00e1 sus bendiciones y su poder sanador en cada hogar.<ins><\/ins><\/p>\n\n\n\n<p>Comparte informaci\u00f3n \u00fatil e interesante sobre el\u00a0<strong>Imbolc<\/strong>, en las redes sociales. Utiliza el hashtag\u00a0<strong><em>#Imbolc<\/em><\/strong><\/p>\n\n\n\n<p>Fuente: <a href=\"https:\/\/www.diainternacionalde.com\/celebraciones-religiosas\/imbolc\">https:\/\/www.diainternacionalde.com\/celebraciones-religiosas\/imbolc<\/a><\/p>\n\n\n\n<p><\/p>\n","protected":false},"excerpt":{"rendered":"<p>REDACCI\u00d3N D\u00cdA INTERNACIONAL DE Cada 1 de febrero se celebra el&nbsp;Imbolc, una antigua festividad contemplada en el calendario celta que [&hellip;]<\/p>\n","protected":false},"author":1,"featured_media":67503,"comment_status":"open","ping_status":"open","sticky":false,"template":"","format":"standard","meta":{"site-sidebar-layout":"default","site-content-layout":"","ast-site-content-layout":"default","site-content-style":"default","site-sidebar-style":"default","ast-global-header-display":"","ast-banner-title-visibility":"","ast-main-header-display":"","ast-hfb-above-header-display":"","ast-hfb-below-header-display":"","ast-hfb-mobile-header-display":"","site-post-title":"","ast-breadcrumbs-content":"","ast-featured-img":"","footer-sml-layout":"","theme-transparent-header-meta":"","adv-header-id-meta":"","stick-header-meta":"","header-above-stick-meta":"","header-main-stick-meta":"","header-below-stick-meta":"","astra-migrate-meta-layouts":"default","ast-page-background-enabled":"default","ast-page-background-meta":{"desktop":{"background-color":"var(--ast-global-color-4)","background-image":"","background-repeat":"repeat","background-position":"center center","background-size":"auto","background-attachment":"scroll","background-type":"","background-media":"","overlay-type":"","overlay-color":"","overlay-opacity":"","overlay-gradient":""},"tablet":{"background-color":"","background-image":"","background-repeat":"repeat","background-position":"center center","background-size":"auto","background-attachment":"scroll","background-type":"","background-media":"","overlay-type":"","overlay-color":"","overlay-opacity":"","overlay-gradient":""},"mobile":{"background-color":"","background-image":"","background-repeat":"repeat","background-position":"center center","background-size":"auto","background-attachment":"scroll","background-type":"","background-media":"","overlay-type":"","overlay-color":"","overlay-opacity":"","overlay-gradient":""}},"ast-content-background-meta":{"desktop":{"background-color":"var(--ast-global-color-5)","background-image":"","background-repeat":"repeat","background-position":"center center","background-size":"auto","background-attachment":"scroll","background-type":"","background-media":"","overlay-type":"","overlay-color":"","overlay-opacity":"","overlay-gradient":""},"tablet":{"background-color":"var(--ast-global-color-5)","background-image":"","background-repeat":"repeat","background-position":"center center","background-size":"auto","background-attachment":"scroll","background-type":"","background-media":"","overlay-type":"","overlay-color":"","overlay-opacity":"","overlay-gradient":""},"mobile":{"background-color":"var(--ast-global-color-5)","background-image":"","background-repeat":"repeat","background-position":"center center","background-size":"auto","background-attachment":"scroll","background-type":"","background-media":"","overlay-type":"","overlay-color":"","overlay-opacity":"","overlay-gradient":""}},"footnotes":""},"categories":[8],"tags":[21970,21972,21973,21971],"class_list":["post-67502","post","type-post","status-publish","format-standard","has-post-thumbnail","hentry","category-noticias","tag-imbolc","tag-fertilidad","tag-festividades-celtas","tag-santa-brigida"],"_links":{"self":[{"href":"https:\/\/losperiodistas.com.mx\/portal\/wp-json\/wp\/v2\/posts\/67502","targetHints":{"allow":["GET"]}}],"collection":[{"href":"https:\/\/losperiodistas.com.mx\/portal\/wp-json\/wp\/v2\/posts"}],"about":[{"href":"https:\/\/losperiodistas.com.mx\/portal\/wp-json\/wp\/v2\/types\/post"}],"author":[{"embeddable":true,"href":"https:\/\/losperiodistas.com.mx\/portal\/wp-json\/wp\/v2\/users\/1"}],"replies":[{"embeddable":true,"href":"https:\/\/losperiodistas.com.mx\/portal\/wp-json\/wp\/v2\/comments?post=67502"}],"version-history":[{"count":1,"href":"https:\/\/losperiodistas.com.mx\/portal\/wp-json\/wp\/v2\/posts\/67502\/revisions"}],"predecessor-version":[{"id":67504,"href":"https:\/\/losperiodistas.com.mx\/portal\/wp-json\/wp\/v2\/posts\/67502\/revisions\/67504"}],"wp:featuredmedia":[{"embeddable":true,"href":"https:\/\/losperiodistas.com.mx\/portal\/wp-json\/wp\/v2\/media\/67503"}],"wp:attachment":[{"href":"https:\/\/losperiodistas.com.mx\/portal\/wp-json\/wp\/v2\/media?parent=67502"}],"wp:term":[{"taxonomy":"category","embeddable":true,"href":"https:\/\/losperiodistas.com.mx\/portal\/wp-json\/wp\/v2\/categories?post=67502"},{"taxonomy":"post_tag","embeddable":true,"href":"https:\/\/losperiodistas.com.mx\/portal\/wp-json\/wp\/v2\/tags?post=67502"}],"curies":[{"name":"wp","href":"https:\/\/api.w.org\/{rel}","templated":true}]}}