{"id":67499,"date":"2024-02-01T07:24:32","date_gmt":"2024-02-01T13:24:32","guid":{"rendered":"https:\/\/losperiodistas.com.mx\/portal\/?p=67499"},"modified":"2024-02-01T07:24:35","modified_gmt":"2024-02-01T13:24:35","slug":"obtiene-amlo-54-de-aprobacion-en-enero-el-financiero","status":"publish","type":"post","link":"https:\/\/losperiodistas.com.mx\/portal\/obtiene-amlo-54-de-aprobacion-en-enero-el-financiero\/","title":{"rendered":"Obtiene AMLO 54% de aprobaci\u00f3n en enero | El Financiero"},"content":{"rendered":"\n<h2 class=\"has-medium-font-size wp-block-heading\">Evaluaciones sobre el manejo de la econom\u00eda registran baja de 10 puntos por segundo a\u00f1o consecutivo en enero.<\/h2>\n\n\n\n<figure class=\"wp-block-image size-large\"><img fetchpriority=\"high\" decoding=\"async\" width=\"1024\" height=\"649\" src=\"https:\/\/losperiodistas.com.mx\/portal\/wp-content\/uploads\/2024\/02\/Captura-de-Pantalla-2024-02-01-a-las-7.19.41-1024x649.jpg\" alt=\"\" class=\"wp-image-67500\" srcset=\"https:\/\/losperiodistas.com.mx\/portal\/wp-content\/uploads\/2024\/02\/Captura-de-Pantalla-2024-02-01-a-las-7.19.41-1024x649.jpg 1024w, https:\/\/losperiodistas.com.mx\/portal\/wp-content\/uploads\/2024\/02\/Captura-de-Pantalla-2024-02-01-a-las-7.19.41-300x190.jpg 300w, https:\/\/losperiodistas.com.mx\/portal\/wp-content\/uploads\/2024\/02\/Captura-de-Pantalla-2024-02-01-a-las-7.19.41-768x487.jpg 768w, https:\/\/losperiodistas.com.mx\/portal\/wp-content\/uploads\/2024\/02\/Captura-de-Pantalla-2024-02-01-a-las-7.19.41-1536x974.jpg 1536w, https:\/\/losperiodistas.com.mx\/portal\/wp-content\/uploads\/2024\/02\/Captura-de-Pantalla-2024-02-01-a-las-7.19.41.jpg 1830w\" sizes=\"(max-width: 1024px) 100vw, 1024px\" \/><figcaption>Las percepciones sobre el manejo de la corrupci\u00f3n tuvieron un avance favorable, al pasar de 32 a 38 por ciento. Los apoyos sociales mantuvieron una opini\u00f3n positiva de 48 por ciento. [Fotograf\u00eda. Juan Carlos Bautista]<\/figcaption><\/figure>\n\n\n\n<p class=\"has-vivid-red-color has-text-color has-medium-font-size\"><strong>ALEJANDRO MORENO \/ EL FINANCIERO<\/strong><\/p>\n\n\n\n<p><a href=\"https:\/\/www.elfinanciero.com.mx\/nacional\/2024\/01\/31\/mananera-amlo-temas-hoy-31-enero-2024-en-vivo\/\" target=\"_blank\" rel=\"noreferrer noopener\">El presidente Andr\u00e9s Manuel L\u00f3pez Obrador&nbsp;<\/a><strong>obtuvo una aprobaci\u00f3n de 54 por ciento, en enero, y 46 por ciento de desaprobaci\u00f3n<\/strong>, seg\u00fan revela la encuesta nacional de&nbsp;<a href=\"https:\/\/www.elfinanciero.com.mx\/economia\/2023\/09\/18\/inversion-en-mexico-tiene-su-mejor-primer-semestre-de-la-historia-inegi\/\" target=\"_blank\" rel=\"noreferrer noopener\">El Financiero&nbsp;<\/a>realizada en el primer mes de 2024. El sondeo se hizo v\u00eda telef\u00f3nica a mil adultos en las 32 entidades federativas.<\/p>\n\n\n\n<p>De acuerdo con la serie de encuestas de este diario,&nbsp;<strong>los niveles de aprobaci\u00f3n al mandatario se&nbsp;<\/strong><a href=\"https:\/\/www.elfinanciero.com.mx\/nacional\/2024\/01\/03\/encuesta-ef-cierra-amlo-2023-con-55-por-ciento-de-aprobacion\/\" target=\"_blank\" rel=\"noreferrer noopener\">mantuvieron estables a lo largo del \u00faltimo a\u00f1o,<\/a>&nbsp;variando&nbsp;<strong>en una franja de entre 54 y 58 por ciento&nbsp;<\/strong>en las mediciones mensuales.<\/p>\n\n\n\n<figure class=\"wp-block-image\"><img decoding=\"async\" src=\"https:\/\/www.elfinanciero.com.mx\/resizer\/-P0gceWdEpYdSpmmQuqE7Ju7FdQ=\/1440x0\/filters:format(jpg):quality(70)\/cloudfront-us-east-1.images.arcpublishing.com\/elfinanciero\/VAMKWWJ3MREVPGVX3QKVQJQYU4.jpg\" alt=\"\"\/><figcaption><strong>Evaluaci\u00f3n de Gobierno<\/strong><\/figcaption><\/figure>\n\n\n\n<p>Lo que&nbsp;<strong>s\u00ed registr\u00f3 una baja m\u00e1s notable&nbsp;<\/strong>en enero fue<strong>&nbsp;la percepci\u00f3n sobre el manejo de<\/strong><a href=\"https:\/\/www.elfinanciero.com.mx\/economia\/2024\/01\/30\/pib-per-capita-de-mexico-tendria-nulo-crecimiento-en-sexenio-de-amlo-banco-base\/\" target=\"_blank\" rel=\"noreferrer noopener\">&nbsp;la econom\u00eda nacional,<\/a><strong>&nbsp;al pasar de 37 a 27 por ciento<\/strong>&nbsp;de opini\u00f3n favorable, respecto del sondeo anterior, un movimiento de 10 puntos porcentuales.<\/p>\n\n\n\n<p><strong>Hace un a\u00f1o tambi\u00e9n se registr\u00f3 un cambio de similar magnitud<\/strong>, al pasar de 41 a 31 por ciento quienes evaluaban positivamente el manejo de la econom\u00eda,\u00a0<strong>proporci\u00f3n que, luego de dos meses, hab\u00eda rebotado\u00a0<\/strong>casi a su nivel anterior, al registrar 39 por ciento en marzo. Es probable que\u00a0<a href=\"https:\/\/www.elfinanciero.com.mx\/economia\/2024\/01\/02\/lluvia-de-impuestos-recrudecera-cuesta-de-enero-estos-son-todas-las-actualizaciones\/\" target=\"_blank\" rel=\"noreferrer noopener\">la famosa \u201ccuesta de enero\u201d<\/a><strong>tenga peso en estas bajas<\/strong>\u00a0en la evaluaci\u00f3n de c\u00f3mo el gobierno maneja la econom\u00eda nacional, sobre todo ante\u00a0<a href=\"https:\/\/www.elfinanciero.com.mx\/economia\/2024\/01\/24\/inflacion-golpeo-mas-a-la-cuesta-se-acelera-a-490-en-primera-quincena-de-enero\/\" target=\"_blank\" rel=\"noreferrer noopener\">los gastos de inicio de a\u00f1o.<\/a><\/p>\n\n\n\n<hr class=\"wp-block-separator\"\/>\n\n\n\n<p><a href=\"https:\/\/www.elfinanciero.com.mx\/economia\/2024\/01\/18\/percepcion-de-inseguridad-en-mexico-en-su-menor-nivel-en-9-anos-estas-son-las-menos-inseguras\/\" target=\"_blank\" rel=\"noreferrer noopener\">En materia de seguridad p\u00fablica&nbsp;<\/a>tambi\u00e9n hubo movimientos importantes en la encuesta:<strong>&nbsp;la opini\u00f3n favorable acerca del manejo de la seguridad baj\u00f3 de 25 a 18 por ciento<\/strong>, mientras que la opini\u00f3n&nbsp;<strong>desfavorable subi\u00f3 de 62 a 71 por ciento<\/strong>&nbsp;entre diciembre y enero, siendo este \u00faltimo el nivel m\u00e1s alto observado en 12 meses. Hace un a\u00f1o, este indicador tambi\u00e9n registr\u00f3 una baja importante, al pasar la opini\u00f3n positiva de 36 a 26 por ciento, entre diciembre de 2022 y enero de 2023. Por lo visto,&nbsp;<strong>enero ha sido un mes castigador en t\u00e9rminos de opini\u00f3n p\u00fablica.<\/strong><\/p>\n\n\n\n<figure class=\"wp-block-image\"><img decoding=\"async\" src=\"https:\/\/www.elfinanciero.com.mx\/resizer\/ZB8WS4LkDbRA0lTn-7UAwuY6ALs=\/1440x0\/filters:format(jpg):quality(70)\/cloudfront-us-east-1.images.arcpublishing.com\/elfinanciero\/EXVHYKF6YFCL5FVDKTNAWABDTA.jpg\" alt=\"\"\/><figcaption><strong>Desempe\u00f1o<\/strong><\/figcaption><\/figure>\n\n\n\n<p>No obstante, las percepciones sobre<a href=\"https:\/\/www.elfinanciero.com.mx\/nacional\/2024\/01\/30\/mexico-corrupto-se-estanca-en-el-sitio-126-de-180-del-indice-de-percepcion-de-corrupcion\/\" target=\"_blank\" rel=\"noreferrer noopener\">el manejo de la corrupci\u00f3n<\/a><strong>\u00a0tuvieron un avance favorable, al pasar de 32 a 38 por ciento<\/strong>\u00a0la proporci\u00f3nde personas que calific\u00f3 positivamente al gobierno en ese rubro. Por otra parte,\u00a0<strong>los apoyos sociales<\/strong>\u00a0<strong>mantuvieron una opini\u00f3n positiva de 48 por ciento<\/strong>, frente a 34 por ciento que expres\u00f3 una opini\u00f3n negativa.<\/p>\n\n\n\n<p class=\"has-cyan-bluish-gray-background-color has-background\"><a href=\"https:\/\/www.elfinanciero.com.mx\/nacional\/2024\/01\/31\/amlo-celebra-que-pri-apoye-reforma-de-pensiones-hasta-las-piedras-cambian-de-opinion\/\"><\/a><a href=\"https:\/\/www.elfinanciero.com.mx\/nacional\/2024\/01\/31\/amlo-celebra-que-pri-apoye-reforma-de-pensiones-hasta-las-piedras-cambian-de-opinion\/\">AMLO \u2018celebra\u2019 que PRI apoye reforma de pensiones: \u2018Hasta las piedras cambian de opini\u00f3n\u2019<\/a><\/p>\n\n\n\n<hr class=\"wp-block-separator\"\/>\n\n\n\n<figure class=\"wp-block-image\"><img decoding=\"async\" src=\"https:\/\/www.elfinanciero.com.mx\/resizer\/bJjwMtETzlNxULJ5MaFs6JnTN6c=\/1440x0\/filters:format(jpg):quality(70)\/cloudfront-us-east-1.images.arcpublishing.com\/elfinanciero\/MO2MO36JFBG25HURIRJX36GFWU.jpg\" alt=\"\"\/><figcaption><strong>Desempe\u00f1o<\/strong><\/figcaption><\/figure>\n\n\n\n<p>Luego de que<a href=\"https:\/\/www.elfinanciero.com.mx\/nacional\/2024\/01\/26\/iran-36-reformas-a-la-constitucion-facilitaran-revocacion-de-mandato\/\" target=\"_blank\" rel=\"noreferrer noopener\">&nbsp;el Presidente anunciara una serie de reformas<\/a>&nbsp;que dar\u00e1 a conocer este lunes 5 de febrero, la encuesta incluy\u00f3 algunas preguntas al respecto. Por ejemplo, en una escala de 1 a 10,<strong>&nbsp;la propuesta de&nbsp;<\/strong><a href=\"https:\/\/www.elfinanciero.com.mx\/economia\/2024\/01\/15\/reforma-de-amlo-a-las-pensiones-cuanto-ponen-el-gobierno-los-empresarios-y-los-trabajadores\/\" target=\"_blank\" rel=\"noreferrer noopener\">reformar el sistema de pensiones&nbsp;<\/a><strong>y las Afores cuenta con 29 por ciento de respaldo absoluto<\/strong>&nbsp;y 10 por ciento de completo rechazo, con varias posturas intermedias que inclinan la balanza a apoyar la iniciativa.<\/p>\n\n\n\n<p>La idea de&nbsp;<a href=\"https:\/\/www.elfinanciero.com.mx\/nacional\/2023\/11\/27\/mananera-amlo-temas-hoy-27-noviembre-2023-en-vivo\/\" target=\"_blank\" rel=\"noreferrer noopener\">elegir a jueces por medio de elecciones<\/a><strong>&nbsp;sum\u00f3 25 por ciento de respaldo<\/strong>&nbsp;y 12 por ciento de rechazo, con una inclinaci\u00f3n general m\u00e1s favorable que desfavorable.<\/p>\n\n\n\n<figure class=\"wp-block-image\"><img decoding=\"async\" src=\"https:\/\/www.elfinanciero.com.mx\/resizer\/dhmitkuIwtaCxEuckWKIZcOVMcE=\/1440x0\/filters:format(jpg):quality(70)\/cloudfront-us-east-1.images.arcpublishing.com\/elfinanciero\/ZOZD6QWXNFHFZHE2FBTJF3G46U.jpg\" alt=\"\"\/><figcaption><strong>Propuestas de reforma<\/strong><\/figcaption><\/figure>\n\n\n\n<figure class=\"wp-block-image\"><img decoding=\"async\" src=\"https:\/\/www.elfinanciero.com.mx\/resizer\/8ZNR99CiDyH3jaBsILOaBmsUzWI=\/1440x0\/filters:format(jpg):quality(70)\/cloudfront-us-east-1.images.arcpublishing.com\/elfinanciero\/D5CVENERKFDUNCSICAZCA4RB2E.jpg\" alt=\"\"\/><figcaption><strong>Propuestas de reforma<\/strong><\/figcaption><\/figure>\n\n\n\n<p><em>Metodolog\u00eda: Encuesta nacional realizada v\u00eda telef\u00f3nica a 1,000 mexicanos adultos el 12-13 y 26-27 de enero de 2024. Se hizo un muestreo probabil\u00edstico de tel\u00e9fonos residenciales y celulares en las 32 entidades federativas. Con un nivel de confianza de 95%, el margen de error de las estimaciones es de +\/-3.1 por ciento. *Pregunta realizada el 26-27 de enero (n=500).<\/em><\/p>\n\n\n\n<p>Fuente: <a href=\"https:\/\/www.elfinanciero.com.mx\/nacional\/2024\/02\/01\/obtiene-amlo-54-de-aprobacion-en-enero\/\">https:\/\/www.elfinanciero.com.mx\/nacional\/2024\/02\/01\/obtiene-amlo-54-de-aprobacion-en-enero\/<\/a><\/p>\n","protected":false},"excerpt":{"rendered":"<p>Evaluaciones sobre el manejo de la econom\u00eda registran baja de 10 puntos por segundo a\u00f1o consecutivo en enero. ALEJANDRO MORENO [&hellip;]<\/p>\n","protected":false},"author":1,"featured_media":67500,"comment_status":"open","ping_status":"open","sticky":false,"template":"","format":"standard","meta":{"site-sidebar-layout":"default","site-content-layout":"","ast-site-content-layout":"default","site-content-style":"default","site-sidebar-style":"default","ast-global-header-display":"","ast-banner-title-visibility":"","ast-main-header-display":"","ast-hfb-above-header-display":"","ast-hfb-below-header-display":"","ast-hfb-mobile-header-display":"","site-post-title":"","ast-breadcrumbs-content":"","ast-featured-img":"","footer-sml-layout":"","theme-transparent-header-meta":"","adv-header-id-meta":"","stick-header-meta":"","header-above-stick-meta":"","header-main-stick-meta":"","header-below-stick-meta":"","astra-migrate-meta-layouts":"default","ast-page-background-enabled":"default","ast-page-background-meta":{"desktop":{"background-color":"var(--ast-global-color-4)","background-image":"","background-repeat":"repeat","background-position":"center center","background-size":"auto","background-attachment":"scroll","background-type":"","background-media":"","overlay-type":"","overlay-color":"","overlay-opacity":"","overlay-gradient":""},"tablet":{"background-color":"","background-image":"","background-repeat":"repeat","background-position":"center center","background-size":"auto","background-attachment":"scroll","background-type":"","background-media":"","overlay-type":"","overlay-color":"","overlay-opacity":"","overlay-gradient":""},"mobile":{"background-color":"","background-image":"","background-repeat":"repeat","background-position":"center center","background-size":"auto","background-attachment":"scroll","background-type":"","background-media":"","overlay-type":"","overlay-color":"","overlay-opacity":"","overlay-gradient":""}},"ast-content-background-meta":{"desktop":{"background-color":"var(--ast-global-color-5)","background-image":"","background-repeat":"repeat","background-position":"center center","background-size":"auto","background-attachment":"scroll","background-type":"","background-media":"","overlay-type":"","overlay-color":"","overlay-opacity":"","overlay-gradient":""},"tablet":{"background-color":"var(--ast-global-color-5)","background-image":"","background-repeat":"repeat","background-position":"center center","background-size":"auto","background-attachment":"scroll","background-type":"","background-media":"","overlay-type":"","overlay-color":"","overlay-opacity":"","overlay-gradient":""},"mobile":{"background-color":"var(--ast-global-color-5)","background-image":"","background-repeat":"repeat","background-position":"center center","background-size":"auto","background-attachment":"scroll","background-type":"","background-media":"","overlay-type":"","overlay-color":"","overlay-opacity":"","overlay-gradient":""}},"footnotes":""},"categories":[8],"tags":[21969,21968,5210,8500],"class_list":["post-67499","post","type-post","status-publish","format-standard","has-post-thumbnail","hentry","category-noticias","tag-46-por-ciento-rechazo-enero","tag-54-aprobacion-enero","tag-amlo-aprobacion","tag-encuestas-el-financiero"],"_links":{"self":[{"href":"https:\/\/losperiodistas.com.mx\/portal\/wp-json\/wp\/v2\/posts\/67499","targetHints":{"allow":["GET"]}}],"collection":[{"href":"https:\/\/losperiodistas.com.mx\/portal\/wp-json\/wp\/v2\/posts"}],"about":[{"href":"https:\/\/losperiodistas.com.mx\/portal\/wp-json\/wp\/v2\/types\/post"}],"author":[{"embeddable":true,"href":"https:\/\/losperiodistas.com.mx\/portal\/wp-json\/wp\/v2\/users\/1"}],"replies":[{"embeddable":true,"href":"https:\/\/losperiodistas.com.mx\/portal\/wp-json\/wp\/v2\/comments?post=67499"}],"version-history":[{"count":1,"href":"https:\/\/losperiodistas.com.mx\/portal\/wp-json\/wp\/v2\/posts\/67499\/revisions"}],"predecessor-version":[{"id":67501,"href":"https:\/\/losperiodistas.com.mx\/portal\/wp-json\/wp\/v2\/posts\/67499\/revisions\/67501"}],"wp:featuredmedia":[{"embeddable":true,"href":"https:\/\/losperiodistas.com.mx\/portal\/wp-json\/wp\/v2\/media\/67500"}],"wp:attachment":[{"href":"https:\/\/losperiodistas.com.mx\/portal\/wp-json\/wp\/v2\/media?parent=67499"}],"wp:term":[{"taxonomy":"category","embeddable":true,"href":"https:\/\/losperiodistas.com.mx\/portal\/wp-json\/wp\/v2\/categories?post=67499"},{"taxonomy":"post_tag","embeddable":true,"href":"https:\/\/losperiodistas.com.mx\/portal\/wp-json\/wp\/v2\/tags?post=67499"}],"curies":[{"name":"wp","href":"https:\/\/api.w.org\/{rel}","templated":true}]}}