{"id":67494,"date":"2024-02-01T07:15:55","date_gmt":"2024-02-01T13:15:55","guid":{"rendered":"https:\/\/losperiodistas.com.mx\/portal\/?p=67494"},"modified":"2024-02-01T07:15:58","modified_gmt":"2024-02-01T13:15:58","slug":"sentencia-de-la-corte-pondra-a-prueba-el-modelo-energetico-expertos-el-economista","status":"publish","type":"post","link":"https:\/\/losperiodistas.com.mx\/portal\/sentencia-de-la-corte-pondra-a-prueba-el-modelo-energetico-expertos-el-economista\/","title":{"rendered":"Sentencia de la Corte pondr\u00e1 a prueba el modelo energ\u00e9tico: expertos\u00a0| El Economista"},"content":{"rendered":"\n<p class=\"has-medium-font-size\">La CFE pondr\u00e1 a prueba la viabilidad de las inversiones realizadas en sus plantas de combustibles f\u00f3siles, se\u00f1alan.<\/p>\n\n\n\n<figure class=\"wp-block-image size-large\"><img fetchpriority=\"high\" decoding=\"async\" width=\"1024\" height=\"577\" src=\"https:\/\/losperiodistas.com.mx\/portal\/wp-content\/uploads\/2024\/02\/Captura-de-Pantalla-2024-02-01-a-las-7.09.51-1024x577.jpg\" alt=\"\" class=\"wp-image-67497\" srcset=\"https:\/\/losperiodistas.com.mx\/portal\/wp-content\/uploads\/2024\/02\/Captura-de-Pantalla-2024-02-01-a-las-7.09.51-1024x577.jpg 1024w, https:\/\/losperiodistas.com.mx\/portal\/wp-content\/uploads\/2024\/02\/Captura-de-Pantalla-2024-02-01-a-las-7.09.51-300x169.jpg 300w, https:\/\/losperiodistas.com.mx\/portal\/wp-content\/uploads\/2024\/02\/Captura-de-Pantalla-2024-02-01-a-las-7.09.51-768x433.jpg 768w, https:\/\/losperiodistas.com.mx\/portal\/wp-content\/uploads\/2024\/02\/Captura-de-Pantalla-2024-02-01-a-las-7.09.51.jpg 1518w\" sizes=\"(max-width: 1024px) 100vw, 1024px\" \/><\/figure>\n\n\n\n<p><\/p>\n\n\n\n<p class=\"has-vivid-red-color has-text-color has-medium-font-size\"><strong>KAROL GARC\u00cdA \/ EL ECONOMISTA<\/strong><\/p>\n\n\n\n<p>La reforma a la Ley de la Industria El\u00e9ctrica que centralmente beneficiaba a la Comisi\u00f3n Federal de Electricidad (CFE) en el mercado de generaci\u00f3n el\u00e9ctrica qued\u00f3 ya sin posibilidades de implementarse, tras la sentencia de la Segunda Sala de la Suprema Corte a favor de seis particulares. Ahora, la empresa estatal y el gobierno federal enfrentar\u00e1n la viabilidad de las inversiones realizadas en sus plantas a base de combustibles f\u00f3siles.<\/p>\n\n\n\n<p>As\u00ed lo consideraron especialistas en materia jur\u00eddica y mercados energ\u00e9ticos, para quienes mientras M\u00e9xico se libra de una discusi\u00f3n internacional en materia el\u00e9ctrica, dentro de los p\u00e1neles del Tratado de Libre Comercio, aun quedan recursos administrativos, locales y de facto para que contin\u00fae la animadversi\u00f3n a la competencia con la que se ha manejado la actual administraci\u00f3n.<\/p>\n\n\n\n<p>Gonzalo Monroy, consultor del despacho GMEC explic\u00f3 a El Economista que una vez que ya qued\u00f3 definido de manera permanente que la Ley se sostiene en los mismos t\u00e9rminos que ten\u00eda antes de la aprobaci\u00f3n a los cambios derl 2021, el Cenace como gestor, aunque sea parte de la CFE, y la propia estatal para su uso en la distribuci\u00f3n tienen la obligaci\u00f3n de adquirir la energ\u00eda m\u00e1s barata que desde su ejecuci\u00f3n proviene de las plantas que se construyeron tras la competencia en subastas, mismas que han tenido retrasos en su construcci\u00f3n por falta de permisos, pero que conforme se pongan en marcha, dejar\u00e1n fuera a las plantas que prefiri\u00f3 construir o comprar la CFE y que son ciclos combinados m\u00e1s caros.<\/p>\n\n\n\n<p>\u201cAhora s\u00ed se van a enfrentar a la realidad, s\u00f3lo por poner un ejemplo, est\u00e1n los seis ciclos combinados que fueron lo \u00fanico que logr\u00f3 salir en este sexenio. Tambi\u00e9n Puerto Pe\u00f1asco, la solar de Sonora de la que no conocemos su costo beneficio, y es lo que tiene la CFE, no es competitivo, y por ley tiene que competir contra plantas que en su momento rompieron r\u00e9cords por sus bajos costos a largo plazo, renovables, sin la volatilidad de los combustibles\u201d, puntualiz\u00f3 el experto.<\/p>\n\n\n\n<p>De cualquier forma, el mero hecho de que la Corte haya sentenciado ahora a favor de las empresas y deslind\u00e1ndose del Ejecutivo es una buena noticia, ya que adem\u00e1s fue un amparo con efectos generales que concierne a todos los participantes del mercado para que ninguno est\u00e9 sobre otro, en competencia leg\u00edtima, al menos de derecho, asegur\u00f3.<\/p>\n\n\n\n<h2 class=\"wp-block-heading\">Las consultas en materia el\u00e9ctrica<\/h2>\n\n\n\n<p>Miriam Grunstein, abogada del sector energ\u00e9tico, explic\u00f3 a su vez que por lo menos en materia el\u00e9ctrica se resuelve uno de los puntos m\u00e1s \u00e1lgidos de las consultas que se llevar\u00e1n a cabo rumbo a un panel de controversia Estado con Estado entre M\u00e9xico y sus socios de Norteam\u00e9rica, ya que la falta de competencia impedir\u00eda la implementaci\u00f3n f\u00e1ctica del nuevo Tratado de Libre Comercio (T-MEC).<\/p>\n\n\n\n<p>Sin embargo, queda pendiente lo relativo a los hidrocarburos puesto que el gobierno mantiene sus intenciones de reducir importaciones de gasolinas, o niveles de contaminantes, que seguir\u00e1n en controversia los pr\u00f3ximos meses.<\/p>\n\n\n\n<p>\u201cTodo indica que la resoluci\u00f3n de la segunda sala viene a resolver varios puntos que se est\u00e1n discutiendo rumbo a los p\u00e1neles del T-MEC. Ahora queda decidir en qu\u00e9 modelo quiere continuar el gobierno mexicano, si en uno jur\u00eddicamente fallido como el que ya intentaron por todas las v\u00edas o hasta queda la posibilidad de que ma\u00f1ana un presidente irritado decide presentar una reforma constitucional por efecto reflejo, para continuar postergando la competencia\u201d, dijo Miriam Grunstein.<\/p>\n\n\n\n<p>Y es que no s\u00f3lo la Constituci\u00f3n, sobre la que ya no hubo aprobaciones para modificar la competencia, o la Ley secundaria rigen los actos de un sector, detall\u00f3, porque \u00e9sta depende tambi\u00e9n de una certidumbre jur\u00eddica que en los hechos ejecuta el regulador sectorial y todav\u00eda puede haber p\u00e1nico administrativo, los requisitos para obtener permisos de la Comisi\u00f3n Reguladora de Energ\u00eda (CRE) siguen siendo sumamente severos, si esto no cambia por la v\u00eda administrativa est\u00e1n paralizando el modelo de competencia, aunque sea el modelo legal, puntualiz\u00f3 la analista.<\/p>\n\n\n\n<p><a href=\"mailto:karol.garcia@eleconomista.mx\">karol.garcia@eleconomista.mx<\/a><\/p>\n\n\n\n<p>Fuente: <a href=\"https:\/\/www.eleconomista.com.mx\/empresas\/Sentencia-de-la-Corte-pondra-a-prueba-el-modelo-energetico-expertos-20240201-0019.html\">https:\/\/www.eleconomista.com.mx\/empresas\/Sentencia-de-la-Corte-pondra-a-prueba-el-modelo-energetico-expertos-20240201-0019.html<\/a><\/p>\n","protected":false},"excerpt":{"rendered":"<p>La CFE pondr\u00e1 a prueba la viabilidad de las inversiones realizadas en sus plantas de combustibles f\u00f3siles, se\u00f1alan. KAROL GARC\u00cdA [&hellip;]<\/p>\n","protected":false},"author":1,"featured_media":67497,"comment_status":"open","ping_status":"open","sticky":false,"template":"","format":"standard","meta":{"site-sidebar-layout":"default","site-content-layout":"","ast-site-content-layout":"default","site-content-style":"default","site-sidebar-style":"default","ast-global-header-display":"","ast-banner-title-visibility":"","ast-main-header-display":"","ast-hfb-above-header-display":"","ast-hfb-below-header-display":"","ast-hfb-mobile-header-display":"","site-post-title":"","ast-breadcrumbs-content":"","ast-featured-img":"","footer-sml-layout":"","theme-transparent-header-meta":"","adv-header-id-meta":"","stick-header-meta":"","header-above-stick-meta":"","header-main-stick-meta":"","header-below-stick-meta":"","astra-migrate-meta-layouts":"default","ast-page-background-enabled":"default","ast-page-background-meta":{"desktop":{"background-color":"var(--ast-global-color-4)","background-image":"","background-repeat":"repeat","background-position":"center center","background-size":"auto","background-attachment":"scroll","background-type":"","background-media":"","overlay-type":"","overlay-color":"","overlay-opacity":"","overlay-gradient":""},"tablet":{"background-color":"","background-image":"","background-repeat":"repeat","background-position":"center center","background-size":"auto","background-attachment":"scroll","background-type":"","background-media":"","overlay-type":"","overlay-color":"","overlay-opacity":"","overlay-gradient":""},"mobile":{"background-color":"","background-image":"","background-repeat":"repeat","background-position":"center center","background-size":"auto","background-attachment":"scroll","background-type":"","background-media":"","overlay-type":"","overlay-color":"","overlay-opacity":"","overlay-gradient":""}},"ast-content-background-meta":{"desktop":{"background-color":"var(--ast-global-color-5)","background-image":"","background-repeat":"repeat","background-position":"center center","background-size":"auto","background-attachment":"scroll","background-type":"","background-media":"","overlay-type":"","overlay-color":"","overlay-opacity":"","overlay-gradient":""},"tablet":{"background-color":"var(--ast-global-color-5)","background-image":"","background-repeat":"repeat","background-position":"center center","background-size":"auto","background-attachment":"scroll","background-type":"","background-media":"","overlay-type":"","overlay-color":"","overlay-opacity":"","overlay-gradient":""},"mobile":{"background-color":"var(--ast-global-color-5)","background-image":"","background-repeat":"repeat","background-position":"center center","background-size":"auto","background-attachment":"scroll","background-type":"","background-media":"","overlay-type":"","overlay-color":"","overlay-opacity":"","overlay-gradient":""}},"footnotes":""},"categories":[8],"tags":[34,21966,21967,7357],"class_list":["post-67494","post","type-post","status-publish","format-standard","has-post-thumbnail","hentry","category-noticias","tag-cfe","tag-generacion-electrica-mexico","tag-industria-electrica-mexico","tag-ley-de-la-industria-electrica"],"_links":{"self":[{"href":"https:\/\/losperiodistas.com.mx\/portal\/wp-json\/wp\/v2\/posts\/67494","targetHints":{"allow":["GET"]}}],"collection":[{"href":"https:\/\/losperiodistas.com.mx\/portal\/wp-json\/wp\/v2\/posts"}],"about":[{"href":"https:\/\/losperiodistas.com.mx\/portal\/wp-json\/wp\/v2\/types\/post"}],"author":[{"embeddable":true,"href":"https:\/\/losperiodistas.com.mx\/portal\/wp-json\/wp\/v2\/users\/1"}],"replies":[{"embeddable":true,"href":"https:\/\/losperiodistas.com.mx\/portal\/wp-json\/wp\/v2\/comments?post=67494"}],"version-history":[{"count":1,"href":"https:\/\/losperiodistas.com.mx\/portal\/wp-json\/wp\/v2\/posts\/67494\/revisions"}],"predecessor-version":[{"id":67498,"href":"https:\/\/losperiodistas.com.mx\/portal\/wp-json\/wp\/v2\/posts\/67494\/revisions\/67498"}],"wp:featuredmedia":[{"embeddable":true,"href":"https:\/\/losperiodistas.com.mx\/portal\/wp-json\/wp\/v2\/media\/67497"}],"wp:attachment":[{"href":"https:\/\/losperiodistas.com.mx\/portal\/wp-json\/wp\/v2\/media?parent=67494"}],"wp:term":[{"taxonomy":"category","embeddable":true,"href":"https:\/\/losperiodistas.com.mx\/portal\/wp-json\/wp\/v2\/categories?post=67494"},{"taxonomy":"post_tag","embeddable":true,"href":"https:\/\/losperiodistas.com.mx\/portal\/wp-json\/wp\/v2\/tags?post=67494"}],"curies":[{"name":"wp","href":"https:\/\/api.w.org\/{rel}","templated":true}]}}