{"id":67456,"date":"2024-01-31T10:49:07","date_gmt":"2024-01-31T16:49:07","guid":{"rendered":"https:\/\/losperiodistas.com.mx\/portal\/?p=67456"},"modified":"2024-01-31T11:57:35","modified_gmt":"2024-01-31T17:57:35","slug":"opinion-educar-en-una-cultura-de-paz-tarea-de-todos","status":"publish","type":"post","link":"https:\/\/losperiodistas.com.mx\/portal\/opinion-educar-en-una-cultura-de-paz-tarea-de-todos\/","title":{"rendered":"Opini\u00f3n | Educar en una cultura de paz, tarea de todos"},"content":{"rendered":"\n<p><\/p>\n\n\n\n<p class=\"has-vivid-red-color has-text-color\" style=\"font-size:26px\"><strong><em>Por Fernando Manzanilla Prieto<\/em><\/strong><\/p>\n\n\n\n<p>Para nadie queda duda que vivimos momentos complejos en la sociedad, en la que d\u00eda con d\u00eda se presentan hechos de violencia, desigualdad y polarizaci\u00f3n. Lo m\u00e1s lamentable es saber que estas situaciones han penetrado en el tejido m\u00e1s sensible de la sociedad como es la infancia y juventud.<\/p>\n\n\n\n<p>Manifestaciones de violencia en los espacios educativos con reportes de bullying o acoso escolar, altercados entre docentes y alumnos, entre otros, dan muestra del inusitado crecimiento de estos hechos, as\u00ed como de la urgencia de actuar para ponerles un freno.<\/p>\n\n\n\n<p>En este sentido es que hoy, m\u00e1s que nunca, la promoci\u00f3n de una cultura de paz se convierte en un objetivo fundamental como estrategia para la resoluci\u00f3n pac\u00edfica de conflictos, el respeto a los derechos humanos y la construcci\u00f3n de sociedades basadas en la tolerancia y la solidaridad.<\/p>\n\n\n\n<p>Precisamente esta semana, el 30 de enero, se conmemor\u00f3 el D\u00eda Escolar de la No Violencia y la Paz, fecha proclamada por la ONU en 1993 a iniciativa del educador espa\u00f1ol Lloren\u00e7 Vidal para concienciar a los estudiantes sobre la importancia de la no violencia, el respeto mutuo y la resoluci\u00f3n pac\u00edfica de conflictos. A nivel internacional, numerosas instituciones y organizaciones se suman a\u00f1o con a\u00f1o a esta celebraci\u00f3n, destacando la necesidad de cultivar una cultura de paz desde las aulas.<\/p>\n\n\n\n<p>Pero hay que decirlo, la cultura de paz no se trata solo de prevenir la violencia, sino de sembrar las semillas de la tolerancia, el respeto y la solidaridad desde las edades m\u00e1s tempranas.<\/p>\n\n\n\n<p>Es as\u00ed que la educaci\u00f3n se erige como el pilar fundamental para la transformaci\u00f3n de la sociedad. La inclusi\u00f3n de programas educativos que fomenten valores de paz, la resoluci\u00f3n pac\u00edfica de conflictos y el respeto a los derechos humanos se vuelve esencial. Es por ello que los educadores tienen la responsabilidad de ser agentes de cambio, no solo impartiendo conocimientos acad\u00e9micos, sino tambi\u00e9n guiando a los estudiantes hacia la comprensi\u00f3n y valoraci\u00f3n de la diversidad.<\/p>\n\n\n\n<p>La educaci\u00f3n juega un papel central en este proceso de transformaci\u00f3n. Es a trav\u00e9s de una educaci\u00f3n que promueva valores como la empat\u00eda, la solidaridad y el respeto, que se pueden sentar las bases para una sociedad m\u00e1s tolerante y pac\u00edfica. Adem\u00e1s, es necesario fomentar la conciencia sobre la importancia de erradicar pr\u00e1cticas discriminatorias y trabajar en conjunto para eliminar las barreras que perpet\u00faan la desigualdad.<\/p>\n\n\n\n<p>La Doctora en Estudios Internacionales de Paz, Conflictos y Desarrollo, Gloria Mar\u00eda Abarca Obreg\u00f3n, recalca que se debe hablar de educaci\u00f3n para la paz en contextos d\u00f3nde la violencia est\u00e1 intensificada o su repercusi\u00f3n. \u201cEn las zonas con violencias directas es primordial visibilizar, abrir y sostener este proceso de construcci\u00f3n de paz, como primer movimiento de disminuci\u00f3n de la violencia\u201d, enfatiza.<\/p>\n\n\n\n<p>En este sentido, Abarca Obreg\u00f3n propone crear en las escuelas espacios de paz, como \u201cEspacios de conexi\u00f3n\u201d, \u201cEspacios de encuentro-cooperaci\u00f3n\u201d, \u201cEspacios de restauraci\u00f3n, reparaci\u00f3n y compasi\u00f3n\u201d y \u201cEspacios de tejidos de redes\u201d, en los cuales se pondr\u00e1n en marcha diferentes pr\u00e1cticas de paz.<\/p>\n\n\n\n<p>La especialista cree que la posibilidad de generar espacios y pr\u00e1cticas de paz en lugares donde se viven las violencias no s\u00f3lo es importante, sino es un recurso necesario y se necesita dar a conocer las herramientas que posibilitan estas pr\u00e1cticas.<\/p>\n\n\n\n<p>\u201cA\u00fan con el reto de contar con pocas especialistas, cada d\u00eda se est\u00e1n generando m\u00e1s lugares de capacitaci\u00f3n en temas de paz, como son los c\u00edrculos de paz, c\u00edrculos y pr\u00e1cticas restaurativas, comunicaci\u00f3n noviolenta o juegos cooperativos de paz. Hay que tener presente tambi\u00e9n que cada vez m\u00e1s universidades est\u00e1n abriendo posgrados sobre cuestiones relacionadas con la educaci\u00f3n y cultura de paz\u201d, afirma.<\/p>\n\n\n\n<p>En este contexto, la participaci\u00f3n ciudadana se vuelve esencial. Cada individuo tiene el poder de influir en su entorno y contribuir a la construcci\u00f3n de una sociedad m\u00e1s justa. Desde peque\u00f1as acciones cotidianas hasta el apoyo activo a iniciativas que buscan el bienestar com\u00fan, todos podemos ser agentes de cambio.<\/p>\n\n\n\n<p>Adem\u00e1s, es crucial establecer pol\u00edticas que aborden de manera integral el problema de la violencia en las escuelas. Capacitar a los profesionales de la educaci\u00f3n, involucrar a las familias en la formaci\u00f3n de valores y promover el di\u00e1logo abierto sobre estos temas son pasos indispensables.<\/p>\n\n\n\n<p>Porque la cultura de paz no es solo un ideal, sino una necesidad apremiante para construir sociedades m\u00e1s justas, equitativas y respetuosas, donde la educaci\u00f3n sea el faro que ilumine el camino hacia un futuro prometedor.<\/p>\n\n\n\n<p>Es as\u00ed que estoy convencido que con un compromiso colectivo y acciones concretas, podemos revertir la tendencia actual y construir un entorno educativo donde la paz y el respeto florezcan, brindando a las nuevas generaciones un s\u00f3lido fundamento para enfrentar los desaf\u00edos de la vida con fortaleza y empat\u00eda.<\/p>\n","protected":false},"excerpt":{"rendered":"<p>Por Fernando Manzanilla Prieto Para nadie queda duda que vivimos momentos complejos en la sociedad, en la que d\u00eda con [&hellip;]<\/p>\n","protected":false},"author":1,"featured_media":67457,"comment_status":"open","ping_status":"open","sticky":false,"template":"","format":"standard","meta":{"site-sidebar-layout":"default","site-content-layout":"","ast-site-content-layout":"default","site-content-style":"default","site-sidebar-style":"default","ast-global-header-display":"","ast-banner-title-visibility":"","ast-main-header-display":"","ast-hfb-above-header-display":"","ast-hfb-below-header-display":"","ast-hfb-mobile-header-display":"","site-post-title":"","ast-breadcrumbs-content":"","ast-featured-img":"","footer-sml-layout":"","theme-transparent-header-meta":"","adv-header-id-meta":"","stick-header-meta":"","header-above-stick-meta":"","header-main-stick-meta":"","header-below-stick-meta":"","astra-migrate-meta-layouts":"default","ast-page-background-enabled":"default","ast-page-background-meta":{"desktop":{"background-color":"var(--ast-global-color-4)","background-image":"","background-repeat":"repeat","background-position":"center center","background-size":"auto","background-attachment":"scroll","background-type":"","background-media":"","overlay-type":"","overlay-color":"","overlay-opacity":"","overlay-gradient":""},"tablet":{"background-color":"","background-image":"","background-repeat":"repeat","background-position":"center center","background-size":"auto","background-attachment":"scroll","background-type":"","background-media":"","overlay-type":"","overlay-color":"","overlay-opacity":"","overlay-gradient":""},"mobile":{"background-color":"","background-image":"","background-repeat":"repeat","background-position":"center center","background-size":"auto","background-attachment":"scroll","background-type":"","background-media":"","overlay-type":"","overlay-color":"","overlay-opacity":"","overlay-gradient":""}},"ast-content-background-meta":{"desktop":{"background-color":"var(--ast-global-color-5)","background-image":"","background-repeat":"repeat","background-position":"center center","background-size":"auto","background-attachment":"scroll","background-type":"","background-media":"","overlay-type":"","overlay-color":"","overlay-opacity":"","overlay-gradient":""},"tablet":{"background-color":"var(--ast-global-color-5)","background-image":"","background-repeat":"repeat","background-position":"center center","background-size":"auto","background-attachment":"scroll","background-type":"","background-media":"","overlay-type":"","overlay-color":"","overlay-opacity":"","overlay-gradient":""},"mobile":{"background-color":"var(--ast-global-color-5)","background-image":"","background-repeat":"repeat","background-position":"center center","background-size":"auto","background-attachment":"scroll","background-type":"","background-media":"","overlay-type":"","overlay-color":"","overlay-opacity":"","overlay-gradient":""}},"footnotes":""},"categories":[24,8],"tags":[21951,21950],"class_list":["post-67456","post","type-post","status-publish","format-standard","has-post-thumbnail","hentry","category-fernando-manzanilla","category-noticias","tag-cultura-de-paz","tag-educar"],"_links":{"self":[{"href":"https:\/\/losperiodistas.com.mx\/portal\/wp-json\/wp\/v2\/posts\/67456","targetHints":{"allow":["GET"]}}],"collection":[{"href":"https:\/\/losperiodistas.com.mx\/portal\/wp-json\/wp\/v2\/posts"}],"about":[{"href":"https:\/\/losperiodistas.com.mx\/portal\/wp-json\/wp\/v2\/types\/post"}],"author":[{"embeddable":true,"href":"https:\/\/losperiodistas.com.mx\/portal\/wp-json\/wp\/v2\/users\/1"}],"replies":[{"embeddable":true,"href":"https:\/\/losperiodistas.com.mx\/portal\/wp-json\/wp\/v2\/comments?post=67456"}],"version-history":[{"count":1,"href":"https:\/\/losperiodistas.com.mx\/portal\/wp-json\/wp\/v2\/posts\/67456\/revisions"}],"predecessor-version":[{"id":67458,"href":"https:\/\/losperiodistas.com.mx\/portal\/wp-json\/wp\/v2\/posts\/67456\/revisions\/67458"}],"wp:featuredmedia":[{"embeddable":true,"href":"https:\/\/losperiodistas.com.mx\/portal\/wp-json\/wp\/v2\/media\/67457"}],"wp:attachment":[{"href":"https:\/\/losperiodistas.com.mx\/portal\/wp-json\/wp\/v2\/media?parent=67456"}],"wp:term":[{"taxonomy":"category","embeddable":true,"href":"https:\/\/losperiodistas.com.mx\/portal\/wp-json\/wp\/v2\/categories?post=67456"},{"taxonomy":"post_tag","embeddable":true,"href":"https:\/\/losperiodistas.com.mx\/portal\/wp-json\/wp\/v2\/tags?post=67456"}],"curies":[{"name":"wp","href":"https:\/\/api.w.org\/{rel}","templated":true}]}}