{"id":67152,"date":"2024-01-26T07:38:15","date_gmt":"2024-01-26T13:38:15","guid":{"rendered":"https:\/\/losperiodistas.com.mx\/portal\/?p=67152"},"modified":"2024-01-26T07:38:17","modified_gmt":"2024-01-26T13:38:17","slug":"accion-nacional-entrego-en-acto-solemne-la-constancia-de-designacion-a-eduardo-rivera-como-virtual-candidato-oficial-a-la-gubernatura-del-estado-de-puebla","status":"publish","type":"post","link":"https:\/\/losperiodistas.com.mx\/portal\/accion-nacional-entrego-en-acto-solemne-la-constancia-de-designacion-a-eduardo-rivera-como-virtual-candidato-oficial-a-la-gubernatura-del-estado-de-puebla\/","title":{"rendered":"Acci\u00f3n Nacional entreg\u00f3 en acto solemne la constancia de designaci\u00f3n a Eduardo Rivera, como virtual candidato oficial a la gubernatura del Estado de Puebla"},"content":{"rendered":"\n<figure class=\"wp-block-image size-large\"><img fetchpriority=\"high\" decoding=\"async\" width=\"1024\" height=\"824\" src=\"https:\/\/losperiodistas.com.mx\/portal\/wp-content\/uploads\/2024\/01\/WhatsApp-Image-2024-01-25-at-21.36.30-1024x824.jpeg\" alt=\"\" class=\"wp-image-67153\" srcset=\"https:\/\/losperiodistas.com.mx\/portal\/wp-content\/uploads\/2024\/01\/WhatsApp-Image-2024-01-25-at-21.36.30-1024x824.jpeg 1024w, https:\/\/losperiodistas.com.mx\/portal\/wp-content\/uploads\/2024\/01\/WhatsApp-Image-2024-01-25-at-21.36.30-300x241.jpeg 300w, https:\/\/losperiodistas.com.mx\/portal\/wp-content\/uploads\/2024\/01\/WhatsApp-Image-2024-01-25-at-21.36.30-768x618.jpeg 768w, https:\/\/losperiodistas.com.mx\/portal\/wp-content\/uploads\/2024\/01\/WhatsApp-Image-2024-01-25-at-21.36.30.jpeg 1059w\" sizes=\"(max-width: 1024px) 100vw, 1024px\" \/><figcaption>Cortesia<\/figcaption><\/figure>\n\n\n\n<p class=\"has-vivid-red-color has-text-color has-medium-font-size\"><strong>COMUNICADO<\/strong><\/p>\n\n\n\n<p>En un acto protocolario, este jueves 25 de enero, la Comisi\u00f3n Estatal de Procesos Electorales y el Comit\u00e9 Directivo Estatal del Partido Acci\u00f3n Nacional (AN) Puebla, entreg\u00f3 a Eduardo Rivera P\u00e9rez, la Constancia de designaci\u00f3n como virtual candidato oficial a la Gubernatura del Estado de Puebla.<\/p>\n\n\n\n<p>La presidenta de la Comisi\u00f3n, Gabriela Colorado Corona, fue quien entreg\u00f3 de manera formal la Constancia de designaci\u00f3n como virtual candidato a la Gubernatura del Estado de Puebla a Eduardo Rivera, en el magno evento realizado en el municipio de Cuautlancingo.<\/p>\n\n\n\n<p>La presidenta del Comit\u00e9 Directivo Municipal del PAN en Cuautlancingo, Mayra Ram\u00edrez Escamilla, durante su intervenci\u00f3n se pronunci\u00f3 a favor de trabajar arduamente con la militancia de la mano de Rivera P\u00e9rez, con el objetivo de que el rumbo de Puebla cambie y mejore.<\/p>\n\n\n\n<p>Por su parte, la presidenta del Comit\u00e9 Directivo Estatal de AN en Puebla, Augusta D\u00edaz de Rivera, enfatiz\u00f3 que Eduardo Rivera dio su primer paso al triunfo, afirm\u00f3 tambi\u00e9n que sin duda es la mejor persona para dirigir el rumbo del estado de Puebla y se comprometi\u00f3 a acompa\u00f1arlo en cada rinc\u00f3n del estado.<\/p>\n\n\n\n<p>\u201cEduardo hace que el panismo vibre y estoy segura que har\u00e1s que el panismo vibre detr\u00e1s de ti\u201d, enfatiz\u00f3.<\/p>\n\n\n\n<p>El diputado federal, Jorge Romero Herrera afirm\u00f3 que todos los militantes creen en Rivera P\u00e9rez, porque ya fue servidor p\u00fablico y tiene la confianza de la ciudadan\u00eda.<\/p>\n\n\n\n<p>\u201cEstamos los que creemos en el PAN y vamos a estar contigo en la lucha y en el triunfo\u201d, asever\u00f3.<\/p>\n\n\n\n<p>Durante su discurso el virtual candidato Eduardo Rivera, agradeci\u00f3 a la dirigencia estatal del PAN y a la Comisi\u00f3n Estatal de Procesos Electorales, la entrega del documento que le acredita como virtual candidato oficial de Acci\u00f3n Nacional a la gubernatura del estado de Puebla y reafirma que asume con honor y responsabilidad la encomienda.<\/p>\n\n\n\n<p>\u201cEstoy listo para dar la lucha en todos los rincones del estado. Los gobiernos de Morena le han fallado a los poblanos, no han sabido entregar buenas cuentas y hoy en AN tenemos los mejores perfiles. Vamos a lograr el cambio que Puebla necesita \u00a1Vamos juntos hasta la victoria!\u201d, afirm\u00f3 al t\u00e9rmino de su discurso, en medio de porras de la militancia panista.<\/p>\n\n\n\n<p>A este evento que fue dirigido a militantes del Partido Acci\u00f3n Nacional en el municipio de Cuautlancingo, tambi\u00e9n asistieron personalidades importantes como el candidato a la Presidencia Municipal de Puebla, Mario Riestra Pi\u00f1a; el secretario general del CDE, Marcos Castro Mart\u00ednez; la virtual candidata a Senadora, Ana Teresa Aranda Orozco; el Coordinador del CEN en Puebla, Marco Adame Castillo; el diputado federal, Jorge Romero Herrera; la diputada federal, Carolina Beauregard Mart\u00ednez; la senadora, Nadia Navarro Acevedo; los diputados locales, Rafael Micalco M\u00e9ndez y Oswaldo Jim\u00e9nez L\u00f3pez; la diputada local, M\u00f3nica Rodr\u00edguez Della Vecchia y el diputado local y dirigente del PSI, Carlos Navarro Corro.<\/p>\n","protected":false},"excerpt":{"rendered":"<p>COMUNICADO En un acto protocolario, este jueves 25 de enero, la Comisi\u00f3n Estatal de Procesos Electorales y el Comit\u00e9 Directivo [&hellip;]<\/p>\n","protected":false},"author":1,"featured_media":67153,"comment_status":"open","ping_status":"open","sticky":false,"template":"","format":"standard","meta":{"site-sidebar-layout":"default","site-content-layout":"","ast-site-content-layout":"default","site-content-style":"default","site-sidebar-style":"default","ast-global-header-display":"","ast-banner-title-visibility":"","ast-main-header-display":"","ast-hfb-above-header-display":"","ast-hfb-below-header-display":"","ast-hfb-mobile-header-display":"","site-post-title":"","ast-breadcrumbs-content":"","ast-featured-img":"","footer-sml-layout":"","theme-transparent-header-meta":"","adv-header-id-meta":"","stick-header-meta":"","header-above-stick-meta":"","header-main-stick-meta":"","header-below-stick-meta":"","astra-migrate-meta-layouts":"default","ast-page-background-enabled":"default","ast-page-background-meta":{"desktop":{"background-color":"var(--ast-global-color-4)","background-image":"","background-repeat":"repeat","background-position":"center center","background-size":"auto","background-attachment":"scroll","background-type":"","background-media":"","overlay-type":"","overlay-color":"","overlay-opacity":"","overlay-gradient":""},"tablet":{"background-color":"","background-image":"","background-repeat":"repeat","background-position":"center center","background-size":"auto","background-attachment":"scroll","background-type":"","background-media":"","overlay-type":"","overlay-color":"","overlay-opacity":"","overlay-gradient":""},"mobile":{"background-color":"","background-image":"","background-repeat":"repeat","background-position":"center center","background-size":"auto","background-attachment":"scroll","background-type":"","background-media":"","overlay-type":"","overlay-color":"","overlay-opacity":"","overlay-gradient":""}},"ast-content-background-meta":{"desktop":{"background-color":"var(--ast-global-color-5)","background-image":"","background-repeat":"repeat","background-position":"center center","background-size":"auto","background-attachment":"scroll","background-type":"","background-media":"","overlay-type":"","overlay-color":"","overlay-opacity":"","overlay-gradient":""},"tablet":{"background-color":"var(--ast-global-color-5)","background-image":"","background-repeat":"repeat","background-position":"center center","background-size":"auto","background-attachment":"scroll","background-type":"","background-media":"","overlay-type":"","overlay-color":"","overlay-opacity":"","overlay-gradient":""},"mobile":{"background-color":"var(--ast-global-color-5)","background-image":"","background-repeat":"repeat","background-position":"center center","background-size":"auto","background-attachment":"scroll","background-type":"","background-media":"","overlay-type":"","overlay-color":"","overlay-opacity":"","overlay-gradient":""}},"footnotes":""},"categories":[8],"tags":[21801,2036,248],"class_list":["post-67152","post","type-post","status-publish","format-standard","has-post-thumbnail","hentry","category-noticias","tag-habloconlalo","tag-eduardo-rivera-p","tag-pan"],"_links":{"self":[{"href":"https:\/\/losperiodistas.com.mx\/portal\/wp-json\/wp\/v2\/posts\/67152","targetHints":{"allow":["GET"]}}],"collection":[{"href":"https:\/\/losperiodistas.com.mx\/portal\/wp-json\/wp\/v2\/posts"}],"about":[{"href":"https:\/\/losperiodistas.com.mx\/portal\/wp-json\/wp\/v2\/types\/post"}],"author":[{"embeddable":true,"href":"https:\/\/losperiodistas.com.mx\/portal\/wp-json\/wp\/v2\/users\/1"}],"replies":[{"embeddable":true,"href":"https:\/\/losperiodistas.com.mx\/portal\/wp-json\/wp\/v2\/comments?post=67152"}],"version-history":[{"count":1,"href":"https:\/\/losperiodistas.com.mx\/portal\/wp-json\/wp\/v2\/posts\/67152\/revisions"}],"predecessor-version":[{"id":67154,"href":"https:\/\/losperiodistas.com.mx\/portal\/wp-json\/wp\/v2\/posts\/67152\/revisions\/67154"}],"wp:featuredmedia":[{"embeddable":true,"href":"https:\/\/losperiodistas.com.mx\/portal\/wp-json\/wp\/v2\/media\/67153"}],"wp:attachment":[{"href":"https:\/\/losperiodistas.com.mx\/portal\/wp-json\/wp\/v2\/media?parent=67152"}],"wp:term":[{"taxonomy":"category","embeddable":true,"href":"https:\/\/losperiodistas.com.mx\/portal\/wp-json\/wp\/v2\/categories?post=67152"},{"taxonomy":"post_tag","embeddable":true,"href":"https:\/\/losperiodistas.com.mx\/portal\/wp-json\/wp\/v2\/tags?post=67152"}],"curies":[{"name":"wp","href":"https:\/\/api.w.org\/{rel}","templated":true}]}}