{"id":67149,"date":"2024-01-26T07:31:37","date_gmt":"2024-01-26T13:31:37","guid":{"rendered":"https:\/\/losperiodistas.com.mx\/portal\/?p=67149"},"modified":"2024-01-26T07:31:40","modified_gmt":"2024-01-26T13:31:40","slug":"el-papa-francisco-reitera-con-fiducia-supplicans-se-bendice-a-las-personas-no-la-union-aci","status":"publish","type":"post","link":"https:\/\/losperiodistas.com.mx\/portal\/el-papa-francisco-reitera-con-fiducia-supplicans-se-bendice-a-las-personas-no-la-union-aci\/","title":{"rendered":"El Papa Francisco reitera: con Fiducia supplicans se bendice a las personas, no la uni\u00f3n | ACI"},"content":{"rendered":"\n<figure class=\"wp-block-image size-full\"><img fetchpriority=\"high\" decoding=\"async\" width=\"670\" height=\"447\" src=\"https:\/\/losperiodistas.com.mx\/portal\/wp-content\/uploads\/2024\/01\/papa-dicasterio-fe.jpg\" alt=\"\" class=\"wp-image-67150\" srcset=\"https:\/\/losperiodistas.com.mx\/portal\/wp-content\/uploads\/2024\/01\/papa-dicasterio-fe.jpg 670w, https:\/\/losperiodistas.com.mx\/portal\/wp-content\/uploads\/2024\/01\/papa-dicasterio-fe-300x200.jpg 300w\" sizes=\"(max-width: 670px) 100vw, 670px\" \/><figcaption>El Papa Francisco con los miembros del Dicasterio para la Doctrina de la Fe este 26 de enero | Cr\u00e9dito: Vatican Media<\/figcaption><\/figure>\n\n\n\n<p><\/p>\n\n\n\n<p class=\"has-vivid-red-color has-text-color has-medium-font-size\"><strong>ALMUDENA MART\u00cdNEZ-BORDI\u00da \/ ACI PRENSA<\/strong><\/p>\n\n\n\n<p>El Papa Francisco se ha vuelto a pronunciar sobre la declaraci\u00f3n&nbsp;<em>Fiducia supplicans<\/em>&nbsp;durante una audiencia a los miembros del Dicasterio para la Doctrina de la Fe, en la que subray\u00f3 que no se bendice la uni\u00f3n, \u201csino simplemente a las personas que juntas la han solicitado\u201d y que \u00e9stas no requieren \u201cla perfecci\u00f3n moral para ser recibidas\u201d.<\/p>\n\n\n\n<p>El Papa Francisco se reuni\u00f3 este 26 de enero en el Palacio Apost\u00f3lico con los miembros del Dicasterio para la Doctrina de la Fe, cuyo prefecto, el Cardenal V\u00edctor Fern\u00e1ndez, es el autor de la declaraci\u00f3n que ha&nbsp;<a href=\"https:\/\/www.aciprensa.com\/tags\/12822\/fiducia-supplicans\"><u>despertado una serie de reacciones<\/u><\/a>&nbsp;de obispos y numerosas conferencias episcopales.&nbsp;<\/p>\n\n\n\n<p>Durante su discurso a los miembros de este dicasterio tras concluir su Asamblea Plenaria, el Papa Francisco precis\u00f3 que la intenci\u00f3n de las \u201cbendiciones pastorales y espont\u00e1neas es mostrar concretamente la cercan\u00eda del Se\u00f1or y de la Iglesia a todos aquellos que, encontr\u00e1ndose en diferentes situaciones, piden ayuda para continuar -a veces para comenzar- un camino de fe\u201d.&nbsp;&nbsp;<\/p>\n\n\n\n<p>\u201cQuisiera subrayar brevemente dos cosas: la primera es que estas bendiciones, fuera de cualquier contexto y forma lit\u00fargica, no requieren la perfecci\u00f3n moral para ser recibidas\u201d, destac\u00f3 el Pont\u00edfice.&nbsp;<\/p>\n\n\n\n<p>Asimismo, se\u00f1al\u00f3 que \u201ccuando una pareja se acerca espont\u00e1neamente para pedirlas, no se est\u00e1 bendiciendo la uni\u00f3n, sino simplemente a las personas que juntas la han solicitado\u201d.&nbsp;<\/p>\n\n\n\n<p>\u201cNo a la uni\u00f3n, sino a las personas, \u2014 insisti\u00f3 \u2014, teniendo en cuenta naturalmente el contexto, las sensibilidades, los lugares donde se vive y las formas m\u00e1s adecuadas de hacerlo\u201d.<\/p>\n\n\n\n<h4 class=\"wp-block-heading\">M\u00c1S EN VATICANO<\/h4>\n\n\n\n<figure class=\"wp-block-image\"><a href=\"https:\/\/www.aciprensa.com\/noticias\/102730\/papa-francisco-sobre-fiducia-supplicans-bendecimos-a-las-personas-no-al-pecado\"><img decoding=\"async\" src=\"https:\/\/www.aciprensa.com\/imagespp\/papa-francisco-clero-roma-vatican-media-130124.jpg?w=180&amp;h=120\" alt=\"Papa Francisco en encuentro privado con el clero de Roma\"\/><\/a><\/figure>\n\n\n\n<h3 class=\"wp-block-heading\"><a href=\"https:\/\/www.aciprensa.com\/noticias\/102730\/papa-francisco-sobre-fiducia-supplicans-bendecimos-a-las-personas-no-al-pecado\">El Papa Francisco sobre Fiducia supplicans: Bendecimos a las personas, no al pecado<\/a><\/h3>\n\n\n\n<h2 class=\"wp-block-heading\"><strong>Declaraciones del Papa Francisco sobre&nbsp;<em>Fiducia supplicans<\/em><\/strong><\/h2>\n\n\n\n<p>Tras la publicaci\u00f3n de&nbsp;<em>Fiducia supplicans<\/em>&nbsp;el 18 de diciembre de 2023, el Papa Francisco se pronunci\u00f3 por primera vez al respecto durante un encuentro privado con m\u00e1s de 800 sacerdotes de la Di\u00f3cesis de Roma el pasado 13 de enero.&nbsp;<\/p>\n\n\n\n<p>En l\u00ednea con lo expresado esta ma\u00f1ana, el Pont\u00edfice remarc\u00f3 que en la Iglesia Cat\u00f3lica se bendice a las personas, no al pecado.<\/p>\n\n\n\n<p>Asimismo, explic\u00f3 que \u201c\u00c1frica no acepta estas bendiciones porque hay sensibilidades diferentes y que esto se aclar\u00f3 con el cardenal [Fridolin] Ambongo\u201d, Arzobispo de Kinshasa y presidente del Simposio de Conferencias Episcopales de \u00c1frica y Madagascar.<\/p>\n\n\n\n<p>Asimismo, durante una&nbsp;<a href=\"https:\/\/www.aciprensa.com\/noticias\/102741\/papa-francisco-confiesa-que-ha-negado-el-personal-una-vez\"><u>entrevista en la televisi\u00f3n italiana&nbsp;<\/u><\/a>el 15 de enero, el Papa Francisco afirm\u00f3 que cuando tomas una decisi\u00f3n de este tipo, \u201chay un precio de soledad que tienes que pagar y a veces las decisiones no son aceptadas\u201d.<\/p>\n\n\n\n<p>Asimismo, explic\u00f3 que \u201ccuando no se aceptan las decisiones es porque no se conocen\u201d e inst\u00f3 \u201ca hablar, preguntar tus dudas y llevar una discusi\u00f3n fraterna\u201d. \u201cSi se guarda en el coraz\u00f3n, se hace una fea resistencia\u201d, afirm\u00f3.<\/p>\n\n\n\n<p>El Pont\u00edfice reiter\u00f3 que \u201cel Se\u00f1or bendice a todos los que son capaces de bautizarse, es decir, a todas las personas\u201d.&nbsp;<\/p>\n\n\n\n<p>\u201cPero entonces \u2014continu\u00f3 \u2014las personas deben entrar en conversaci\u00f3n con la bendici\u00f3n del Se\u00f1or y ver cu\u00e1l es el camino que el Se\u00f1or les propone. Pero hay que llevarles de la mano y ayudarles a recorrer ese camino, no condenarlos desde el principio. Y \u00e9sta es la labor pastoral de la Iglesia\u201d<\/p>\n\n\n\n<h2 class=\"wp-block-heading\"><strong>\u00bfDe qu\u00e9 trata&nbsp;<em>Fiducia supplicans<\/em>?<\/strong><\/h2>\n\n\n\n<p>El 18 de diciembre de 2023, el prefecto del Dicasterio para la Doctrina de la Fe, Cardenal V\u00edctor Manuel Fern\u00e1ndez, con la aprobaci\u00f3n del Papa Francisco,&nbsp;<a href=\"https:\/\/press.vatican.va\/content\/salastampa\/it\/bollettino\/pubblico\/2023\/12\/18\/0901\/01963.html#es\"><u>public\u00f3 la declaraci\u00f3n&nbsp;<\/u><em><u>Fiducia supplicans<\/u><\/em><\/a>, que permite a los sacerdotes cat\u00f3licos bendecir de forma \u201cpastoral\u201d y no ritualizada a las parejas en situaci\u00f3n irregular y a las del mismo sexo.https:\/\/488a755abb61a1cf217cc6be41addb57.safeframe.googlesyndication.com\/safeframe\/1-0-40\/html\/container.html<\/p>\n\n\n\n<p>El documento vaticano&nbsp;<a href=\"https:\/\/www.aciprensa.com\/noticias\/102452\/fiducia-supplicans-obispos-del-mundo-estan-divididos\"><u>caus\u00f3 divisi\u00f3n entre los obispos y sacerdotes de todo el mundo<\/u><\/a>, y episcopados completos, especialmente en \u00c1frica, se mostraron en contra de aplicar las bendiciones propuestas por el Dicasterio para la Doctrina de la Fe.<\/p>\n\n\n\n<p>El 4 de enero de este a\u00f1o, a pesar de que en&nbsp;<em>Fiducia supplicans<\/em>&nbsp;hab\u00eda asegurado que \u201cno cabe esperar otras respuestas sobre c\u00f3mo regular los detalles o los aspectos pr\u00e1cticos relativos a este tipo de bendiciones\u201d, el Cardenal Fern\u00e1ndez&nbsp;<a href=\"https:\/\/www.aciprensa.com\/noticias\/102586\/fiducia-supplicans-vaticano-responde-a-comprensibles-reacciones-de-obispos\"><u>public\u00f3 una nota de prensa<\/u><\/a>&nbsp;para \u201cayudar a clarificar la recepci\u00f3n\u201d del documento.<\/p>\n\n\n\n<p>En esa nota de prensa, el purpurado asegur\u00f3 que las bendiciones pastorales propuestas son breves, \u201cde pocos segundos, sin Ritual ni Bendicional\u201d, y que esa forma de bendici\u00f3n \u201cno pretende justificar algo que no es moralmente aceptable\u201d.<\/p>\n\n\n\n<p>El 11 de enero, con \u201cel visto bueno\u201d del Papa Francisco y del Cardenal Fern\u00e1ndez,&nbsp;<a href=\"https:\/\/www.aciprensa.com\/noticias\/102702\/fiducia-supplicans-obispos-de-africa-se-oponen-a-las-bendiciones-homosexuales\"><u>la SECAM public\u00f3 un comunicado<\/u><\/a>&nbsp;asegurando que \u201clas bendiciones extralit\u00fargicas propuestas en la declaraci\u00f3n&nbsp;<em>Fiducia supplicans<\/em>&nbsp;no pueden llevarse a cabo en \u00c1frica\u201d.<\/p>\n\n\n\n<h2 class=\"wp-block-heading\"><strong>\u201cUna comprensi\u00f3n de la fe ante la \u00e9poca cambiante de nuestro tiempo\u201d<\/strong><\/h2>\n\n\n\n<p>Al inicio de su discurso de esta ma\u00f1ana, el Santo Padre record\u00f3 los recientes cambios implantados en el Dicasterio, cuya finalidad es \u201cayudar al Romano Pont\u00edfice y a los Obispos en el anuncio del Evangelio en todo el mundo, promoviendo y salvaguardando la integridad de la doctrina cat\u00f3lica sobre la fe y las costumbres, inspir\u00e1ndose en el dep\u00f3sito de la fe y buscando tambi\u00e9n una comprensi\u00f3n cada vez m\u00e1s profunda de las nuevas cuestiones\u201d.<\/p>\n\n\n\n<p>Destac\u00f3 asimismo \u201cla importancia de la presencia de profesionales competentes en el seno de la Secci\u00f3n Disciplinar, para garantizar el cuidado y el rigor en la aplicaci\u00f3n de la legislaci\u00f3n can\u00f3nica vigente, en particular en el tratamiento de los casos de abusos de menores por parte de cl\u00e9rigos, y para promover iniciativas de formaci\u00f3n can\u00f3nica para Ordinarios y juristas\u201d.&nbsp;&nbsp;<\/p>\n\n\n\n<p>Adem\u00e1s, insisti\u00f3 \u201cen la urgencia de dar m\u00e1s espacio y atenci\u00f3n al \u00e1mbito propio de la Secci\u00f3n Doctrinal, donde no faltan te\u00f3logos preparados y personal cualificado\u201d.<\/p>\n\n\n\n<p>Por ello, remarc\u00f3 que el Dicasterio \u201cse ve as\u00ed comprometido en la comprensi\u00f3n de la fe ante la \u00e9poca cambiante que caracteriza nuestro tiempo\u201d.&nbsp;<\/p>\n\n\n\n<h2 class=\"wp-block-heading\"><strong>\u201cSacramentos, dignidad y fe\u201d<\/strong><\/h2>\n\n\n\n<p>A continuaci\u00f3n, el Papa Francisco centr\u00f3 su atenci\u00f3n en la importancia de los sacramentos y afirm\u00f3 que \u201cla vida de la Iglesia se alimenta y crece a trav\u00e9s de ellos\u201d.&nbsp;<\/p>\n\n\n\n<p>Por esta raz\u00f3n, record\u00f3 que \u201cse requiere un cuidado especial de los ministros al administrarlos y al revelar a los fieles los tesoros de gracia que comunican\u201d.<\/p>\n\n\n\n<p>Puntualiz\u00f3 tambi\u00e9n que \u201cnuestro tiempo tiene una necesidad particularmente urgente de profetas de vida nueva y de testigos de la caridad\u201d.<\/p>\n\n\n\n<p>M\u00e1s tarde, reflexion\u00f3 acerca de la dignidad del ser humano y remarc\u00f3 que como cristianos \u201cno debemos cansarnos de insistir en la primac\u00eda de la persona humana y la defensa de su dignidad por encima de toda circunstancia\u201d. Asimismo, precis\u00f3 que los miembros del dicasterio est\u00e1n trabajando en un nuevo documento sobre este tema.&nbsp;<\/p>\n\n\n\n<p>Por \u00faltimo, el Santo Padre resalt\u00f3 el valor de la fe, al tiempo que se\u00f1al\u00f3 que durante el pr\u00f3ximo Jubileo de 2025, \u201crenovaremos la fe en Jesucristo, verdadero Dios y verdadero hombre, esperanza de la historia y del mundo\u201d.&nbsp;<\/p>\n\n\n\n<p>Tambi\u00e9n record\u00f3 las palabras de Benedicto XVI, cuando lament\u00f3 que la fe \u201ces a menudo incluso negada, escarnecida, marginada y ridiculizada\u201d.<\/p>\n\n\n\n<p>Por ello, el Santo Padre inst\u00f3 a los miembros del dicasterio a comprometerse en el \u201canuncio y la comunicaci\u00f3n de la fe en el mundo de hoy, especialmente a las j\u00f3venes generaciones; en la conversi\u00f3n misionera de las estructuras eclesiales y de los agentes pastorales; las nuevas culturas urbanas, con su carga de desaf\u00edos, pero tambi\u00e9n de in\u00e9ditas cuestiones de sentido; finalmente y sobre todo, en la centralidad del kerigma en la vida y en la misi\u00f3n de la Iglesia\u201d.&nbsp;<\/p>\n\n\n\n<p>Para el Papa Francisco,&nbsp; \u201cmantener la fe\u201d se traduce hoy \u201cen un compromiso de reflexi\u00f3n y discernimiento, para que toda la comunidad se esfuerce por una verdadera conversi\u00f3n pastoral y kerigm\u00e1tica misionera, que ayude tambi\u00e9n al camino sinodal en curso\u201d.&nbsp;<\/p>\n\n\n\n<p>\u201cLo que para nosotros es esencial, lo m\u00e1s bello, lo m\u00e1s atractivo y al mismo tiempo lo m\u00e1s necesario es la fe en Cristo Jes\u00fas\u201d, asegur\u00f3.&nbsp;<\/p>\n\n\n\n<p>Por \u00faltimo, expres\u00f3 que todos estamos llamados a anunciarla a todos los hombres y mujeres de la tierra. \u201cEsta es la tarea fundamental de la Iglesia\u201d, concluy\u00f3.\u00a0<\/p>\n\n\n\n<p>Fuente: <a href=\"https:\/\/www.aciprensa.com\/noticias\/102923\/papa-francisco-sobre-fiducia-supplicans-se-bendice-las-personas-no-la-union\">https:\/\/www.aciprensa.com\/noticias\/102923\/papa-francisco-sobre-fiducia-supplicans-se-bendice-las-personas-no-la-union<\/a><\/p>\n","protected":false},"excerpt":{"rendered":"<p>ALMUDENA MART\u00cdNEZ-BORDI\u00da \/ ACI PRENSA El Papa Francisco se ha vuelto a pronunciar sobre la declaraci\u00f3n&nbsp;Fiducia supplicans&nbsp;durante una audiencia a [&hellip;]<\/p>\n","protected":false},"author":1,"featured_media":67150,"comment_status":"open","ping_status":"open","sticky":false,"template":"","format":"standard","meta":{"site-sidebar-layout":"default","site-content-layout":"","ast-site-content-layout":"default","site-content-style":"default","site-sidebar-style":"default","ast-global-header-display":"","ast-banner-title-visibility":"","ast-main-header-display":"","ast-hfb-above-header-display":"","ast-hfb-below-header-display":"","ast-hfb-mobile-header-display":"","site-post-title":"","ast-breadcrumbs-content":"","ast-featured-img":"","footer-sml-layout":"","theme-transparent-header-meta":"","adv-header-id-meta":"","stick-header-meta":"","header-above-stick-meta":"","header-main-stick-meta":"","header-below-stick-meta":"","astra-migrate-meta-layouts":"default","ast-page-background-enabled":"default","ast-page-background-meta":{"desktop":{"background-color":"var(--ast-global-color-4)","background-image":"","background-repeat":"repeat","background-position":"center center","background-size":"auto","background-attachment":"scroll","background-type":"","background-media":"","overlay-type":"","overlay-color":"","overlay-opacity":"","overlay-gradient":""},"tablet":{"background-color":"","background-image":"","background-repeat":"repeat","background-position":"center center","background-size":"auto","background-attachment":"scroll","background-type":"","background-media":"","overlay-type":"","overlay-color":"","overlay-opacity":"","overlay-gradient":""},"mobile":{"background-color":"","background-image":"","background-repeat":"repeat","background-position":"center center","background-size":"auto","background-attachment":"scroll","background-type":"","background-media":"","overlay-type":"","overlay-color":"","overlay-opacity":"","overlay-gradient":""}},"ast-content-background-meta":{"desktop":{"background-color":"var(--ast-global-color-5)","background-image":"","background-repeat":"repeat","background-position":"center center","background-size":"auto","background-attachment":"scroll","background-type":"","background-media":"","overlay-type":"","overlay-color":"","overlay-opacity":"","overlay-gradient":""},"tablet":{"background-color":"var(--ast-global-color-5)","background-image":"","background-repeat":"repeat","background-position":"center center","background-size":"auto","background-attachment":"scroll","background-type":"","background-media":"","overlay-type":"","overlay-color":"","overlay-opacity":"","overlay-gradient":""},"mobile":{"background-color":"var(--ast-global-color-5)","background-image":"","background-repeat":"repeat","background-position":"center center","background-size":"auto","background-attachment":"scroll","background-type":"","background-media":"","overlay-type":"","overlay-color":"","overlay-opacity":"","overlay-gradient":""}},"footnotes":""},"categories":[8],"tags":[21826,21825,196],"class_list":["post-67149","post","type-post","status-publish","format-standard","has-post-thumbnail","hentry","category-noticias","tag-bendecir-a-personas-no-la-union","tag-fiducia-supplicans","tag-papa-francisco"],"_links":{"self":[{"href":"https:\/\/losperiodistas.com.mx\/portal\/wp-json\/wp\/v2\/posts\/67149","targetHints":{"allow":["GET"]}}],"collection":[{"href":"https:\/\/losperiodistas.com.mx\/portal\/wp-json\/wp\/v2\/posts"}],"about":[{"href":"https:\/\/losperiodistas.com.mx\/portal\/wp-json\/wp\/v2\/types\/post"}],"author":[{"embeddable":true,"href":"https:\/\/losperiodistas.com.mx\/portal\/wp-json\/wp\/v2\/users\/1"}],"replies":[{"embeddable":true,"href":"https:\/\/losperiodistas.com.mx\/portal\/wp-json\/wp\/v2\/comments?post=67149"}],"version-history":[{"count":1,"href":"https:\/\/losperiodistas.com.mx\/portal\/wp-json\/wp\/v2\/posts\/67149\/revisions"}],"predecessor-version":[{"id":67151,"href":"https:\/\/losperiodistas.com.mx\/portal\/wp-json\/wp\/v2\/posts\/67149\/revisions\/67151"}],"wp:featuredmedia":[{"embeddable":true,"href":"https:\/\/losperiodistas.com.mx\/portal\/wp-json\/wp\/v2\/media\/67150"}],"wp:attachment":[{"href":"https:\/\/losperiodistas.com.mx\/portal\/wp-json\/wp\/v2\/media?parent=67149"}],"wp:term":[{"taxonomy":"category","embeddable":true,"href":"https:\/\/losperiodistas.com.mx\/portal\/wp-json\/wp\/v2\/categories?post=67149"},{"taxonomy":"post_tag","embeddable":true,"href":"https:\/\/losperiodistas.com.mx\/portal\/wp-json\/wp\/v2\/tags?post=67149"}],"curies":[{"name":"wp","href":"https:\/\/api.w.org\/{rel}","templated":true}]}}