{"id":67146,"date":"2024-01-26T07:17:56","date_gmt":"2024-01-26T13:17:56","guid":{"rendered":"https:\/\/losperiodistas.com.mx\/portal\/?p=67146"},"modified":"2024-01-26T07:17:58","modified_gmt":"2024-01-26T13:17:58","slug":"mujeres-rescatadas-en-amozoc-eran-explotadas-por-un-presunto-pastor-oem","status":"publish","type":"post","link":"https:\/\/losperiodistas.com.mx\/portal\/mujeres-rescatadas-en-amozoc-eran-explotadas-por-un-presunto-pastor-oem\/","title":{"rendered":"Mujeres rescatadas en Amozoc eran explotadas por un presunto pastor | OEM"},"content":{"rendered":"\n<h3 class=\"has-medium-font-size wp-block-heading\">Las mujeres eran obligadas a ba\u00f1arse frente al \u00abpastor\u00bb, adem\u00e1s de dejarlas sin comer a manera de castigo y negarles cualquier contacto con sus familiares<\/h3>\n\n\n\n<figure class=\"wp-block-image size-large\"><img fetchpriority=\"high\" decoding=\"async\" width=\"1024\" height=\"730\" src=\"https:\/\/losperiodistas.com.mx\/portal\/wp-content\/uploads\/2024\/01\/Captura-de-Pantalla-2024-01-26-a-las-7.13.39-1024x730.jpg\" alt=\"\" class=\"wp-image-67147\" srcset=\"https:\/\/losperiodistas.com.mx\/portal\/wp-content\/uploads\/2024\/01\/Captura-de-Pantalla-2024-01-26-a-las-7.13.39-1024x730.jpg 1024w, https:\/\/losperiodistas.com.mx\/portal\/wp-content\/uploads\/2024\/01\/Captura-de-Pantalla-2024-01-26-a-las-7.13.39-300x214.jpg 300w, https:\/\/losperiodistas.com.mx\/portal\/wp-content\/uploads\/2024\/01\/Captura-de-Pantalla-2024-01-26-a-las-7.13.39-768x548.jpg 768w, https:\/\/losperiodistas.com.mx\/portal\/wp-content\/uploads\/2024\/01\/Captura-de-Pantalla-2024-01-26-a-las-7.13.39.jpg 1498w\" sizes=\"(max-width: 1024px) 100vw, 1024px\" \/><\/figure>\n\n\n\n<p><\/p>\n\n\n\n<p class=\"has-vivid-red-color has-text-color has-medium-font-size\"><strong>JOEL ARCEGA \/ EL SOL DE PUEBLA<\/strong><\/p>\n\n\n\n<p>Un&nbsp;<strong>presunto pastor obligaba a nueve mujeres<\/strong>, entre ellas tres menores de edad, a<strong>&nbsp;ba\u00f1arse frente a \u00e9l,<\/strong>&nbsp;adem\u00e1s de<strong>&nbsp;dejarlas sin comer&nbsp;<\/strong>a manera de castigo en el municipio de&nbsp;<strong>Tlacotepec de Benito Ju\u00e1rez<\/strong>; el sujeto, quien fue detenido junto a&nbsp;<strong>otros seis c\u00f3mplices,&nbsp;<\/strong>enfrenta el delito de privaci\u00f3n ilegal de la libertad y trata de personas, dio a conocer la Fiscal\u00eda General del Estado.<\/p>\n\n\n\n<p>Por su parte, fuentes cercanas al caso, agregaron que el hombre, identificado por las autoridades ministeriales como<strong>\u00a0Rub\u00e9n N, de 39 a\u00f1os,\u00a0<\/strong>ten\u00eda sometidas a las v\u00edctimas en un<strong>\u00a0centro de regeneraci\u00f3n para hombres y mujeres\u00a0<\/strong>con problemas de\u00a0<strong>adicci\u00f3n\u00a0<\/strong>con raz\u00f3n social\u00a0<strong>\u201cA.Dulam\u201d.<\/strong>\u00a0En dicho lugar, eran obligadas a realizar trabajos dom\u00e9sticos desde las 3 de la madrugada, los cuales consist\u00edan, entre otros, en lavar la ropa de todos los internos, barrer el inmueble e incluso limpiar los veh\u00edculos del presunto pastor.<\/p>\n\n\n\n<p>Dicha fuente agreg\u00f3 que las mujeres,&nbsp;<strong>originarias de los estados de Oaxaca, Hidalgo y Veracruz<\/strong>, fueron rescatadas el pasado s\u00e1bado sobre la autopista M\u00e9xico-Orizaba, a la altura del municipio de Amozoc, cuando eran trasladadas a bordo de una camioneta, aparentemente a dicho centro de regeneraci\u00f3n cuyo nombre, \u201cA.Dulam\u201d, proviene del idioma hebreo&nbsp;<strong>\u201cAdull\u00e2m\u201d, que significa refugio o lugar de reposo.<\/strong><\/p>\n\n\n\n<p><strong>Margarita Garcidue\u00f1as Cu\u00e9llar<\/strong>, fiscal especializada en violencia de g\u00e9nero, en rueda de prensa, inform\u00f3 que las personas aseguradas, entre ellas un sujeto al que<strong>&nbsp;las v\u00edctimas llamaban \u201cPastor\u201d&nbsp;<\/strong>se encuentran bajo la medida cautelar de prisi\u00f3n preventiva, acusados de los delitos de privaci\u00f3n ilegal de la libertad y trata de personas.<\/p>\n\n\n\n<p>La funcionara record\u00f3 que el pasado 20 de enero, la Fiscal\u00eda de Puebla inici\u00f3 una investigaci\u00f3n por la puesta a disposici\u00f3n de siete personas detenidas en flagrancia por elementos de la Guardia Nacional y Polic\u00eda Estatal.<\/p>\n\n\n\n<p>Abund\u00f3 que de acuerdo al informe de los uniformados, las mujeres fueron<strong>&nbsp;rescatadas en inmediaciones de una gasoliner\u00eda<\/strong>&nbsp;ubicada sobre la<strong>&nbsp;autopista M\u00e9xico-Orizaba,<\/strong>&nbsp;a la altura del kil\u00f3metro 144, pues presuntamente las manten\u00edan privadas de su libertad.<img decoding=\"async\" src=\"https:\/\/www.elsoldepuebla.com.mx\/policiaca\/4ny11w-mujeres-rescatadas-en-amozoc-eran-explotadas-por-un-presunto-pastor\/alternates\/FREE_720\/Mujeres%20rescatadas%20en%20Amozoc%20eran%20explotadas%20por%20un%20presunto%20pastor\" alt=\"\"><\/p>\n\n\n\n<h4 class=\"wp-block-heading\">La Fiscal\u00eda de Puebla inici\u00f3 investigaci\u00f3n por la puesta a disposici\u00f3n de siete personas detenidas en flagrancia. Foto: Joel Arcega | El Sol de Puebla<\/h4>\n\n\n\n<p><strong><\/strong><\/p>\n\n\n\n<p>La Fiscal\u00eda, detall\u00f3 Garcidue\u00f1as Cu\u00e9llar, inici\u00f3&nbsp;<strong>investigaci\u00f3n con enfoque de perspectiva de g\u00e9nero&nbsp;<\/strong>realizando diversas diligencias, entre las cuales est\u00e1n entrevista a los uniformados y a las 9 mujeres, entre ellas tres menores: una de 17 a\u00f1os y dos de 14; dictamen m\u00e9dico que arroj\u00f3 que seis de ellas presentan moretones en brazos y manos; adem\u00e1s de un dictamen en criminolog\u00eda del cual se desprendi\u00f3 que fueron v\u00edctimas de privaci\u00f3n ilegal de la libertad y de trabajos forzados.<\/p>\n\n\n\n<p><a href=\"https:\/\/www.elsoldepuebla.com.mx\/policiaca\/\">POLICIACA<\/a><\/p>\n\n\n\n<figure class=\"wp-block-image\"><a href=\"https:\/\/www.elsoldepuebla.com.mx\/policiaca\/familiares-de-guillermo-raul-se-manifiestan-nuevamente-para-exigir-avances-en-la-investigacion-11342788.html\"><img decoding=\"async\" src=\"https:\/\/www.elsoldepuebla.com.mx\/policiaca\/m2y18e-familiares-de-guillermo-raul-el-joven-desaparecido-desde-hace-28-dias-tras-acudir-al-municipio-de-amozoc-de-mota-volvieron-a-manifestarse.jpeg\/alternates\/LANDSCAPE_200\/Familiares%20de%20Guillermo%20Ra%C3%BAl,%20el%20joven%20desaparecido%20desde%20hace%2028%20d%C3%ADas%20tras%20acudir%20al%20municipio%20de%20Amozoc%20de%20Mota,%20volvieron%20a%20manifestarse.jpeg\" alt=\"\" title=\"Familiares de Guillermo Ra\u00fal, el joven desaparecido desde hace 28 d\u00edas tras acudir al municipio de Amozoc de Mota, volvieron a manifestarse.jpeg\"\/><\/a><\/figure>\n\n\n\n<h4 class=\"wp-block-heading\"><a href=\"https:\/\/www.elsoldepuebla.com.mx\/policiaca\/familiares-de-guillermo-raul-se-manifiestan-nuevamente-para-exigir-avances-en-la-investigacion-11342788.html\">Familiares de Guillermo Ra\u00fal se manifiestan nuevamente para exigir avances en la investigaci\u00f3n<\/a><\/h4>\n\n\n\n<p>Tambi\u00e9n, agreg\u00f3,<strong>&nbsp;b\u00fasqueda de informaci\u00f3n<\/strong>&nbsp;respecto de la existencia de un<strong>&nbsp;centro de rehabilitaci\u00f3n denominado \u201cA.Dulam\u201d;<\/strong>&nbsp;inspecci\u00f3n a dicho lugar establecido en el municipio de Tlacotepec de Benito Ju\u00e1rez e inspecci\u00f3n de los veh\u00edculos en los que eran trasladadas las mujeres al momento de ser descubiertas por los elementos policiales; trat\u00e1ndose de una camioneta Chevrolet tipo Suburban, negra, 2007; una Chrysler tipo Town&amp;Country, roja y una Nissan de color blanco, todas con placas del Estado de M\u00e9xico.<\/p>\n\n\n\n<p>Con las indagatorias, la instituci\u00f3n logr\u00f3 acreditar que el s\u00e1bado pasado, los detenidos&nbsp;<strong>trasladaban privadas de su libertad a las v\u00edctimas en la camioneta Suburban<\/strong>&nbsp;y eran custodiados por personas a bordo de los otros dos veh\u00edculos.<\/p>\n\n\n\n<p>Una de las mujeres, al ver pasar una patrulla de la Guardia Nacional,&nbsp;<strong>hizo se\u00f1as con las manos pidiendo auxilio<\/strong>, por lo que los uniformados interceptaron a las tres camionetas. Fue entonces que las mujeres refirieron que eran trasladadas en contra de su voluntad a un anexo donde las obligaban a levantarse de madrugada y realizar trabajos, castig\u00e1ndolas sin comer y encerr\u00e1ndolas en un \u00e1rea que denominan \u201cLa Enfermer\u00eda\u201d, donde les daban alimentos en mal estado.<\/p>\n\n\n\n<p><a href=\"https:\/\/www.elsoldepuebla.com.mx\/policiaca\/\">POLICIACA<\/a><\/p>\n\n\n\n<figure class=\"wp-block-image\"><a href=\"https:\/\/www.elsoldepuebla.com.mx\/policiaca\/detienen-a-hermana-de-los-tiro-moranchel-sentenciados-por-fraude-inmobiliario-11337823.html\"><img decoding=\"async\" src=\"https:\/\/www.elsoldepuebla.com.mx\/policiaca\/ogd04l-iris-hermana-de-edmundo-y-leonardo-tiro-moranchel-actualmente-presos-y-sentenciados-por-fraude-fue-detenida.jpg\/alternates\/LANDSCAPE_200\/Iris,%20hermana%20de%20Edmundo%20y%20Leonardo%20Tiro%20Moranchel,%20actualmente%20presos%20y%20sentenciados%20por%20fraude%20fue%20detenida.jpg\" alt=\"\" title=\"Iris, hermana de Edmundo y Leonardo Tiro Moranchel, actualmente presos y sentenciados por fraude fue detenida.jpg\"\/><\/a><\/figure>\n\n\n\n<h4 class=\"wp-block-heading\"><a href=\"https:\/\/www.elsoldepuebla.com.mx\/policiaca\/detienen-a-hermana-de-los-tiro-moranchel-sentenciados-por-fraude-inmobiliario-11337823.html\">Detienen a hermana de los Tiro Moranchel, sentenciados por fraude inmobiliario<\/a><\/h4>\n\n\n\n<p>Se\u00f1alaron que \u00fanicamente ten\u00edan&nbsp;<strong>derecho a ba\u00f1arse una vez a la semana, frente a su \u201cpastor\u201d,<\/strong>&nbsp;y les prohib\u00edan tener contacto con sus familiares.<\/p>\n\n\n\n<p>La fiscal se\u00f1al\u00f3 que el 22 de enero, en el desahogo de la audiencia inicial, la Fiscal\u00eda logr\u00f3 que se calificara de legal la detenci\u00f3n de quienes est\u00e1n identificados como&nbsp;<strong>Carlos Ad\u00e1n, de 27 a\u00f1os; Ferm\u00edn, de 46 a\u00f1os; Ismael, de 27; Alejandro, de 31; Rub\u00e9n, de 39 a\u00f1os e identificado como el \u201cPastor\u201d; Josefa, de 50 a\u00f1os; y Adriana, de 23 a\u00f1os.<\/strong><\/p>\n\n\n\n<p>La Fiscal\u00eda de Puebla formul\u00f3 imputaci\u00f3n exponiendo datos de prueba para solicitar la vinculaci\u00f3n a proceso por los delitos de privaci\u00f3n ilegal de la libertad y trata de personas, pero la defensa de los imputados solicit\u00f3 la duplicidad del plazo constitucional para que se resuelva su situaci\u00f3n jur\u00eddica, por lo que mientras la autoridad judicial impuso como medida cautelar la<strong>\u00a0prisi\u00f3n preventiva oficiosa;\u00a0<\/strong>se\u00f1al\u00f3 que este viernes ser\u00e1 la continuaci\u00f3n de la audiencia.<\/p>\n\n\n\n<p>Fuente: <a href=\"https:\/\/www.elsoldepuebla.com.mx\/policiaca\/mujeres-rescatadas-en-amozoc-eran-explotadas-por-un-presunto-pastor-11343543.html\">https:\/\/www.elsoldepuebla.com.mx\/policiaca\/mujeres-rescatadas-en-amozoc-eran-explotadas-por-un-presunto-pastor-11343543.html<\/a><\/p>\n","protected":false},"excerpt":{"rendered":"<p>Las mujeres eran obligadas a ba\u00f1arse frente al \u00abpastor\u00bb, adem\u00e1s de dejarlas sin comer a manera de castigo y negarles [&hellip;]<\/p>\n","protected":false},"author":1,"featured_media":67147,"comment_status":"open","ping_status":"open","sticky":false,"template":"","format":"standard","meta":{"site-sidebar-layout":"default","site-content-layout":"","ast-site-content-layout":"default","site-content-style":"default","site-sidebar-style":"default","ast-global-header-display":"","ast-banner-title-visibility":"","ast-main-header-display":"","ast-hfb-above-header-display":"","ast-hfb-below-header-display":"","ast-hfb-mobile-header-display":"","site-post-title":"","ast-breadcrumbs-content":"","ast-featured-img":"","footer-sml-layout":"","theme-transparent-header-meta":"","adv-header-id-meta":"","stick-header-meta":"","header-above-stick-meta":"","header-main-stick-meta":"","header-below-stick-meta":"","astra-migrate-meta-layouts":"default","ast-page-background-enabled":"default","ast-page-background-meta":{"desktop":{"background-color":"var(--ast-global-color-4)","background-image":"","background-repeat":"repeat","background-position":"center center","background-size":"auto","background-attachment":"scroll","background-type":"","background-media":"","overlay-type":"","overlay-color":"","overlay-opacity":"","overlay-gradient":""},"tablet":{"background-color":"","background-image":"","background-repeat":"repeat","background-position":"center center","background-size":"auto","background-attachment":"scroll","background-type":"","background-media":"","overlay-type":"","overlay-color":"","overlay-opacity":"","overlay-gradient":""},"mobile":{"background-color":"","background-image":"","background-repeat":"repeat","background-position":"center center","background-size":"auto","background-attachment":"scroll","background-type":"","background-media":"","overlay-type":"","overlay-color":"","overlay-opacity":"","overlay-gradient":""}},"ast-content-background-meta":{"desktop":{"background-color":"var(--ast-global-color-5)","background-image":"","background-repeat":"repeat","background-position":"center center","background-size":"auto","background-attachment":"scroll","background-type":"","background-media":"","overlay-type":"","overlay-color":"","overlay-opacity":"","overlay-gradient":""},"tablet":{"background-color":"var(--ast-global-color-5)","background-image":"","background-repeat":"repeat","background-position":"center center","background-size":"auto","background-attachment":"scroll","background-type":"","background-media":"","overlay-type":"","overlay-color":"","overlay-opacity":"","overlay-gradient":""},"mobile":{"background-color":"var(--ast-global-color-5)","background-image":"","background-repeat":"repeat","background-position":"center center","background-size":"auto","background-attachment":"scroll","background-type":"","background-media":"","overlay-type":"","overlay-color":"","overlay-opacity":"","overlay-gradient":""}},"footnotes":""},"categories":[8],"tags":[21823,10446,21824],"class_list":["post-67146","post","type-post","status-publish","format-standard","has-post-thumbnail","hentry","category-noticias","tag-a-dulam","tag-amozoc","tag-explotacion-mujeres"],"_links":{"self":[{"href":"https:\/\/losperiodistas.com.mx\/portal\/wp-json\/wp\/v2\/posts\/67146","targetHints":{"allow":["GET"]}}],"collection":[{"href":"https:\/\/losperiodistas.com.mx\/portal\/wp-json\/wp\/v2\/posts"}],"about":[{"href":"https:\/\/losperiodistas.com.mx\/portal\/wp-json\/wp\/v2\/types\/post"}],"author":[{"embeddable":true,"href":"https:\/\/losperiodistas.com.mx\/portal\/wp-json\/wp\/v2\/users\/1"}],"replies":[{"embeddable":true,"href":"https:\/\/losperiodistas.com.mx\/portal\/wp-json\/wp\/v2\/comments?post=67146"}],"version-history":[{"count":1,"href":"https:\/\/losperiodistas.com.mx\/portal\/wp-json\/wp\/v2\/posts\/67146\/revisions"}],"predecessor-version":[{"id":67148,"href":"https:\/\/losperiodistas.com.mx\/portal\/wp-json\/wp\/v2\/posts\/67146\/revisions\/67148"}],"wp:featuredmedia":[{"embeddable":true,"href":"https:\/\/losperiodistas.com.mx\/portal\/wp-json\/wp\/v2\/media\/67147"}],"wp:attachment":[{"href":"https:\/\/losperiodistas.com.mx\/portal\/wp-json\/wp\/v2\/media?parent=67146"}],"wp:term":[{"taxonomy":"category","embeddable":true,"href":"https:\/\/losperiodistas.com.mx\/portal\/wp-json\/wp\/v2\/categories?post=67146"},{"taxonomy":"post_tag","embeddable":true,"href":"https:\/\/losperiodistas.com.mx\/portal\/wp-json\/wp\/v2\/tags?post=67146"}],"curies":[{"name":"wp","href":"https:\/\/api.w.org\/{rel}","templated":true}]}}