{"id":67041,"date":"2024-01-24T08:59:59","date_gmt":"2024-01-24T14:59:59","guid":{"rendered":"http:\/\/losperiodistas.com.mx\/portal\/?p=67041"},"modified":"2024-01-24T09:00:01","modified_gmt":"2024-01-24T15:00:01","slug":"psicosis-en-austria-ante-la-inminente-liberacion-del-josef-fritzl-el-monstruo-de-amstetten-la-razon","status":"publish","type":"post","link":"https:\/\/losperiodistas.com.mx\/portal\/psicosis-en-austria-ante-la-inminente-liberacion-del-josef-fritzl-el-monstruo-de-amstetten-la-razon\/","title":{"rendered":"Psicosis en Austria ante la inminente liberaci\u00f3n del Josef Fritzl, el \u00abmonstruo de Amstetten\u00bb | La Raz\u00f3n"},"content":{"rendered":"\n<h2 class=\"has-vivid-cyan-blue-background-color has-background has-medium-font-size wp-block-heading\">Josef Fritzl fue encarcelado en 2009 por secuestrar y abusar sexualmente de su hija durante 24 a\u00f1os<\/h2>\n\n\n\n<figure class=\"wp-block-image size-large\"><img fetchpriority=\"high\" decoding=\"async\" width=\"1024\" height=\"579\" src=\"https:\/\/losperiodistas.com.mx\/portal\/wp-content\/uploads\/2024\/01\/Captura-de-Pantalla-2024-01-24-a-las-8.48.18-1024x579.jpg\" alt=\"\" class=\"wp-image-67042\" srcset=\"https:\/\/losperiodistas.com.mx\/portal\/wp-content\/uploads\/2024\/01\/Captura-de-Pantalla-2024-01-24-a-las-8.48.18-1024x579.jpg 1024w, https:\/\/losperiodistas.com.mx\/portal\/wp-content\/uploads\/2024\/01\/Captura-de-Pantalla-2024-01-24-a-las-8.48.18-300x170.jpg 300w, https:\/\/losperiodistas.com.mx\/portal\/wp-content\/uploads\/2024\/01\/Captura-de-Pantalla-2024-01-24-a-las-8.48.18-768x435.jpg 768w, https:\/\/losperiodistas.com.mx\/portal\/wp-content\/uploads\/2024\/01\/Captura-de-Pantalla-2024-01-24-a-las-8.48.18.jpg 1322w\" sizes=\"(max-width: 1024px) 100vw, 1024px\" \/><figcaption><strong>El Ayuntamiento ha autorizado un proyecto de chal\u00e9s y oficinas de Josef Fritzl, quien solicit\u00f3 el permiso dos a\u00f1os antes de ser detenido<\/strong>larazon<\/figcaption><\/figure>\n\n\n\n<p>PACO RODR\u00cdGUEZ \/ LA RAZ\u00d3N<\/p>\n\n\n\n<p>El caso del austriaco&nbsp;<strong>Josef Fritzl<\/strong>&nbsp;conmocion\u00f3 al mundo en 2008. Secuestr\u00f3 a su propia hija, abus\u00f3 sexualmente de ella durante 24 a\u00f1os y tuvo siete hijos con ella. Las atrocidades cometidas llevaron a la prensa local a llamarle \u00ab<strong>monstruo de Amstetten<\/strong>\u00ab. Y no era para menos porque seg\u00fan pasaba el tiempo y se iban conociendo m\u00e1s detalles, el apodo se quedaba corto. Cuando Fritzl fue detenido,&nbsp;<strong>sus declaraciones fueron escalofriantes<\/strong>: \u00abHe nacido para violar. Teniendo eso en cuenta, he conseguido controlarme durante un buen per\u00edodo de tiempo\u201d. Adem\u00e1s de confesar los hechos, dio muchas muestras de su enfermiza obsesi\u00f3n: \u201cMe pod\u00eda haber comportado mucho peor y haber hecho cosas peores que encerrar a mi hija\u201d.<\/p>\n\n\n\n<p>Despu\u00e9s de 15 a\u00f1os en prisi\u00f3n, las autoridades judiciales locales anunciaron que&nbsp;<strong>el pr\u00f3ximo mes de marzo se revisar\u00e1 su caso.&nbsp;<\/strong>Fritzl ha pedido en repetidas ocasiones su liberaci\u00f3n y varios de los psiquiatras m\u00e1s importantes de Austria han revisado su caso. Una de ellas,&nbsp;<strong>Adelheid Kastner,&nbsp;<\/strong>considera que ya no representa una amenaza para la sociedad y ser\u00eda incapaz de cometer ning\u00fan delito.<\/p>\n\n\n\n<figure class=\"wp-block-image\"><img decoding=\"async\" src=\"https:\/\/fotografias.larazon.es\/clipping\/cmsimages01\/2024\/01\/16\/CC34489D-6CB1-484B-A060-8CBDDF2E21EF\/58.jpg?crop=2464,1397,x0,y125&amp;width=1000&amp;height=567&amp;optimize=high&amp;format=webply\" alt=\"Austria.- La Justicia austriaca estudia la excarcelaci\u00f3n de Josef Fritzl, el 'monstruo de Amstetten'\"\/><figcaption><strong>Austria.- La Justicia austriaca estudia la excarcelaci\u00f3n de Josef Fritzl, el &#8216;monstruo de Amstetten&#8217;<\/strong>Europa Press\/Contacto\/p97Europa Press<\/figcaption><\/figure>\n\n\n\n<p>Seg\u00fan su abogada,&nbsp;<strong>Astrid Wagner,&nbsp;<\/strong>que el a\u00f1o pasado escribi\u00f3 un libro sobre las cartas que ha intercambiado con su cliente, cree que<strong>&nbsp;\u00abveo una posibilidad de que sea liberado. Cumple todos los criterios<\/strong>. Este hombre tiene casi 90 a\u00f1os y su estado mental se est\u00e1 deteriorando. Necesita apoyo y atenci\u00f3n\u00bb. Wagner indic\u00f3 que el \u00abmonstruo de Amstetten\u00bb&nbsp;<strong>tiene alzheimer<\/strong>&nbsp;y necesita un andador para desplazarse. Indic\u00f3 que se puede comunicar con \u00e9l de manera natural, pero que tiene extra\u00f1as lagunas mentales,&nbsp;<strong>incluida la ilusi\u00f3n de que su hija se hab\u00eda casado con el pol\u00e9mico ex tenista Boris Becker.<\/strong><\/p>\n\n\n\n<p>Ante los rumores cada vez m\u00e1s incesantes sobre la posible liberaci\u00f3n de Fritzl,<strong>&nbsp;se ha desatado la psicosis en la peque\u00f1a localidad de Krems an der Donau,&nbsp;<\/strong>donde los medios de comunicaci\u00f3n locales afirman que ha sido visto tomando caf\u00e9 en la localidad en varias ocasiones. Uno de ellos ha sido el semanario regional \u00abBezirksblatt\u00bb, donde el periodista que ha hecho un especial seguimiento del caso durante los \u00faltimos a\u00f1os afirm\u00f3 que varias de sus fuentes de confianza le&nbsp;<strong>hab\u00edan corroborado la presencia de Fritzl en varias cafeter\u00edas&nbsp;<\/strong>de Krems.<\/p>\n\n\n\n<p>La justicia austriaca no se ha pronunciado sobre estos rumores y deja que el caso siga su curso. Los presos del pa\u00eds centro europeo tienen derecho a la libertad condicional cuando cumplen los 15 a\u00f1os de internamiento,&nbsp;<strong>siempre y cuando tengan un buen comportamiento y su condici\u00f3n f\u00edsica y mental&nbsp;<\/strong>as\u00ed lo recomienden. Todos los informes sobre Fritzl son favorables, por lo que&nbsp;<a href=\"https:\/\/www.larazon.es\/internacional\/monstruo-amstetten-que-violo-24-anos-hija-puede-quedar-libre_2024011665a6b19bcf867300019a7f4a.html\" target=\"_blank\" rel=\"noreferrer noopener\">es muy probable que pueda acceder a estos beneficios penitenciarios<\/a>&nbsp;en poco m\u00e1s de un mes.<\/p>\n\n\n\n<p>A pesar de los informes favorables, Fritzl es un depredador sexual. Antes del caso de su hija,&nbsp;<strong>ya hab\u00eda cumplido una condena por violaci\u00f3n en 1967<\/strong>&nbsp;y mantuvo su entereza durante el juicio hasta la tercera vista, cuando al escuchar el testimonio de su hija se derrumb\u00f3 y reconoci\u00f3 los hechos. Pero al ingresar en prisi\u00f3n, volvi\u00f3 a tener un car\u00e1cter fr\u00edo, distante y sin mostrar arrepentimiento alguno sobre lo ocurrido.<\/p>\n\n\n\n<p>Internado en el&nbsp;<strong>pabell\u00f3n de enfermos mentales de la prisi\u00f3n de alta seguridad de Stein,<\/strong>&nbsp;se cambi\u00f3 el apellido por Mayrhoff para evitar las agresiones de los reclusos. Adem\u00e1s, 14 a\u00f1os despu\u00e9s de su condena public\u00f3 una pol\u00e9mica biograf\u00eda en la que deja constancia de sus peores instintos, se burla de sus horribles cr\u00edmenes y le pide una segunda oportunidad a su esposa, a la que tiene que \u00abexplicar muchas cosas\u00bb.<\/p>\n\n\n\n<p>En&nbsp;<strong>\u00abDie Abgr\u00fcnde des Josef F (Los abismos de Josef F)\u00bb,<\/strong>&nbsp;no expresa remordimientos, todo lo contrario, se muestra muy autocompasivo. Rosemarie se hab\u00eda divorciado de \u00e9l hac\u00eda m\u00e1s de una d\u00e9cada pero pero el \u00abmonstruo de Amstetten\u00bb so\u00f1aba con volver a vivir alg\u00fan d\u00eda con ella, aunque tuviera que dormir en otra habitaci\u00f3n si ella aceptara su petici\u00f3n. En una entrevista al alem\u00e1n Bild en 2010,&nbsp;<strong>Wolfgang Ainetter<\/strong>&nbsp;le pregunt\u00f3 si se arrepent\u00eda de lo ocurrido y su respuesta fue tan esquiva como inquietante: \u201cDe eso prefiero no decir nada.&nbsp;<strong>Lo que hab\u00eda entre Elizabeth y yo era amor\u201d.<\/strong><\/p>\n\n\n\n<figure class=\"wp-block-image\"><img decoding=\"async\" src=\"https:\/\/fotografias.larazon.es\/clipping\/cmsimages01\/2024\/01\/24\/89A9D405-09B6-4962-9EDD-DC0DE62E4351\/elizabeth-fritzl-comenzo-sufrir-abusos-11-anos-fue-liberada-43_123.jpg?&amp;optimize=high&amp;format=webply\" alt=\"Elizabeth Fritzl comenz\u00f3 a sufrir abusos a los 11 a\u00f1os y no fue liberada hasta los 43\"\/><figcaption><strong>Elizabeth Fritzl comenz\u00f3 a sufrir abusos a los 11 a\u00f1os y no fue liberada hasta los 43<\/strong>Archivo<\/figcaption><\/figure>\n\n\n\n<p>Estas fueron algunas muestras m\u00e1s de que a pesar de estar privado de libertad, su personalidad no hab\u00eda variado ni un \u00e1pice de la descripci\u00f3n que hizo de \u00e9l&nbsp;<strong>Adelheid Kastner,<\/strong>&nbsp;responsable del peritaje psicol\u00f3gico del reo que fue presentado como prueba en el juicio.<\/p>\n\n\n\n<p>Kastner fue muy contundente en su informe: \u00abIntelectualmente dotado, pero&nbsp;<strong>con un tremendo ansia de poder y discapacitado emocional\u00bb<\/strong>. La psiquiatra record\u00f3 el maltrato que Fritzl sufri\u00f3 por parte de su madre y al ambiente de miedo y humillaci\u00f3n en el que se cri\u00f3. Ante esos maltratos Fritzl reaccion\u00f3 escondiendo la capacidad de sentir&nbsp;<strong>\u00abbajo una espesa manta\u00bb&nbsp;<\/strong>y desarrollando un fuerte d\u00e9ficit afectivo. Una infancia en la que Fritzl no pudo crear la relaci\u00f3n afectiva que deseaba con su madre y que fue \u00abcompensada luego con el ejercicio del poder\u00bb.<\/p>\n\n\n\n<p>La psiquiatra relat\u00f3 c\u00f3mo el acusado, consciente de su inteligencia, intent\u00f3 \u00abhacer algo de s\u00ed mismo\u00bb a trav\u00e9s de la educaci\u00f3n y de c\u00f3mo fue desarrollando fantas\u00edas en las que<strong>&nbsp;satisfac\u00eda su ansia por controlar a otra persona.<\/strong>&nbsp;Unas fantas\u00eda que crecieron en una especie de efecto \u00abavalancha\u00bb en las que Fritzl, pese a ser consciente de que \u00abno deb\u00eda hacerlo\u00bb,<strong>&nbsp;poco a poco se fue \u00abcorrompiendo as\u00ed mismo\u00bb&nbsp;<\/strong>con el pensamiento de que \u00abno ser\u00eda tan malo\u00bb.<\/p>\n\n\n\n<p>Kastner compar\u00f3 al acusado con un volc\u00e1n: una superficie bajo la que&nbsp;<strong>\u00abborboteaban deseos de dominio y control\u00bb.<\/strong>&nbsp;En ese sentido, la psiquiatra se refiri\u00f3 al momento en que Fritzl se liber\u00f3 y dio rienda suelta a sus fantas\u00edas de&nbsp;<strong>\u00abgozar sin limitaciones sus deseos sexuales\u00bb<\/strong>. Pese a ello, la experta dej\u00f3 claro que en la patolog\u00eda de Fritzl el elemento sexual juega un papel secundarios y que sus exigencias esenciales se refieren \u00abal poder, al dominio y al control\u00bb hasta poder decir de alguien \u00abme pertenece\u00bb.<\/p>\n\n\n\n<p>Un alguien que Fritzl concret\u00f3 conscientemente en su tercera hija,&nbsp;<strong>Elisabeth,<\/strong>&nbsp;a la que consideraba cabezota y a la que se propuso dominar. \u00abCuanto m\u00e1s fuerte es el rival, mayor es la victoria\u00bb, explic\u00f3 la psiquiatra de la actitud de Fritzl hacia su v\u00edctima. En ese sentido, la psiquiatra dej\u00f3 claro que pese al d\u00e9ficit emocional y la alteraci\u00f3n mental del acusado,&nbsp;<strong>Fritzl siempre fue consciente de sus actos&nbsp;<\/strong>y de que esos \u00aberan contrarios a las reglas de la convivencia humana\u00bb.<\/p>\n\n\n\n<p>Por ello, la conclusi\u00f3n del peritaje es que Fritzl puede ser juzgado por los delitos que cometi\u00f3. \u00abNadie puede asumir por \u00e9l la responsabilidad de lo que el se\u00f1or F. ha hecho\u00bb, afirm\u00f3 la doctora.Play Videohttps:\/\/imasdk.googleapis.com\/js\/core\/bridge3.614.1_en.html#goog_1593150975Advertisement: 0:17<\/p>\n\n\n\n<p>Respecto a su capacidad de reinserci\u00f3n, la psiquiatra advirti\u00f3 que su obsesi\u00f3n de control no se ha ido reduciendo con la edad y de que existe el riesgo de que vuelva a cometer graves delitos. Por todo ello, la doctora&nbsp;<strong>recomend\u00f3 que una vez cumplida la condena, fuera ingresado en una instituci\u00f3n para delincuentes con alteraciones mentales<\/strong>&nbsp;al considerar que existe el riesgo de reincidencia.<\/p>\n\n\n\n<p><strong>Una doble vida durante m\u00e1s de 24 a\u00f1os<\/strong><\/p>\n\n\n\n<p>El ansia de poder y dominaci\u00f3n ha vivido en Josef Fritzl desde su infancia. En 1967, ya casado y con tres hijas, persigui\u00f3 a una mujer hasta su casa, forz\u00f3 la cerradura y la viol\u00f3 brutalmente junto a la cuna de su beb\u00e9. Apenar cumpli\u00f3 18 meses de prisi\u00f3n y qued\u00f3 libre. Para iniciar una nueva vida, se traslad\u00f3 a su pueblo natal, donde nadie sab\u00eda que hab\u00eda estado en prisi\u00f3n. Elizabeth ya ten\u00eda un a\u00f1o y Fritzl comenz\u00f3 a obsesionarse con ella.<\/p>\n\n\n\n<p>A los 11 a\u00f1os comenz\u00f3 a insinuarse a su hija, a fantasear y llegaron los primeros abusos sexuales a base de tocamientos. Las agresiones fueron cada vez m\u00e1s habituales y agresivas, hasta que en 1984 harta de la situaci\u00f3n Elizabeth decide plantarle cara, se enfrenta a \u00e9l y le dice que se va a marchar a casa de una de sus hermanas mayores, que ya viv\u00edan por su cuenta.<\/p>\n\n\n\n<p>Fritzl sab\u00eda que esto ocurrir\u00eda y ten\u00eda trazado un plan, que ejecut\u00f3 a la perfecci\u00f3n. Durante los \u00faltimos a\u00f1os hab\u00eda enga\u00f1ado a su familia sobre una supuesta reparaci\u00f3n del tejado, cuando en realidad estaba construyendo un apartamento subterr\u00e1neo de 80 metros cuadrados, al que se acced\u00eda a trav\u00e9s de una puerta de hormig\u00f3n con c\u00f3digo de seguridad.<\/p>\n\n\n\n<figure class=\"wp-block-image\"><img decoding=\"async\" src=\"https:\/\/fotografias.larazon.es\/clipping\/cmsimages01\/2024\/01\/24\/D96F763A-C36D-4363-9789-75F76488A44D\/fritzl-construyo-vivienda-subterranea-80-metros-cuadrados-que-accedia-pasillo-estrecho-puerta-hormigon-codigo-seguridad_58.jpg?crop=1067,605,x0,y53&amp;width=1000&amp;height=567&amp;optimize=high&amp;format=webply\" alt=\"Fritzl construy\u00f3 una vivienda subterr\u00e1nea de 80 metros cuadrados, a la que se acced\u00eda por un pasillo estrecho y una puerta de hormig\u00f3n con c\u00f3digo de seguridad\"\/><figcaption><strong>Fritzl construy\u00f3 una vivienda subterr\u00e1nea de 80 metros cuadrados, a la que se acced\u00eda por un pasillo estrecho y una puerta de hormig\u00f3n con c\u00f3digo de seguridad<\/strong>Archivo<\/figcaption><\/figure>\n\n\n\n<p>Aprovechando la salida de su mujer,&nbsp;<strong>el 29 de agosto de 1984&nbsp;<\/strong>sorprendi\u00f3 a su hija con un&nbsp;<strong>trapo ba\u00f1ado en cloroformo&nbsp;<\/strong>y la arrastr\u00f3 dormida al zulo donde ten\u00eda todo preparado. Para que nadie sospechara, denunci\u00f3 la desaparici\u00f3n de su hija y se traslad\u00f3 a un pueblo cercano para<strong>&nbsp;enviar una carta en la que Elizabeth confesaba que hab\u00eda huido<\/strong>&nbsp;para integrarse en una secta. Ah\u00ed comenz\u00f3 la verdadera pesadilla de Elizabeth.<\/p>\n\n\n\n<p>Atada, amordazada e inmovilizada,&nbsp;<strong>fue violada durante 4 a\u00f1os hasta el nacimiento de su primera hija.<\/strong>&nbsp;Un a\u00f1o despu\u00e9s llegar\u00eda un var\u00f3n. Los dos fueron alumbrados en el s\u00f3tano, sin medios, sin m\u00e9dicos para atenderles&#8230; s\u00f3lo la madre unas tijeras y unas toallas. Su tercera hija lleg\u00f3 en 1992 con un problema de coraz\u00f3n incompatible con la vida en el s\u00f3tano.<\/p>\n\n\n\n<p>Para poder criarla sin sospechas, la abandon\u00f3 en la puerta de su casa en una cuna y con una nota en la que Elizabeth ped\u00eda que la cuidaran. Como nadie sospech\u00f3, un a\u00f1o despu\u00e9s hizo lo mismo con la cuarta hija y comenz\u00f3 a criarlas al margen de sus dos hermanos encerrados en el zulo.<\/p>\n\n\n\n<p>En 1997 nacieron dos gemelos tambi\u00e9n con problemas de salud.&nbsp;<strong>Uno de ellos muri\u00f3 apenas dos d\u00edas despu\u00e9s del alumbramiento&nbsp;<\/strong>y Fritzl se deshizo de \u00e9l&nbsp;<strong>quem\u00e1ndolo en el horno de la casa<\/strong>. Su hermano, tambi\u00e9n fue llevado a la parte de arriba de la casa junto a sus hermanas.<\/p>\n\n\n\n<p>El s\u00e9ptimo de los hijos naci\u00f3 sano y se qued\u00f3 encerrado en el zulo junto a su madre y sus hermanos mayores que debido al encierro y a su d\u00e9bil sistema inmune eran propicios a ponerse enfermos con facilidad.        <\/p>\n\n\n\n<p>                                                                                                 <\/p>\n\n\n\n<figure class=\"wp-block-embed is-type-rich is-provider-twitter wp-block-embed-twitter\"><div class=\"wp-block-embed__wrapper\">\n<blockquote class=\"twitter-tweet\" data-width=\"500\" data-dnt=\"true\"><p lang=\"es\" dir=\"ltr\">Josef Fritzl visitaba el s\u00f3tano casi a diario, llevando comida, ropa y otros suministros. A veces se quedaba all\u00ed durante horas, violando a su hija o viendo la televisi\u00f3n con sus hijos-nietos. Les ense\u00f1\u00f3 a leer y a escribir, pero no les dej\u00f3 ver la luz del sol ni el exterior. <a href=\"https:\/\/t.co\/KLpHYdEaVv\">pic.twitter.com\/KLpHYdEaVv<\/a><\/p>&mdash; harol con J (@harolConJ) <a href=\"https:\/\/twitter.com\/harolConJ\/status\/1747652783711359309?ref_src=twsrc%5Etfw\">January 17, 2024<\/a><\/blockquote><script async src=\"https:\/\/platform.twitter.com\/widgets.js\" charset=\"utf-8\"><\/script>\n<\/div><\/figure>\n\n\n\n<p>                                          <\/p>\n\n\n\n<p>Despu\u00e9s de 19 a\u00f1os sin ver la luz, la hija mayor tuvo un fallo multiorg\u00e1nico.<strong>&nbsp;Elizabeth convenci\u00f3 a su padre para que la llevara a un hospital y le escondi\u00f3 una nota de auxilio en la ropa<\/strong>. Los m\u00e9dicos le indujeron un coma y dieron la voz de alarma al encontrar la nota oculta en sus pantalones. Ah\u00ed comenz\u00f3 la b\u00fasqueda de Elizabeth, de 42 a\u00f1os, y la noticia salt\u00f3 a todos los telediarios y Elizabeth vio su oportunidad de ser rescatada. Su padre hab\u00eda instalado una televisi\u00f3n en el s\u00f3tano a\u00f1os antes para que su familia fuera conscientes de la realidad del mundo del que estaban alejados.<\/p>\n\n\n\n<p>Elizabeth le pidi\u00f3 a Fritzl que la llevara al m\u00e9dico y accedi\u00f3. No est\u00e1 claro si por el exceso de confianza en su hija, por las ganas de reunificar a su familia en la planta de arriba o simplemente porque pens\u00f3 que no pod\u00eda ocultar m\u00e1s la situaci\u00f3n&#8230; Lo cierto es que&nbsp;<strong>Elizabeth acudi\u00f3 a la polic\u00eda a denunciar su situaci\u00f3n<\/strong>&nbsp;y los agentes acudieron de inmediato a liberar a sus hijos, que pudieron reunirse con sus hermanos que llevaban 15 a\u00f1os viviendo en la planta de arriba y a detener al monstruo de Amstetten.<\/p>\n\n\n\n<p>Un ejemplo del estupor causado por el caso en Austria fue la decisi\u00f3n que se tom\u00f3 en 2013:\u00a0<a href=\"https:\/\/www.larazon.es\/internacional\/sellan-con-cemento-el-sotano-del-monstruo-de-a-KA2741048\/\" target=\"_blank\" rel=\"noreferrer noopener\">rellenar con hormig\u00f3n el \u00abs\u00f3tano de los horrores\u00bb<\/a>.<\/p>\n\n\n\n<p>Fuente: <a href=\"https:\/\/www.larazon.es\/internacional\/psicosis-austria-inminente-liberacion-josef-fritzl-monstruo-amstetten_2024012465b0f7f4d8aa250001d84cc8.html\">https:\/\/www.larazon.es\/internacional\/psicosis-austria-inminente-liberacion-josef-fritzl-monstruo-amstetten_2024012465b0f7f4d8aa250001d84cc8.html<\/a><\/p>\n","protected":false},"excerpt":{"rendered":"<p>Josef Fritzl fue encarcelado en 2009 por secuestrar y abusar sexualmente de su hija durante 24 a\u00f1os PACO RODR\u00cdGUEZ \/ [&hellip;]<\/p>\n","protected":false},"author":1,"featured_media":67042,"comment_status":"open","ping_status":"open","sticky":false,"template":"","format":"standard","meta":{"site-sidebar-layout":"default","site-content-layout":"","ast-site-content-layout":"default","site-content-style":"default","site-sidebar-style":"default","ast-global-header-display":"","ast-banner-title-visibility":"","ast-main-header-display":"","ast-hfb-above-header-display":"","ast-hfb-below-header-display":"","ast-hfb-mobile-header-display":"","site-post-title":"","ast-breadcrumbs-content":"","ast-featured-img":"","footer-sml-layout":"","theme-transparent-header-meta":"","adv-header-id-meta":"","stick-header-meta":"","header-above-stick-meta":"","header-main-stick-meta":"","header-below-stick-meta":"","astra-migrate-meta-layouts":"default","ast-page-background-enabled":"default","ast-page-background-meta":{"desktop":{"background-color":"var(--ast-global-color-4)","background-image":"","background-repeat":"repeat","background-position":"center center","background-size":"auto","background-attachment":"scroll","background-type":"","background-media":"","overlay-type":"","overlay-color":"","overlay-opacity":"","overlay-gradient":""},"tablet":{"background-color":"","background-image":"","background-repeat":"repeat","background-position":"center center","background-size":"auto","background-attachment":"scroll","background-type":"","background-media":"","overlay-type":"","overlay-color":"","overlay-opacity":"","overlay-gradient":""},"mobile":{"background-color":"","background-image":"","background-repeat":"repeat","background-position":"center center","background-size":"auto","background-attachment":"scroll","background-type":"","background-media":"","overlay-type":"","overlay-color":"","overlay-opacity":"","overlay-gradient":""}},"ast-content-background-meta":{"desktop":{"background-color":"var(--ast-global-color-5)","background-image":"","background-repeat":"repeat","background-position":"center center","background-size":"auto","background-attachment":"scroll","background-type":"","background-media":"","overlay-type":"","overlay-color":"","overlay-opacity":"","overlay-gradient":""},"tablet":{"background-color":"var(--ast-global-color-5)","background-image":"","background-repeat":"repeat","background-position":"center center","background-size":"auto","background-attachment":"scroll","background-type":"","background-media":"","overlay-type":"","overlay-color":"","overlay-opacity":"","overlay-gradient":""},"mobile":{"background-color":"var(--ast-global-color-5)","background-image":"","background-repeat":"repeat","background-position":"center center","background-size":"auto","background-attachment":"scroll","background-type":"","background-media":"","overlay-type":"","overlay-color":"","overlay-opacity":"","overlay-gradient":""}},"footnotes":""},"categories":[8],"tags":[21792,21791],"class_list":["post-67041","post","type-post","status-publish","format-standard","has-post-thumbnail","hentry","category-noticias","tag-el-monstruo-de-amstetten","tag-josef-fritzl"],"_links":{"self":[{"href":"https:\/\/losperiodistas.com.mx\/portal\/wp-json\/wp\/v2\/posts\/67041","targetHints":{"allow":["GET"]}}],"collection":[{"href":"https:\/\/losperiodistas.com.mx\/portal\/wp-json\/wp\/v2\/posts"}],"about":[{"href":"https:\/\/losperiodistas.com.mx\/portal\/wp-json\/wp\/v2\/types\/post"}],"author":[{"embeddable":true,"href":"https:\/\/losperiodistas.com.mx\/portal\/wp-json\/wp\/v2\/users\/1"}],"replies":[{"embeddable":true,"href":"https:\/\/losperiodistas.com.mx\/portal\/wp-json\/wp\/v2\/comments?post=67041"}],"version-history":[{"count":1,"href":"https:\/\/losperiodistas.com.mx\/portal\/wp-json\/wp\/v2\/posts\/67041\/revisions"}],"predecessor-version":[{"id":67043,"href":"https:\/\/losperiodistas.com.mx\/portal\/wp-json\/wp\/v2\/posts\/67041\/revisions\/67043"}],"wp:featuredmedia":[{"embeddable":true,"href":"https:\/\/losperiodistas.com.mx\/portal\/wp-json\/wp\/v2\/media\/67042"}],"wp:attachment":[{"href":"https:\/\/losperiodistas.com.mx\/portal\/wp-json\/wp\/v2\/media?parent=67041"}],"wp:term":[{"taxonomy":"category","embeddable":true,"href":"https:\/\/losperiodistas.com.mx\/portal\/wp-json\/wp\/v2\/categories?post=67041"},{"taxonomy":"post_tag","embeddable":true,"href":"https:\/\/losperiodistas.com.mx\/portal\/wp-json\/wp\/v2\/tags?post=67041"}],"curies":[{"name":"wp","href":"https:\/\/api.w.org\/{rel}","templated":true}]}}